{"id":98786,"date":"2013-11-19T18:09:48","date_gmt":"2013-11-19T18:09:48","guid":{"rendered":"http:\/\/diariodominicano.ddns.net\/?p=98786"},"modified":"2013-11-19T18:09:48","modified_gmt":"2013-11-19T18:09:48","slug":"auguran-un-gran-acuerdo-nacional-para-dotar-al-pais-de-un-nuevo-codigo-laboral","status":"publish","type":"post","link":"https:\/\/diariodominicano.com\/?p=98786","title":{"rendered":"Auguran un  gran acuerdo nacional para dotar al pa\u00eds de un nuevo c\u00f3digo laboral"},"content":{"rendered":"<p><body><\/p>\n<p><img decoding=\"async\" src=\"img3\/retrabajo191113.jpg\" \/>  <\/p>\n<\/p>\n<\/p>\n<p><span class=\"text1noticias\">SANTO DOMINGO, DN, RD, La Comisi\u00f3n Especial para la Revisi\u00f3n y Actualizaci\u00f3n  del C\u00f3digo Laboral, designada mediante decreto 286-13, iniciar\u00e1 muy pronto una serie de consultas para revisar, analizar y discutir las sugerencias de todos los sectores involucrados.<\/span><\/p>\n<\/p>\n<p><span class=\"text1noticias\">Una  informaci\u00f3n publicada en el portal de la Presidencia de la Rep\u00fablica indica que en procura de ese objetivo  se invit\u00f3 a organizaciones y personalidades para que hagan los aportes que crean necesarios en este proceso, que pretende beneficiar al pa\u00eds.<\/span><\/p>\n<\/p>\n<p><span class=\"text1noticias\">A partir de ma\u00f1ana mi\u00e9rcoles se estar\u00e1n recibiendo las propuestas de los sectores y personas interesadas en aportar sugerencias a trav\u00e9s de la p\u00e1gina web www.codigodetrabajo.do; proceso que estar\u00e1 abierto hasta el viernes 13 de diciembre.<\/span><\/p>\n<\/p>\n<p><span class=\"text1noticias\">De igual forma, la participaci\u00f3n en la consulta puede realizarse  v\u00eda correo electr\u00f3nico a la direcci\u00f3n reformacodigodetrabajo@gmail.com o a trav\u00e9s del correo postal, enviando la propuesta de modificaci\u00f3n siguiendo el formato pre-establecido al Apartado Postal 436, C\u00f3digo Postal 10101, utilizando los servicios gratuitos del INPOSDOM. En ambos casos, la propuesta debe seguir el formato de plantilla que puede ser descargada de la p\u00e1gina web.<\/span><\/p>\n<\/p>\n<p><span class=\"text1noticias\">Otra v\u00eda de participaci\u00f3n son las consultas regionales que se estar\u00e1n realizando en horario de 5 pm a 8 pm., las cuales tendr\u00e1n lugar el mi\u00e9rcoles 27 de noviembre para el Distrito Nacional y la Provincia de Santo Domingo en la Biblioteca Nacional Pedro Henr\u00edquez Ure\u00f1a de la Plaza de la Cultura,  y en la Universidad Central del Este, en San Pedro de Macor\u00eds, para toda la regi\u00f3n Este.  <\/span><\/p>\n<\/p>\n<p><span class=\"text1noticias\">El viernes 29 de noviembre se  celebrar\u00e1 la consulta en para la regi\u00f3n Sur en Barahona, en la Universidad Cat\u00f3lica Tecnol\u00f3gica de Barahona (UCATEBA), mientras que la consulta de la regi\u00f3n del Cibao ser\u00e1 realizada el lunes 2 de diciembre en la Pontificia Universidad Cat\u00f3lica Madre y Maestra en Santiago.  En ambos casos, el horario ser\u00e1 de 5 pm a 8 pm.<\/span><\/p>\n<\/p>\n<p><span class=\"text1noticias\">Es importante que toda propuesta indique el art\u00edculo del c\u00f3digo que sugiere modificar, la propuesta detallada de modificaci\u00f3n y su respectiva justificaci\u00f3n. Igualmente, se puede sugerir la inclusi\u00f3n de nuevos art\u00edculos. En el caso de que las propuestas sean en nombre de una organizaci\u00f3n, dicho documento debe estar sellado y firmado por su titular.<\/span><\/p>\n<\/p>\n<p><span class=\"text1noticias\">Esta es una oportunidad para que toda la ciudadan\u00eda participe en la revisi\u00f3n  del C\u00f3digo que rige las condiciones laborales para todos los dominicanos. El objetivo es llegar a un gran acuerdo nacional para dotar al pa\u00eds de un nuevo c\u00f3digo laboral, moderno, adecuado a la realidad actual y lo suficientemente de avanzada para adaptarse a los retos futuros, que contribuya a una mejor relaci\u00f3n entre trabajadores y empleadores, as\u00ed como a la generaci\u00f3n de empleos de calidad.<\/span><\/p>\n<\/p>\n<\/p>\n<\/p>\n<h6> 2013-11-19 18:09:48 <\/h6>\n<p><!--\n<link rel=\"stylesheet\" href=\"css\/bootstrap.min.css\">\n\n\n<ul class=\"pagination\">\n\t    \n\t\n\n<li >\n\t<a href='?page_no=14308'>Previous<\/a>\n\t<\/li>\n\n\n       \n    \n\n<li><a href='?page_no=1'>1<\/a><\/li>\n\n\n\n<li><a href='?page_no=2'>2<\/a><\/li>\n\n\n\n<li><a>...<\/a><\/li>\n\n\n\n<li><a href='?page_no=14307'>14307<\/a><\/li>\n\n\n\n<li><a href='?page_no=14308'>14308<\/a><\/li>\n\n\n\n<li class='active'><a>14309<\/a><\/li>\n\n\n\n<li><a href='?page_no=14310'>14310<\/a><\/li>\n\n\n\n<li><a href='?page_no=14311'>14311<\/a><\/li>\n\n\n\n<li><a>...<\/a><\/li>\n\n\n\n<li><a href='?page_no=30472'>30472<\/a><\/li>\n\n\n\n<li><a href='?page_no=30473'>30473<\/a><\/li>\n\n    \n\t\n\n<li >\n\t<a href='?page_no=14310'>Next<\/a>\n\t<\/li>\n\n\n    \n\n<li><a href='?page_no=30473'>Last &rsaquo;&rsaquo;<\/a><\/li>\n\n<\/ul>\n\n\n--><br \/>\n<\/body><\/p>\n","protected":false},"excerpt":{"rendered":"<p>SANTO DOMINGO, DN, RD, La Comisi\u00f3n Especial para la Revisi\u00f3n y Actualizaci\u00f3n del C\u00f3digo Laboral, designada mediante decreto 286-13, iniciar\u00e1 muy pronto una serie de consultas para revisar, analizar y discutir las sugerencias de todos los sectores involucrados. Una informaci\u00f3n publicada en el portal de la Presidencia de la Rep\u00fablica indica que en procura de [&hellip;]<\/p>\n","protected":false},"author":3,"featured_media":0,"comment_status":"open","ping_status":"open","sticky":false,"template":"","format":"standard","meta":{"footnotes":""},"categories":[18],"tags":[],"class_list":["post-98786","post","type-post","status-publish","format-standard","hentry","category-economia"],"_links":{"self":[{"href":"https:\/\/diariodominicano.com\/index.php?rest_route=\/wp\/v2\/posts\/98786","targetHints":{"allow":["GET"]}}],"collection":[{"href":"https:\/\/diariodominicano.com\/index.php?rest_route=\/wp\/v2\/posts"}],"about":[{"href":"https:\/\/diariodominicano.com\/index.php?rest_route=\/wp\/v2\/types\/post"}],"author":[{"embeddable":true,"href":"https:\/\/diariodominicano.com\/index.php?rest_route=\/wp\/v2\/users\/3"}],"replies":[{"embeddable":true,"href":"https:\/\/diariodominicano.com\/index.php?rest_route=%2Fwp%2Fv2%2Fcomments&post=98786"}],"version-history":[{"count":0,"href":"https:\/\/diariodominicano.com\/index.php?rest_route=\/wp\/v2\/posts\/98786\/revisions"}],"wp:attachment":[{"href":"https:\/\/diariodominicano.com\/index.php?rest_route=%2Fwp%2Fv2%2Fmedia&parent=98786"}],"wp:term":[{"taxonomy":"category","embeddable":true,"href":"https:\/\/diariodominicano.com\/index.php?rest_route=%2Fwp%2Fv2%2Fcategories&post=98786"},{"taxonomy":"post_tag","embeddable":true,"href":"https:\/\/diariodominicano.com\/index.php?rest_route=%2Fwp%2Fv2%2Ftags&post=98786"}],"curies":[{"name":"wp","href":"https:\/\/api.w.org\/{rel}","templated":true}]}}