{"id":98784,"date":"2013-11-19T18:51:12","date_gmt":"2013-11-19T18:51:12","guid":{"rendered":"http:\/\/diariodominicano.ddns.net\/?p=98784"},"modified":"2013-11-19T18:51:12","modified_gmt":"2013-11-19T18:51:12","slug":"comerciantes-dicen-anuncio-de-dgii-crea-mucha-preocupacion-en-el-sector","status":"publish","type":"post","link":"https:\/\/diariodominicano.com\/?p=98784","title":{"rendered":"Comerciantes dicen anuncio de DGII crea mucha preocupaci\u00f3n en el sector"},"content":{"rendered":"<p><body><\/p>\n<p><span class=\"text1noticias\">Santo Domingo, RD, 19 de NoviembreEl Consejo Nacional del Comercio en Provisiones (CNCP)  revel\u00f3 este martes que el anuncio de la Direcci\u00f3n General de Impuestos Internos (DGII) sobre la instalaci\u00f3n de las llamadas \u00abimpresoras fiscales\u00bb ha creado mucha preocupaci\u00f3n entre los integrantes de ese sector, ya que los mismos no est\u00e1n preparados para manejar esos equipos.<\/span><\/p>\n<\/p>\n<p><span class=\"text1noticias\">El ingeniero Jorge Jerez, presidente del CNCP, que agrupa a m\u00e1s de 70 entidades de comerciantes de todo el pa\u00eds, dijo que el comercio dominicano es un sector \u00abinformal y muy sensible\u00bb por lo que no est\u00e1 en capacidad de manejar esas m\u00e1quinas recaudadoras a partir de enero del 2014, como advirti\u00f3 el organismo oficial.<\/span><\/p>\n<\/p>\n<p><span class=\"text1noticias\"> \u00abQueremos establecer que nuestra instituci\u00f3n no se opone a la instalaci\u00f3n de las impresoras fiscales ni a ning\u00fan otro mecanismo que tienda a hacer m\u00e1s eficiente nuestro sistema de cobro impositivo que tienda a mejorar las condiciones de vida de la naci\u00f3n dominicana\u00bb.<\/span><\/p>\n<\/p>\n<p><span class=\"text1noticias\">Sin embargo, agreg\u00f3  \u00abpero antes de su establecimiento hay que crear las condiciones necesarias para que las mismas no se conviertan en una carga operacional y econ\u00f3mica para nuestros negocios\u00bb, manifest\u00f3 el presidente del CNCP.<\/span><\/p>\n<\/p>\n<p><span class=\"text1noticias\">Expres\u00f3 que ello conllevar\u00eda, adem\u00e1s, el freno del desarrollo y estabilidad de dichos negocios \u00abque hoy por hoy constituyen una gran fuente de empleos y financiamientos a los sectores m\u00e1s humilde de la sociedad\u00bb.<\/span><\/p>\n<p><span class=\"text1noticias\">Del mismo modo se\u00f1al\u00f3 que es un deber de todo organismo recaudador brindarle las facilidades al contribuyente para que cumpla con sus obligaciones fiscales \u00aby no forzar a un sector duramente golpeado por las cargas impositivas y financieras que existen en la actualidad\u00bb.<\/span><\/p>\n<\/p>\n<p><span class=\"text1noticias\">Jerez exhort\u00f3 a la DGII iniciar un proceso de capacitaci\u00f3n de los comerciantes por regiones  sobre la forma en que operar\u00e1n las impresoras fiscales, proceso en el cual  la instituci\u00f3n que dirige est\u00e1 en la mejor disposici\u00f3n de colaborar.<\/span><\/p>\n<\/p>\n<p><span class=\"text1noticias\">Asimismo indic\u00f3, \u00abDado los problemas econ\u00f3micos que afectan a nuestro sector de provisiones, solicitamos que el costo de instalaci\u00f3n de las impresoras fiscales sea una responsabilidad exclusiva de la DGII\u00bb, manifest\u00f3.<\/span><\/p>\n<\/p>\n<p><span class=\"text1noticias\">Finalmente el ingeniero Jerez dijo que en vista de que el presidente Danilo Medina ha dado muestras de ser un mandatario ecu\u00e1nime y que escucha y se preocupa por los problemas que afectan a todos los segmentos de la poblaci\u00f3n, le exhort\u00f3 a que \u00abno se olvide de nuestro sector\u00bb.(HG)<\/span>.<\/p>\n<\/p>\n<h6> 2013-11-19 18:51:12 <\/h6>\n<p><!--\n<link rel=\"stylesheet\" href=\"css\/bootstrap.min.css\">\n\n\n<ul class=\"pagination\">\n\t    \n\t\n\n<li >\n\t<a href='?page_no=14306'>Previous<\/a>\n\t<\/li>\n\n\n       \n    \n\n<li><a href='?page_no=1'>1<\/a><\/li>\n\n\n\n<li><a href='?page_no=2'>2<\/a><\/li>\n\n\n\n<li><a>...<\/a><\/li>\n\n\n\n<li><a href='?page_no=14305'>14305<\/a><\/li>\n\n\n\n<li><a href='?page_no=14306'>14306<\/a><\/li>\n\n\n\n<li class='active'><a>14307<\/a><\/li>\n\n\n\n<li><a href='?page_no=14308'>14308<\/a><\/li>\n\n\n\n<li><a href='?page_no=14309'>14309<\/a><\/li>\n\n\n\n<li><a>...<\/a><\/li>\n\n\n\n<li><a href='?page_no=30472'>30472<\/a><\/li>\n\n\n\n<li><a href='?page_no=30473'>30473<\/a><\/li>\n\n    \n\t\n\n<li >\n\t<a href='?page_no=14308'>Next<\/a>\n\t<\/li>\n\n\n    \n\n<li><a href='?page_no=30473'>Last &rsaquo;&rsaquo;<\/a><\/li>\n\n<\/ul>\n\n\n--><br \/>\n<\/body><\/p>\n","protected":false},"excerpt":{"rendered":"<p>Santo Domingo, RD, 19 de NoviembreEl Consejo Nacional del Comercio en Provisiones (CNCP) revel\u00f3 este martes que el anuncio de la Direcci\u00f3n General de Impuestos Internos (DGII) sobre la instalaci\u00f3n de las llamadas \u00abimpresoras fiscales\u00bb ha creado mucha preocupaci\u00f3n entre los integrantes de ese sector, ya que los mismos no est\u00e1n preparados para manejar esos [&hellip;]<\/p>\n","protected":false},"author":3,"featured_media":0,"comment_status":"open","ping_status":"open","sticky":false,"template":"","format":"standard","meta":{"footnotes":""},"categories":[18],"tags":[],"class_list":["post-98784","post","type-post","status-publish","format-standard","hentry","category-economia"],"_links":{"self":[{"href":"https:\/\/diariodominicano.com\/index.php?rest_route=\/wp\/v2\/posts\/98784","targetHints":{"allow":["GET"]}}],"collection":[{"href":"https:\/\/diariodominicano.com\/index.php?rest_route=\/wp\/v2\/posts"}],"about":[{"href":"https:\/\/diariodominicano.com\/index.php?rest_route=\/wp\/v2\/types\/post"}],"author":[{"embeddable":true,"href":"https:\/\/diariodominicano.com\/index.php?rest_route=\/wp\/v2\/users\/3"}],"replies":[{"embeddable":true,"href":"https:\/\/diariodominicano.com\/index.php?rest_route=%2Fwp%2Fv2%2Fcomments&post=98784"}],"version-history":[{"count":0,"href":"https:\/\/diariodominicano.com\/index.php?rest_route=\/wp\/v2\/posts\/98784\/revisions"}],"wp:attachment":[{"href":"https:\/\/diariodominicano.com\/index.php?rest_route=%2Fwp%2Fv2%2Fmedia&parent=98784"}],"wp:term":[{"taxonomy":"category","embeddable":true,"href":"https:\/\/diariodominicano.com\/index.php?rest_route=%2Fwp%2Fv2%2Fcategories&post=98784"},{"taxonomy":"post_tag","embeddable":true,"href":"https:\/\/diariodominicano.com\/index.php?rest_route=%2Fwp%2Fv2%2Ftags&post=98784"}],"curies":[{"name":"wp","href":"https:\/\/api.w.org\/{rel}","templated":true}]}}