{"id":98782,"date":"2013-11-19T20:16:30","date_gmt":"2013-11-19T20:16:30","guid":{"rendered":"http:\/\/diariodominicano.ddns.net\/?p=98782"},"modified":"2013-11-19T20:16:30","modified_gmt":"2013-11-19T20:16:30","slug":"navieros-destacan-papel-de-aduanas-en-el-fortalecimiento-de-la-facilitacion-comercial","status":"publish","type":"post","link":"https:\/\/diariodominicano.com\/?p=98782","title":{"rendered":"Navieros destacan papel de aduanas en el fortalecimiento de la facilitaci\u00f3n comercial"},"content":{"rendered":"<p><body><\/p>\n<p><img decoding=\"async\" src=\"img3\/navieros.jpg\" \/>  <\/p>\n<p><span class=\"text1noticias\">Santo Domingo, RD, 19 de Noviembre.-La Asociaci\u00f3n de Navieros de la Rep\u00fablica Dominicana (ANRD) puso de relieve que por su condici\u00f3n geogr\u00e1fica la Rep\u00fablica Dominicana tiene una oportunidad excelente para beneficiarse de manera significativa del intenso comercio mundial actual, y resalt\u00f3 en ese orden,  el papel protag\u00f3nico que desempe\u00f1an las aduanas en el fortalecimiento de la facilitaci\u00f3n comercial.<\/span><\/p>\n<\/p>\n<p><span class=\"text1noticias\">Teddy Heisen, presidente de la ANRD, dijo que por ese motivo resulta conveniente que la industria mar\u00edtima\/ portuaria unifique esfuerzos y objetivos comunes con las aduanas, en procura de privilegiar operaciones \u00e1giles y eficientes de los servicios portuarios.<\/span><\/p>\n<p><span class=\"text1noticias\"> <\/span><\/p>\n<p><span class=\"text1noticias\">El dirigente empresarial expres\u00f3 dichas consideraciones a ra\u00edz de anunciar el almuerzo conferencia que llevar\u00e1 a cabo la ANRD con el ingeniero Fernando Fern\u00e1ndez, director general de Aduanas, el martes 26 de los corrientes, en el hotel Magna 365. Fern\u00e1ndez en su condici\u00f3n de orador invitado y hu\u00e9sped de honor dictar\u00e1 la conferencia \u00abConstruyendo la Aduana del Futuro\u00bb.<\/span><\/p>\n<p><span class=\"text1noticias\"> <\/span><\/p>\n<p><span class=\"text1noticias\">\u00abLos puertos no pueden actuar como entidades separadas del ambiente competitivo donde operan, de ah\u00ed la relevancia de trabajar unidos y en la medida de las posibilidades concertar siempre las acciones y medidas que sean pertinentes para seguir fortaleciendo la  modernizaci\u00f3n del pa\u00eds y el entorno portuario competitivo\u00bb, apunt\u00f3 finalmente Heinsen.(HG)<\/span>.<\/p>\n<h6> 2013-11-19 20:16:30 <\/h6>\n<p><!--\n<link rel=\"stylesheet\" href=\"css\/bootstrap.min.css\">\n\n\n<ul class=\"pagination\">\n\t    \n\t\n\n<li >\n\t<a href='?page_no=14304'>Previous<\/a>\n\t<\/li>\n\n\n       \n    \n\n<li><a href='?page_no=1'>1<\/a><\/li>\n\n\n\n<li><a href='?page_no=2'>2<\/a><\/li>\n\n\n\n<li><a>...<\/a><\/li>\n\n\n\n<li><a href='?page_no=14303'>14303<\/a><\/li>\n\n\n\n<li><a href='?page_no=14304'>14304<\/a><\/li>\n\n\n\n<li class='active'><a>14305<\/a><\/li>\n\n\n\n<li><a href='?page_no=14306'>14306<\/a><\/li>\n\n\n\n<li><a href='?page_no=14307'>14307<\/a><\/li>\n\n\n\n<li><a>...<\/a><\/li>\n\n\n\n<li><a href='?page_no=30472'>30472<\/a><\/li>\n\n\n\n<li><a href='?page_no=30473'>30473<\/a><\/li>\n\n    \n\t\n\n<li >\n\t<a href='?page_no=14306'>Next<\/a>\n\t<\/li>\n\n\n    \n\n<li><a href='?page_no=30473'>Last &rsaquo;&rsaquo;<\/a><\/li>\n\n<\/ul>\n\n\n--><br \/>\n<\/body><\/p>\n","protected":false},"excerpt":{"rendered":"<p>Santo Domingo, RD, 19 de Noviembre.-La Asociaci\u00f3n de Navieros de la Rep\u00fablica Dominicana (ANRD) puso de relieve que por su condici\u00f3n geogr\u00e1fica la Rep\u00fablica Dominicana tiene una oportunidad excelente para beneficiarse de manera significativa del intenso comercio mundial actual, y resalt\u00f3 en ese orden, el papel protag\u00f3nico que desempe\u00f1an las aduanas en el fortalecimiento de [&hellip;]<\/p>\n","protected":false},"author":3,"featured_media":0,"comment_status":"open","ping_status":"open","sticky":false,"template":"","format":"standard","meta":{"footnotes":""},"categories":[18],"tags":[],"class_list":["post-98782","post","type-post","status-publish","format-standard","hentry","category-economia"],"_links":{"self":[{"href":"https:\/\/diariodominicano.com\/index.php?rest_route=\/wp\/v2\/posts\/98782","targetHints":{"allow":["GET"]}}],"collection":[{"href":"https:\/\/diariodominicano.com\/index.php?rest_route=\/wp\/v2\/posts"}],"about":[{"href":"https:\/\/diariodominicano.com\/index.php?rest_route=\/wp\/v2\/types\/post"}],"author":[{"embeddable":true,"href":"https:\/\/diariodominicano.com\/index.php?rest_route=\/wp\/v2\/users\/3"}],"replies":[{"embeddable":true,"href":"https:\/\/diariodominicano.com\/index.php?rest_route=%2Fwp%2Fv2%2Fcomments&post=98782"}],"version-history":[{"count":0,"href":"https:\/\/diariodominicano.com\/index.php?rest_route=\/wp\/v2\/posts\/98782\/revisions"}],"wp:attachment":[{"href":"https:\/\/diariodominicano.com\/index.php?rest_route=%2Fwp%2Fv2%2Fmedia&parent=98782"}],"wp:term":[{"taxonomy":"category","embeddable":true,"href":"https:\/\/diariodominicano.com\/index.php?rest_route=%2Fwp%2Fv2%2Fcategories&post=98782"},{"taxonomy":"post_tag","embeddable":true,"href":"https:\/\/diariodominicano.com\/index.php?rest_route=%2Fwp%2Fv2%2Ftags&post=98782"}],"curies":[{"name":"wp","href":"https:\/\/api.w.org\/{rel}","templated":true}]}}