{"id":98781,"date":"2013-11-19T21:18:27","date_gmt":"2013-11-19T21:18:27","guid":{"rendered":"http:\/\/diariodominicano.ddns.net\/?p=98781"},"modified":"2013-11-19T21:18:27","modified_gmt":"2013-11-19T21:18:27","slug":"afirma-el-comercio-representa-oportunidades-unicas-de-generacion-de-riquezas","status":"publish","type":"post","link":"https:\/\/diariodominicano.com\/?p=98781","title":{"rendered":"&#13;Afirma el  comercio representa oportunidades \u00fanicas de generaci\u00f3n de riquezas"},"content":{"rendered":"<p><body><\/p>\n<p><img decoding=\"async\" src=\"img3\/dargam.jpg\" \/>  <\/p>\n<p><span class=\"text1noticias\">Santo Domingo, RD, 19 de Noviembre.-El Viceministro de Relaciones Exteriores para Asuntos Econ\u00f3micos y Negociaciones Comerciales destac\u00f3 la apertura comercial que ha mantenido la Rep\u00fablica Dominicana en los \u00faltimos a\u00f1os, al nivel de  sostener en la actualidad acuerdos de libre comercio con 49 pa\u00edses, que representan el 90 por ciento de las exportaciones y el 60 por ciento de las importaciones.<\/span><\/p>\n<\/p>\n<p><span class=\"text1noticias\">C\u00e9sar Dargam Espaillat expres\u00f3 que \u00abcada vez m\u00e1s el comercio representa oportunidades \u00fanicas de generaci\u00f3n de riquezas, y esto implica nuevas complejidades que demandan un sector privado m\u00e1s sofisticado en materia comercial, as\u00ed como un sector p\u00fablico consciente de las nuevas reglas de juego y sobre todo de profesionales capacitados y consientes del reto que tienen por delante\u00bb.<\/span><\/p>\n<\/p>\n<p><span class=\"text1noticias\">\u00abEse mundo del que les hablo, es un mundo interdependiente en el cual las decisiones que impactan en el d\u00eda a d\u00eda de nuestras vidas ya no la toman s\u00f3lo los Estados,  sino tambi\u00e9n son tomadas en las salas de los consejos directores de las grandes corporaciones del mundo\u00bb, precis\u00f3 el vice-canciller.<\/span><\/p>\n<\/p>\n<p><span class=\"text1noticias\">Dargam Espaillat fue el orador invitado en la cent\u00e9sima cuadrag\u00e9sima primera graduaci\u00f3n ordinaria de la Universidad Nacional Pedro Henr\u00edquez Ure\u00f1a (UNPHU), celebrada este martes 19 de noviembre, en su campus principal de la avenida John F. Kennedy.<\/span><\/p>\n<\/p>\n<p><span class=\"text1noticias\">El viceministro de relaciones exteriores exhort\u00f3 a los graduandos a  devolverle algo a la sociedad, \u00abinvol\u00facrense, organ\u00edcense y ayuden a los que menos tienen.\u00bb<\/span><\/p>\n<\/p>\n<p><span class=\"text1noticias\">Pidi\u00f3 a los nuevos profesionales a ser autocr\u00edticos, humildes y que cada vez que incurran en un error reajusten la estrategia para lograr sus objetivos.<\/span><\/p>\n<\/p>\n<p><span class=\"text1noticias\">Por \u00faltimo, manifest\u00f3 que \u00abtodo eso representa oportunidades \u00fanicas para ustedes. Sin importar lo que hayan decidido estudiar o ser en la vida, les puedo asegurar con absoluta certeza que lo que pase fuera de Rep\u00fablica Dominicana impactar\u00e1 aqu\u00ed dentro -ya sea para bien o para mal-y que lo que \u00fanico que podemos hacer es estar preparados\u00bb.(HG)<\/span>.<\/p>\n<h6> 2013-11-19 21:18:27 <\/h6>\n<p><!--\n<link rel=\"stylesheet\" href=\"css\/bootstrap.min.css\">\n\n\n<ul class=\"pagination\">\n\t    \n\t\n\n<li >\n\t<a href='?page_no=14303'>Previous<\/a>\n\t<\/li>\n\n\n       \n    \n\n<li><a href='?page_no=1'>1<\/a><\/li>\n\n\n\n<li><a href='?page_no=2'>2<\/a><\/li>\n\n\n\n<li><a>...<\/a><\/li>\n\n\n\n<li><a href='?page_no=14302'>14302<\/a><\/li>\n\n\n\n<li><a href='?page_no=14303'>14303<\/a><\/li>\n\n\n\n<li class='active'><a>14304<\/a><\/li>\n\n\n\n<li><a href='?page_no=14305'>14305<\/a><\/li>\n\n\n\n<li><a href='?page_no=14306'>14306<\/a><\/li>\n\n\n\n<li><a>...<\/a><\/li>\n\n\n\n<li><a href='?page_no=30472'>30472<\/a><\/li>\n\n\n\n<li><a href='?page_no=30473'>30473<\/a><\/li>\n\n    \n\t\n\n<li >\n\t<a href='?page_no=14305'>Next<\/a>\n\t<\/li>\n\n\n    \n\n<li><a href='?page_no=30473'>Last &rsaquo;&rsaquo;<\/a><\/li>\n\n<\/ul>\n\n\n--><br \/>\n<\/body><\/p>\n","protected":false},"excerpt":{"rendered":"<p>Santo Domingo, RD, 19 de Noviembre.-El Viceministro de Relaciones Exteriores para Asuntos Econ\u00f3micos y Negociaciones Comerciales destac\u00f3 la apertura comercial que ha mantenido la Rep\u00fablica Dominicana en los \u00faltimos a\u00f1os, al nivel de sostener en la actualidad acuerdos de libre comercio con 49 pa\u00edses, que representan el 90 por ciento de las exportaciones y el [&hellip;]<\/p>\n","protected":false},"author":3,"featured_media":0,"comment_status":"open","ping_status":"open","sticky":false,"template":"","format":"standard","meta":{"footnotes":""},"categories":[18],"tags":[],"class_list":["post-98781","post","type-post","status-publish","format-standard","hentry","category-economia"],"_links":{"self":[{"href":"https:\/\/diariodominicano.com\/index.php?rest_route=\/wp\/v2\/posts\/98781","targetHints":{"allow":["GET"]}}],"collection":[{"href":"https:\/\/diariodominicano.com\/index.php?rest_route=\/wp\/v2\/posts"}],"about":[{"href":"https:\/\/diariodominicano.com\/index.php?rest_route=\/wp\/v2\/types\/post"}],"author":[{"embeddable":true,"href":"https:\/\/diariodominicano.com\/index.php?rest_route=\/wp\/v2\/users\/3"}],"replies":[{"embeddable":true,"href":"https:\/\/diariodominicano.com\/index.php?rest_route=%2Fwp%2Fv2%2Fcomments&post=98781"}],"version-history":[{"count":0,"href":"https:\/\/diariodominicano.com\/index.php?rest_route=\/wp\/v2\/posts\/98781\/revisions"}],"wp:attachment":[{"href":"https:\/\/diariodominicano.com\/index.php?rest_route=%2Fwp%2Fv2%2Fmedia&parent=98781"}],"wp:term":[{"taxonomy":"category","embeddable":true,"href":"https:\/\/diariodominicano.com\/index.php?rest_route=%2Fwp%2Fv2%2Fcategories&post=98781"},{"taxonomy":"post_tag","embeddable":true,"href":"https:\/\/diariodominicano.com\/index.php?rest_route=%2Fwp%2Fv2%2Ftags&post=98781"}],"curies":[{"name":"wp","href":"https:\/\/api.w.org\/{rel}","templated":true}]}}