{"id":98780,"date":"2013-11-20T18:40:17","date_gmt":"2013-11-20T18:40:17","guid":{"rendered":"http:\/\/diariodominicano.ddns.net\/?p=98780"},"modified":"2013-11-20T18:40:17","modified_gmt":"2013-11-20T18:40:17","slug":"aprueban-estrategia-regional-para-fortalecer-industria-bananera","status":"publish","type":"post","link":"https:\/\/diariodominicano.com\/?p=98780","title":{"rendered":"Aprueban estrategia regional para fortalecer industria bananera"},"content":{"rendered":"<p><body><\/p>\n<p><img decoding=\"async\" src=\"img3\/banano00.jpg\" \/>  <\/p>\n<\/p>\n<p><span class=\"text1noticias\">SANTO DOMINGO, DN, RD, 20 de Noviembre.- Representantes del sector bananero de Rep\u00fablica Dominicana y los pa\u00edses del Caribe que se benefician del programa Medidas de Acompa\u00f1amiento del Banano (BAM), que auspicia la Uni\u00f3n Europea (UE), definieron una estrategia com\u00fan para mejorar la competitividad de ese sector productivo.<\/span><\/p>\n<\/p>\n<p><span class=\"text1noticias\">Tras concluir el seminario regional  los delegados llegaron a un consenso sobre la aplicaci\u00f3n de medidas para fortalecer la producci\u00f3n y productividad del cultivo.<\/span><\/p>\n<\/p>\n<p><span class=\"text1noticias\">El  ministro de Agricultura, Luis Ram\u00f3n Rodr\u00edguez, agradeci\u00f3 al Jefe de la Delegaci\u00f3n de la Uni\u00f3n Europea, Sr. Alberto Navarro, el apoyo para que los productores de banano de los pa\u00edses del Caribe mejoren sus condiciones de vida.<\/span><\/p>\n<\/p>\n<p><span class=\"text1noticias\">Explic\u00f3 que el BAM es un programa de apoyo al cultivo del banano financiado por la UE  con una inversi\u00f3n de m\u00e1s de 800 millones de pesos, y el co-financiamiento de 112 millones de pesos por parte de los productores.<\/span><\/p>\n<\/p>\n<p><span class=\"text1noticias\">Destac\u00f3 el gran dinamismo   que ha tenido Rep\u00fablica Dominicana en la producci\u00f3n  de banano, que ha aumentado r\u00e1pidamente sus exportaciones y se espera alcanzar que alcancen las 330 mil toneladas al final de este a\u00f1o.<\/span><\/p>\n<\/p>\n<p><span class=\"text1noticias\">El BAM  consta de varios componentes, incluyendo la alfabetizaci\u00f3n  para los trabajadores dominicanos y haitianos; apoyo a la regularizaci\u00f3n de trabajadores migrantes, as\u00ed como la capacitaci\u00f3n y sensibilizaci\u00f3n de productores y trabajadores para   cumplir  con la regulaci\u00f3n laboral y las certificaciones de mercados.<\/span><\/p>\n<\/p>\n<p><span class=\"text1noticias\">En el seminario participaron representantes de Rep\u00fablica Dominicana, Jamaica, Belize,  Dominica, Santa Luc\u00eda, San Vicente y Las Granadinas y Suriname, y cont\u00f3 con especialistas nacionales e internacionales que trataron todos los temas de inter\u00e9s para el relanzamiento de la industria bananera.<\/span><\/p>\n<\/p>\n<p><span class=\"text1noticias\">El ministro Rodr\u00edguez atribuy\u00f3 el dinamismo del sector bananero dominicano al acceso preferencial y libre de aranceles de la fruta al mercado europeo  y de los otros pa\u00edses que firmaron el acuerdo Lom\u00e9  IV con la Uni\u00f3n Europea.<\/span><\/p>\n<\/p>\n<p><span class=\"text1noticias\">Adem\u00e1s del Rodr\u00edguez y del Sr. Navarro, en el seminario participaron el director del Departamento de  Sanidad Vegetal de Agricultura, Emigdio G\u00f3mez; los especialistas en materia bananera Luis Minier y Juan Clases, as\u00ed como directivos de la Asociaci\u00f3n Dominicana de Banano (Adobanano), productores y exportadores de la fruta.<\/span><\/p>\n<\/p>\n<p><strong><span class=\"text1noticias\">Din\u00e1mica econ\u00f3mica <\/span><\/strong><\/p>\n<\/p>\n<p><span class=\"text1noticias\"> <\/span><\/p>\n<p><span class=\"text1noticias\">Al  referirse al componte sobre la regulaci\u00f3n laboral del Programa  de Medidas de Acompa\u00f1amiento del Banano, Rodr\u00edguez  explic\u00f3 que  la producci\u00f3n de   banano  genera m\u00e1s de 51 mil empleos  directos, de los cuales el 66.3 por ciento son ocupados por nacionales haitianos. <\/span><\/p>\n<\/p>\n<p><span class=\"text1noticias\">Explic\u00f3 que la inversi\u00f3n a ser realizada en ese componente tiene  mucho  que ver  con la poblaci\u00f3n de migrantes del vecino pa\u00eds que trabajan en las plantaciones  bananeras.<\/span><\/p>\n<\/p>\n<p><span class=\"text1noticias\">Dijo que Rep\u00fablica Dominicana valora la elevada contribuci\u00f3n   que hacen  los trabajadores haitianos en todos los sectores de la econom\u00eda nacional.<\/span><\/p>\n<\/p>\n<\/p>\n<\/p>\n<h6> 2013-11-20 18:40:17 <\/h6>\n<p><!--\n<link rel=\"stylesheet\" href=\"css\/bootstrap.min.css\">\n\n\n<ul class=\"pagination\">\n\t    \n\t\n\n<li >\n\t<a href='?page_no=14302'>Previous<\/a>\n\t<\/li>\n\n\n       \n    \n\n<li><a href='?page_no=1'>1<\/a><\/li>\n\n\n\n<li><a href='?page_no=2'>2<\/a><\/li>\n\n\n\n<li><a>...<\/a><\/li>\n\n\n\n<li><a href='?page_no=14301'>14301<\/a><\/li>\n\n\n\n<li><a href='?page_no=14302'>14302<\/a><\/li>\n\n\n\n<li class='active'><a>14303<\/a><\/li>\n\n\n\n<li><a href='?page_no=14304'>14304<\/a><\/li>\n\n\n\n<li><a href='?page_no=14305'>14305<\/a><\/li>\n\n\n\n<li><a>...<\/a><\/li>\n\n\n\n<li><a href='?page_no=30472'>30472<\/a><\/li>\n\n\n\n<li><a href='?page_no=30473'>30473<\/a><\/li>\n\n    \n\t\n\n<li >\n\t<a href='?page_no=14304'>Next<\/a>\n\t<\/li>\n\n\n    \n\n<li><a href='?page_no=30473'>Last &rsaquo;&rsaquo;<\/a><\/li>\n\n<\/ul>\n\n\n--><br \/>\n<\/body><\/p>\n","protected":false},"excerpt":{"rendered":"<p>SANTO DOMINGO, DN, RD, 20 de Noviembre.- Representantes del sector bananero de Rep\u00fablica Dominicana y los pa\u00edses del Caribe que se benefician del programa Medidas de Acompa\u00f1amiento del Banano (BAM), que auspicia la Uni\u00f3n Europea (UE), definieron una estrategia com\u00fan para mejorar la competitividad de ese sector productivo. Tras concluir el seminario regional los delegados [&hellip;]<\/p>\n","protected":false},"author":3,"featured_media":0,"comment_status":"open","ping_status":"open","sticky":false,"template":"","format":"standard","meta":{"footnotes":""},"categories":[18],"tags":[],"class_list":["post-98780","post","type-post","status-publish","format-standard","hentry","category-economia"],"_links":{"self":[{"href":"https:\/\/diariodominicano.com\/index.php?rest_route=\/wp\/v2\/posts\/98780","targetHints":{"allow":["GET"]}}],"collection":[{"href":"https:\/\/diariodominicano.com\/index.php?rest_route=\/wp\/v2\/posts"}],"about":[{"href":"https:\/\/diariodominicano.com\/index.php?rest_route=\/wp\/v2\/types\/post"}],"author":[{"embeddable":true,"href":"https:\/\/diariodominicano.com\/index.php?rest_route=\/wp\/v2\/users\/3"}],"replies":[{"embeddable":true,"href":"https:\/\/diariodominicano.com\/index.php?rest_route=%2Fwp%2Fv2%2Fcomments&post=98780"}],"version-history":[{"count":0,"href":"https:\/\/diariodominicano.com\/index.php?rest_route=\/wp\/v2\/posts\/98780\/revisions"}],"wp:attachment":[{"href":"https:\/\/diariodominicano.com\/index.php?rest_route=%2Fwp%2Fv2%2Fmedia&parent=98780"}],"wp:term":[{"taxonomy":"category","embeddable":true,"href":"https:\/\/diariodominicano.com\/index.php?rest_route=%2Fwp%2Fv2%2Fcategories&post=98780"},{"taxonomy":"post_tag","embeddable":true,"href":"https:\/\/diariodominicano.com\/index.php?rest_route=%2Fwp%2Fv2%2Ftags&post=98780"}],"curies":[{"name":"wp","href":"https:\/\/api.w.org\/{rel}","templated":true}]}}