{"id":98778,"date":"2013-11-20T19:10:56","date_gmt":"2013-11-20T19:10:56","guid":{"rendered":"http:\/\/diariodominicano.ddns.net\/?p=98778"},"modified":"2013-11-20T19:10:56","modified_gmt":"2013-11-20T19:10:56","slug":"no-regulados-piden-avanzar-en-el-pacto-electrico","status":"publish","type":"post","link":"https:\/\/diariodominicano.com\/?p=98778","title":{"rendered":"No regulados piden  avanzar en el pacto  el\u00e9ctrico"},"content":{"rendered":"<p><body><\/p>\n<p><img decoding=\"async\" src=\"img3\/pacto.jpg\" \/>  <\/p>\n<p><span class=\"text1noticias\">Santo Domingo, RD, 20 de Noviembre.-Para fortalecer el mercado el\u00e9ctrico no regulado se hace necesario avanzar en el pacto del sector el\u00e9ctrico, una mayor oferta de las generadoras, as\u00ed como que los usuarios no regulados tengan un asiento en el organismo coordinador del sector, expres\u00f3 Carlos Valiente, presidente de la Asociaci\u00f3n Nacional de Usuarios no Regulados (ANUNR).<\/span><\/p>\n<p><span class=\"text1noticias\">                                                   <\/span><\/p>\n<p><span class=\"text1noticias\">Al rendir cuenta de su gesti\u00f3n, explic\u00f3 que 161 empresas cuentan con la autorizaci\u00f3n para el ejercicio de la condici\u00f3n de Usuarios no Regulados y que estas representan entre el 12 y 15% del consumo de energ\u00eda y cerca del 25% de la energ\u00eda cobrada. \u00abSuperamos los 200 megas de consumo el\u00e9ctrico, lo que nos convierte en actores importantes en el mercado el\u00e9ctrico dominicano\u00bb, indic\u00f3 Valiente.<\/span><\/p>\n<p><span class=\"text1noticias\"> <\/span><\/p>\n<p><span class=\"text1noticias\"> El dirigente empresarial hizo estas declaraciones al ser juramentado para un nuevo per\u00edodo de dos a\u00f1os (2013-2015) en el cual le acompa\u00f1ar\u00e1n Luis Manuel Pellerano, William Keesee, Jos\u00e9 Tom\u00e1s Contreras, Joel Santos, Bernardo Esp\u00ednola, Ricardo Bonetti, Flavio Rodr\u00edguez, Mauricio Hach\u00e9, Kai Schoenhals, Juan Rosson, Celso Juan Marranzini, Aquiles Bem\u00fadez, Polibio Schiffino, Dana Cabral, Jos\u00e9 Manuel Torres y Circe Alm\u00e1nzar, adem\u00e1s del pasado presidente Miguel \u00c1ngel Mu\u00f1iz.<\/span><\/p>\n<p><span class=\"text1noticias\"> <\/span><\/p>\n<p><span class=\"text1noticias\"> Valiente se\u00f1al\u00f3 que \u00abactualmente entre los problemas que se arrastran se encuentran: el elevado nivel de p\u00e9rdidas en el segmento de distribuci\u00f3n; precios de compra superiores a promedios de la regi\u00f3n; contratos de muy largo plazo; excesiva dependencia de combustibles derivados del petr\u00f3leo; excesiva dependencia de subsidios otorgados por el Estado para subsistencia del sector, y la existencia de una cultura renuente al pago del servicio de energ\u00eda en amplios sectores de la poblaci\u00f3n, entre otros\u00bb.<\/span><\/p>\n<p><span class=\"text1noticias\"> <\/span><\/p>\n<p><span class=\"text1noticias\"> Expres\u00f3 que la Asociaci\u00f3n de Usuarios no Regulados apoya y est\u00e1 a la expectativa, dada todas estas dificultades para ser eficientes, del Pacto El\u00e9ctrico en base a lo establecido en la Estrategia Nacional de Desarrollo.<\/span><\/p>\n<p><span class=\"text1noticias\"> <\/span><\/p>\n<p><span class=\"text1noticias\"> \u00abEl tema el\u00e9ctrico es uno de los pilares clave del desarrollo del pa\u00eds. La ANUNR seguir\u00e1 tendiendo puentes como lo hemos hecho en estos dos \u00faltimos a\u00f1os. Es necesario seguir fortaleciendo la confianza, punto b\u00e1sico para los inversionistas y financiadores del sector\u00bb, indic\u00f3.<\/span><\/p>\n<p><span class=\"text1noticias\"> <\/span><\/p>\n<p><span class=\"text1noticias\"> Al hablar de los pr\u00f3ximos pasos y proyectos, Valiente indic\u00f3 que buscar\u00e1n incentivar la incorporaci\u00f3n de nuevas empresas como usuarios no regulados, mantener la defensa de la competitividad, modificar los contratos de distribuci\u00f3n de gas natural, renovar los contratos de generadoras con varios de los usuarios no regulados y continuar apoyando y aportando para la soluci\u00f3n definitiva del sistema el\u00e9ctrico nacional.(HG)<\/span>.<\/p>\n<h6> 2013-11-20 19:10:56 <\/h6>\n<p><!--\n<link rel=\"stylesheet\" href=\"css\/bootstrap.min.css\">\n\n\n<ul class=\"pagination\">\n\t    \n\t\n\n<li >\n\t<a href='?page_no=14300'>Previous<\/a>\n\t<\/li>\n\n\n       \n    \n\n<li><a href='?page_no=1'>1<\/a><\/li>\n\n\n\n<li><a href='?page_no=2'>2<\/a><\/li>\n\n\n\n<li><a>...<\/a><\/li>\n\n\n\n<li><a href='?page_no=14299'>14299<\/a><\/li>\n\n\n\n<li><a href='?page_no=14300'>14300<\/a><\/li>\n\n\n\n<li class='active'><a>14301<\/a><\/li>\n\n\n\n<li><a href='?page_no=14302'>14302<\/a><\/li>\n\n\n\n<li><a href='?page_no=14303'>14303<\/a><\/li>\n\n\n\n<li><a>...<\/a><\/li>\n\n\n\n<li><a href='?page_no=30472'>30472<\/a><\/li>\n\n\n\n<li><a href='?page_no=30473'>30473<\/a><\/li>\n\n    \n\t\n\n<li >\n\t<a href='?page_no=14302'>Next<\/a>\n\t<\/li>\n\n\n    \n\n<li><a href='?page_no=30473'>Last &rsaquo;&rsaquo;<\/a><\/li>\n\n<\/ul>\n\n\n--><br \/>\n<\/body><\/p>\n","protected":false},"excerpt":{"rendered":"<p>Santo Domingo, RD, 20 de Noviembre.-Para fortalecer el mercado el\u00e9ctrico no regulado se hace necesario avanzar en el pacto del sector el\u00e9ctrico, una mayor oferta de las generadoras, as\u00ed como que los usuarios no regulados tengan un asiento en el organismo coordinador del sector, expres\u00f3 Carlos Valiente, presidente de la Asociaci\u00f3n Nacional de Usuarios no [&hellip;]<\/p>\n","protected":false},"author":3,"featured_media":0,"comment_status":"open","ping_status":"open","sticky":false,"template":"","format":"standard","meta":{"footnotes":""},"categories":[18],"tags":[],"class_list":["post-98778","post","type-post","status-publish","format-standard","hentry","category-economia"],"_links":{"self":[{"href":"https:\/\/diariodominicano.com\/index.php?rest_route=\/wp\/v2\/posts\/98778","targetHints":{"allow":["GET"]}}],"collection":[{"href":"https:\/\/diariodominicano.com\/index.php?rest_route=\/wp\/v2\/posts"}],"about":[{"href":"https:\/\/diariodominicano.com\/index.php?rest_route=\/wp\/v2\/types\/post"}],"author":[{"embeddable":true,"href":"https:\/\/diariodominicano.com\/index.php?rest_route=\/wp\/v2\/users\/3"}],"replies":[{"embeddable":true,"href":"https:\/\/diariodominicano.com\/index.php?rest_route=%2Fwp%2Fv2%2Fcomments&post=98778"}],"version-history":[{"count":0,"href":"https:\/\/diariodominicano.com\/index.php?rest_route=\/wp\/v2\/posts\/98778\/revisions"}],"wp:attachment":[{"href":"https:\/\/diariodominicano.com\/index.php?rest_route=%2Fwp%2Fv2%2Fmedia&parent=98778"}],"wp:term":[{"taxonomy":"category","embeddable":true,"href":"https:\/\/diariodominicano.com\/index.php?rest_route=%2Fwp%2Fv2%2Fcategories&post=98778"},{"taxonomy":"post_tag","embeddable":true,"href":"https:\/\/diariodominicano.com\/index.php?rest_route=%2Fwp%2Fv2%2Ftags&post=98778"}],"curies":[{"name":"wp","href":"https:\/\/api.w.org\/{rel}","templated":true}]}}