{"id":98777,"date":"2013-11-20T19:19:23","date_gmt":"2013-11-20T19:19:23","guid":{"rendered":"http:\/\/diariodominicano.ddns.net\/?p=98777"},"modified":"2013-11-20T19:19:23","modified_gmt":"2013-11-20T19:19:23","slug":"codocafe-proyecta-sembrar-12-millones-plantas-de-cafe","status":"publish","type":"post","link":"https:\/\/diariodominicano.com\/?p=98777","title":{"rendered":"CODOCAFE proyecta sembrar 12 millones plantas de caf\u00e9"},"content":{"rendered":"<p><body><\/p>\n<p><img decoding=\"async\" src=\"img3\/codocafe.jpg\" \/>  <\/p>\n<p><span class=\"text1noticias\">El Majagual, Cambita, SC, 20 de Noviembre.-El Concejo Dominicano del Caf\u00e9 (CODOCAF\u00c9), tiene proyectado sembrar m\u00e1s de 12 millones de plantas de caf\u00e9 resistentes a la Roya y la Broca,  en las provincias San Crist\u00f3bal y Monte Plata, para el pr\u00f3ximo a\u00f1o 2014.<\/span><\/p>\n<\/p>\n<p><span class=\"text1noticias\">La informaci\u00f3n la ofrecieron autoridades de Codocaf\u00e9 con la presencia del gobernador Julio Cesar D\u00edaz, tras iniciar la siembra de unas mil 400 tareas productoras de caf\u00e9, las cuales est\u00e1n siendo renovadas con plantas resistentes a la Roya, en las comunidades de El Majagual, La Colonia y Mano Matuey.<\/span><\/p>\n<\/p>\n<p><span class=\"text1noticias\">Dijeron que estas plantas mejoradas, adem\u00e1s proporcionan una mayor productividad, ya que se estima que producen un quintal por tarea, lo que a su entender significa un aumento extraordinario, debido a que la producci\u00f3n cafetalera  en los \u00faltimos a\u00f1os ha estado por debajo de lo normal.<\/span><\/p>\n<\/p>\n<p><span class=\"text1noticias\">De su lado, el gobernador Julio Cesar D\u00edaz, quien estuvo presente en el acto de inicio de la siembra de caf\u00e9  dijo que los proyectos que se est\u00e1n implementado a trav\u00e9s de Codocaf\u00e9, obedece al inter\u00e9s del presidente Danilo Medina, de cambiar el nivel de vida de los hombres y mujeres del campo, a los fines de que no tengan que abandonar sus tierras por falta de productividad.<\/span><\/p>\n<\/p>\n<p><span class=\"text1noticias\">\u00abEstos proyectos de ayudas que se est\u00e1n ejecutando fueron promesas del presidente Danilo Medina, durante su proceso de campa\u00f1a y en su primer a\u00f1o de gobierno ya est\u00e1 cumpliendo las mismas\u00bb afirmo D\u00edaz.<\/span><\/p>\n<\/p>\n<p><span class=\"text1noticias\"> Dijo que el Gobierno est\u00e1 invirtiendo cientos de millones de pesos en los campos dominicanos, con el prop\u00f3sito de que los agricultores y productores de todo el pa\u00eds est\u00e9n incluidos en el plan de desarrollo, el cual busca sacar de la pobreza a m\u00e1s de un mill\u00f3n 500 mil dominicanos.<\/span><\/p>\n<\/p>\n<p><span class=\"text1noticias\">En la actividad estuvieron presentes adem\u00e1s los ingenieros Jos\u00e9 Ferm\u00edn, Director Ejecutivo de Codocaf\u00e9; Electo Santana, Sub Director  Ejecutivo; Braulio Batista, Director T\u00e9cnico; Ricardo A. Rivera, Director Regi\u00f3n Valdesia;  as\u00ed como tambi\u00e9n, t\u00e9cnicos y productores cafetaleros   de la zona antes mencionada.(HG)<\/span>.<\/p>\n<h6> 2013-11-20 19:19:23 <\/h6>\n<p><!--\n<link rel=\"stylesheet\" href=\"css\/bootstrap.min.css\">\n\n\n<ul class=\"pagination\">\n\t    \n\t\n\n<li >\n\t<a href='?page_no=14299'>Previous<\/a>\n\t<\/li>\n\n\n       \n    \n\n<li><a href='?page_no=1'>1<\/a><\/li>\n\n\n\n<li><a href='?page_no=2'>2<\/a><\/li>\n\n\n\n<li><a>...<\/a><\/li>\n\n\n\n<li><a href='?page_no=14298'>14298<\/a><\/li>\n\n\n\n<li><a href='?page_no=14299'>14299<\/a><\/li>\n\n\n\n<li class='active'><a>14300<\/a><\/li>\n\n\n\n<li><a href='?page_no=14301'>14301<\/a><\/li>\n\n\n\n<li><a href='?page_no=14302'>14302<\/a><\/li>\n\n\n\n<li><a>...<\/a><\/li>\n\n\n\n<li><a href='?page_no=30472'>30472<\/a><\/li>\n\n\n\n<li><a href='?page_no=30473'>30473<\/a><\/li>\n\n    \n\t\n\n<li >\n\t<a href='?page_no=14301'>Next<\/a>\n\t<\/li>\n\n\n    \n\n<li><a href='?page_no=30473'>Last &rsaquo;&rsaquo;<\/a><\/li>\n\n<\/ul>\n\n\n--><br \/>\n<\/body><\/p>\n","protected":false},"excerpt":{"rendered":"<p>El Majagual, Cambita, SC, 20 de Noviembre.-El Concejo Dominicano del Caf\u00e9 (CODOCAF\u00c9), tiene proyectado sembrar m\u00e1s de 12 millones de plantas de caf\u00e9 resistentes a la Roya y la Broca, en las provincias San Crist\u00f3bal y Monte Plata, para el pr\u00f3ximo a\u00f1o 2014. La informaci\u00f3n la ofrecieron autoridades de Codocaf\u00e9 con la presencia del gobernador [&hellip;]<\/p>\n","protected":false},"author":3,"featured_media":0,"comment_status":"open","ping_status":"open","sticky":false,"template":"","format":"standard","meta":{"footnotes":""},"categories":[18],"tags":[],"class_list":["post-98777","post","type-post","status-publish","format-standard","hentry","category-economia"],"_links":{"self":[{"href":"https:\/\/diariodominicano.com\/index.php?rest_route=\/wp\/v2\/posts\/98777","targetHints":{"allow":["GET"]}}],"collection":[{"href":"https:\/\/diariodominicano.com\/index.php?rest_route=\/wp\/v2\/posts"}],"about":[{"href":"https:\/\/diariodominicano.com\/index.php?rest_route=\/wp\/v2\/types\/post"}],"author":[{"embeddable":true,"href":"https:\/\/diariodominicano.com\/index.php?rest_route=\/wp\/v2\/users\/3"}],"replies":[{"embeddable":true,"href":"https:\/\/diariodominicano.com\/index.php?rest_route=%2Fwp%2Fv2%2Fcomments&post=98777"}],"version-history":[{"count":0,"href":"https:\/\/diariodominicano.com\/index.php?rest_route=\/wp\/v2\/posts\/98777\/revisions"}],"wp:attachment":[{"href":"https:\/\/diariodominicano.com\/index.php?rest_route=%2Fwp%2Fv2%2Fmedia&parent=98777"}],"wp:term":[{"taxonomy":"category","embeddable":true,"href":"https:\/\/diariodominicano.com\/index.php?rest_route=%2Fwp%2Fv2%2Fcategories&post=98777"},{"taxonomy":"post_tag","embeddable":true,"href":"https:\/\/diariodominicano.com\/index.php?rest_route=%2Fwp%2Fv2%2Ftags&post=98777"}],"curies":[{"name":"wp","href":"https:\/\/api.w.org\/{rel}","templated":true}]}}