{"id":98774,"date":"2013-11-20T20:11:57","date_gmt":"2013-11-20T20:11:57","guid":{"rendered":"http:\/\/diariodominicano.ddns.net\/?p=98774"},"modified":"2013-11-20T20:11:57","modified_gmt":"2013-11-20T20:11:57","slug":"rodriguez-marchena-califica-de-excelente-idea-propuesta-de-fedomu-sobre-impuestos-municipales","status":"publish","type":"post","link":"https:\/\/diariodominicano.com\/?p=98774","title":{"rendered":"Rodr\u00edguez Marchena califica de excelente idea propuesta de FEDOMU sobre impuestos municipales"},"content":{"rendered":"<p><body><\/p>\n<p><img decoding=\"async\" src=\"img3\/marchena.jpg\" \/>  <\/p>\n<p><span class=\"text1noticias\">Santo Domingo, RD, 20 de Nvoiembre.-El director de Informaci\u00f3n y Prensa del Gobierno, Roberto Rodr\u00edguez Marchena calific\u00f3 como excelente idea una propuesta de la Federaci\u00f3n Dominicana de Municipios (FEDOMU) para incrementar las capacidades tributarias de los ayuntamientos.<\/span><\/p>\n<\/p>\n<p><span class=\"text1noticias\">Rodr\u00edguez Marchena se refiri\u00f3 a una propuesta mencionada presidente de la Federaci\u00f3n Dominicana de Municipios, quien, en un discurso pronunciado ante el Presidente Danilo Medina, dijo que una alianza entre los ayuntamientos y el Poder Ejecutivo para aumentar las capacidades tributarias de los gobiernos locales, incrementar\u00eda los ingresos de ambas partes.<\/span><\/p>\n<\/p>\n<p><span class=\"text1noticias\">Hablando en la inauguraci\u00f3n del III Congreso Dominicano de Autoridades Locales, de Los Santos dijo que esta idea era parte de un pacto por la municipalidad y el desarrollo sostenible que actualmente se est\u00e1 concertando con el Poder Ejcutivo.<\/span><\/p>\n<\/p>\n<p><span class=\"text1noticias\">Afirm\u00f3 que se piensa incluir en ese pacto el incremento de las capacidades tributarias de los ayuntamientos, mejorando sus capacidades t\u00e9cnicas y trabajando de forma articulada con la Direcci\u00f3n General de Impuestos Internos y otros organismo, como el Catastro Nacional.<\/span><\/p>\n<\/p>\n<p><span class=\"text1noticias\">La transferencia gradual de algunos tributos que son de vocaci\u00f3n municipal ha sido pensada como un proceso en el que no se reduzcan los ingresos del Estado, sino que aumenten, afirm\u00f3 el dirigente municipal. Puso como ejemplo el impuesto predial que sustituir\u00eda al actual impuesto sobre solares suntuarios.  Dijo que en una alianza entre la DGII, Catastro Nacional y los ayuntamientos, este impuesto multiplicar\u00eda por m\u00e1s de diez veces las recaudaciones, \u00abporque es m\u00e1s f\u00e1cil y pr\u00e1ctico para los gobiernos locales identificar y determinar las propiedades que, a partir de un monto a establecer, tendr\u00edan que pagar impuestos\u00bb.<\/span><\/p>\n<\/p>\n<p><span class=\"text1noticias\">De los Santos indic\u00f3 que los an\u00e1lisis y proyecciones que realizados por FEDOMU demuestran que por este concepto se producir\u00eda un incremento de recaudaciones muy significativo y que en el concepto que est\u00e1 desarrollando la entidad municipal, las administraciones locales compartir\u00edan con el Gobierno Central una parte de los ingresos.<\/span><\/p>\n<\/p>\n<p><span class=\"text1noticias\">Afirm\u00f3 que adem\u00e1s se establecer\u00eda una bonificaci\u00f3n para las administraciones locales que hagan la cobranza y adicionalmente se transferir\u00eda una parte de lo recaudado para un fondo de equiparaci\u00f3n, solidaridad o cohesi\u00f3n territorial que se redistribuya hacia aquellos territorios necesitados de m\u00e1s apoyo para avanzar hacia su autonom\u00eda y desarrollo.(HG)<\/span>.<\/p>\n<\/p>\n<h6> 2013-11-20 20:11:57 <\/h6>\n<p><!--\n<link rel=\"stylesheet\" href=\"css\/bootstrap.min.css\">\n\n\n<ul class=\"pagination\">\n\t    \n\t\n\n<li >\n\t<a href='?page_no=14298'>Previous<\/a>\n\t<\/li>\n\n\n       \n    \n\n<li><a href='?page_no=1'>1<\/a><\/li>\n\n\n\n<li><a href='?page_no=2'>2<\/a><\/li>\n\n\n\n<li><a>...<\/a><\/li>\n\n\n\n<li><a href='?page_no=14297'>14297<\/a><\/li>\n\n\n\n<li><a href='?page_no=14298'>14298<\/a><\/li>\n\n\n\n<li class='active'><a>14299<\/a><\/li>\n\n\n\n<li><a href='?page_no=14300'>14300<\/a><\/li>\n\n\n\n<li><a href='?page_no=14301'>14301<\/a><\/li>\n\n\n\n<li><a>...<\/a><\/li>\n\n\n\n<li><a href='?page_no=30472'>30472<\/a><\/li>\n\n\n\n<li><a href='?page_no=30473'>30473<\/a><\/li>\n\n    \n\t\n\n<li >\n\t<a href='?page_no=14300'>Next<\/a>\n\t<\/li>\n\n\n    \n\n<li><a href='?page_no=30473'>Last &rsaquo;&rsaquo;<\/a><\/li>\n\n<\/ul>\n\n\n--><br \/>\n<\/body><\/p>\n","protected":false},"excerpt":{"rendered":"<p>Santo Domingo, RD, 20 de Nvoiembre.-El director de Informaci\u00f3n y Prensa del Gobierno, Roberto Rodr\u00edguez Marchena calific\u00f3 como excelente idea una propuesta de la Federaci\u00f3n Dominicana de Municipios (FEDOMU) para incrementar las capacidades tributarias de los ayuntamientos. Rodr\u00edguez Marchena se refiri\u00f3 a una propuesta mencionada presidente de la Federaci\u00f3n Dominicana de Municipios, quien, en un [&hellip;]<\/p>\n","protected":false},"author":3,"featured_media":0,"comment_status":"open","ping_status":"open","sticky":false,"template":"","format":"standard","meta":{"footnotes":""},"categories":[18],"tags":[],"class_list":["post-98774","post","type-post","status-publish","format-standard","hentry","category-economia"],"_links":{"self":[{"href":"https:\/\/diariodominicano.com\/index.php?rest_route=\/wp\/v2\/posts\/98774","targetHints":{"allow":["GET"]}}],"collection":[{"href":"https:\/\/diariodominicano.com\/index.php?rest_route=\/wp\/v2\/posts"}],"about":[{"href":"https:\/\/diariodominicano.com\/index.php?rest_route=\/wp\/v2\/types\/post"}],"author":[{"embeddable":true,"href":"https:\/\/diariodominicano.com\/index.php?rest_route=\/wp\/v2\/users\/3"}],"replies":[{"embeddable":true,"href":"https:\/\/diariodominicano.com\/index.php?rest_route=%2Fwp%2Fv2%2Fcomments&post=98774"}],"version-history":[{"count":0,"href":"https:\/\/diariodominicano.com\/index.php?rest_route=\/wp\/v2\/posts\/98774\/revisions"}],"wp:attachment":[{"href":"https:\/\/diariodominicano.com\/index.php?rest_route=%2Fwp%2Fv2%2Fmedia&parent=98774"}],"wp:term":[{"taxonomy":"category","embeddable":true,"href":"https:\/\/diariodominicano.com\/index.php?rest_route=%2Fwp%2Fv2%2Fcategories&post=98774"},{"taxonomy":"post_tag","embeddable":true,"href":"https:\/\/diariodominicano.com\/index.php?rest_route=%2Fwp%2Fv2%2Ftags&post=98774"}],"curies":[{"name":"wp","href":"https:\/\/api.w.org\/{rel}","templated":true}]}}