{"id":98771,"date":"2013-11-20T22:09:22","date_gmt":"2013-11-20T22:09:22","guid":{"rendered":"http:\/\/diariodominicano.ddns.net\/?p=98771"},"modified":"2013-11-20T22:09:22","modified_gmt":"2013-11-20T22:09:22","slug":"presidente-se-reune-con-hoteleros-y-potenciales-inversionistas","status":"publish","type":"post","link":"https:\/\/diariodominicano.com\/?p=98771","title":{"rendered":"Presidente se re\u00fane con hoteleros y potenciales inversionistas"},"content":{"rendered":"<p><body><\/p>\n<p><img decoding=\"async\" src=\"img3\/hoteleros.jpg\" \/>  <\/p>\n<p><span class=\"text1noticias\">Punta Cana, La Altagracia, RD, 20 de Noviembre.-El Presidente Danilo Medina se reuni\u00f3 con hoteleros de la regi\u00f3n Este del pa\u00eds e inversionistas espa\u00f1oles  interesados en el clima de negocios de la Rep\u00fablica dominicana.<\/span><\/p>\n<\/p>\n<p><span class=\"text1noticias\">En el encuentro, organizado por el presidente del Grupo Punta Cana, Frank Rainieri, los empresarios espa\u00f1oles expresaron su inter\u00e9s en hacer negocios en este polo tur\u00edstico, atra\u00eddos por las obras de infraestructura realizadas por el Gobierno y por la belleza natural de la zona.(HG)<\/span>.<\/p>\n<\/p>\n<h6> 2013-11-20 22:09:22 <\/h6>\n<p><!--\n<link rel=\"stylesheet\" href=\"css\/bootstrap.min.css\">\n\n\n<ul class=\"pagination\">\n\t    \n\t\n\n<li >\n\t<a href='?page_no=14295'>Previous<\/a>\n\t<\/li>\n\n\n       \n    \n\n<li><a href='?page_no=1'>1<\/a><\/li>\n\n\n\n<li><a href='?page_no=2'>2<\/a><\/li>\n\n\n\n<li><a>...<\/a><\/li>\n\n\n\n<li><a href='?page_no=14294'>14294<\/a><\/li>\n\n\n\n<li><a href='?page_no=14295'>14295<\/a><\/li>\n\n\n\n<li class='active'><a>14296<\/a><\/li>\n\n\n\n<li><a href='?page_no=14297'>14297<\/a><\/li>\n\n\n\n<li><a href='?page_no=14298'>14298<\/a><\/li>\n\n\n\n<li><a>...<\/a><\/li>\n\n\n\n<li><a href='?page_no=30472'>30472<\/a><\/li>\n\n\n\n<li><a href='?page_no=30473'>30473<\/a><\/li>\n\n    \n\t\n\n<li >\n\t<a href='?page_no=14297'>Next<\/a>\n\t<\/li>\n\n\n    \n\n<li><a href='?page_no=30473'>Last &rsaquo;&rsaquo;<\/a><\/li>\n\n<\/ul>\n\n\n--><br \/>\n<\/body><\/p>\n","protected":false},"excerpt":{"rendered":"<p>Punta Cana, La Altagracia, RD, 20 de Noviembre.-El Presidente Danilo Medina se reuni\u00f3 con hoteleros de la regi\u00f3n Este del pa\u00eds e inversionistas espa\u00f1oles interesados en el clima de negocios de la Rep\u00fablica dominicana. En el encuentro, organizado por el presidente del Grupo Punta Cana, Frank Rainieri, los empresarios espa\u00f1oles expresaron su inter\u00e9s en hacer [&hellip;]<\/p>\n","protected":false},"author":3,"featured_media":0,"comment_status":"open","ping_status":"open","sticky":false,"template":"","format":"standard","meta":{"footnotes":""},"categories":[18],"tags":[],"class_list":["post-98771","post","type-post","status-publish","format-standard","hentry","category-economia"],"_links":{"self":[{"href":"https:\/\/diariodominicano.com\/index.php?rest_route=\/wp\/v2\/posts\/98771","targetHints":{"allow":["GET"]}}],"collection":[{"href":"https:\/\/diariodominicano.com\/index.php?rest_route=\/wp\/v2\/posts"}],"about":[{"href":"https:\/\/diariodominicano.com\/index.php?rest_route=\/wp\/v2\/types\/post"}],"author":[{"embeddable":true,"href":"https:\/\/diariodominicano.com\/index.php?rest_route=\/wp\/v2\/users\/3"}],"replies":[{"embeddable":true,"href":"https:\/\/diariodominicano.com\/index.php?rest_route=%2Fwp%2Fv2%2Fcomments&post=98771"}],"version-history":[{"count":0,"href":"https:\/\/diariodominicano.com\/index.php?rest_route=\/wp\/v2\/posts\/98771\/revisions"}],"wp:attachment":[{"href":"https:\/\/diariodominicano.com\/index.php?rest_route=%2Fwp%2Fv2%2Fmedia&parent=98771"}],"wp:term":[{"taxonomy":"category","embeddable":true,"href":"https:\/\/diariodominicano.com\/index.php?rest_route=%2Fwp%2Fv2%2Fcategories&post=98771"},{"taxonomy":"post_tag","embeddable":true,"href":"https:\/\/diariodominicano.com\/index.php?rest_route=%2Fwp%2Fv2%2Ftags&post=98771"}],"curies":[{"name":"wp","href":"https:\/\/api.w.org\/{rel}","templated":true}]}}