{"id":98769,"date":"2013-11-21T14:13:02","date_gmt":"2013-11-21T14:13:02","guid":{"rendered":"http:\/\/diariodominicano.ddns.net\/?p=98769"},"modified":"2013-11-21T14:13:02","modified_gmt":"2013-11-21T14:13:02","slug":"las-plantas-cuidaran-el-ambiente-vicepresidente-ejecutivo-de-la-cdeee-visito-el-senado","status":"publish","type":"post","link":"https:\/\/diariodominicano.com\/?p=98769","title":{"rendered":"Las plantas cuidar\u00e1n el ambiente; vicepresidente ejecutivo de la CDEEE visit\u00f3 el Senado"},"content":{"rendered":"<p><body><\/p>\n<p><img decoding=\"async\" src=\"img3\/planta 21.jpeg\" \/>  <\/p>\n<p>Santo Domingo RD 21 noviembre.- El vicepresidente ejecutivo de la Corporaci\u00f3n Dominicana de Empresas El\u00e9ctricas Estatales (CDEEE), Rub\u00e9n Bichara, dijo ayer que el proyecto para la adquisici\u00f3n de dos plantas que adicionar\u00eda unos 600 megavatios al sistema cumplir\u00e1 con todas las normas medioambientales y que sus emisiones ser\u00e1n totalmente controladas.<\/p>\n<\/p>\n<p>En respuesta a las cr\u00edticas de algunos sectores de que las plantas a carb\u00f3n son contaminantes y est\u00e1n siendo desechadas en distintos pa\u00edses, Jim\u00e9nez Bicahra argument\u00f3 que sobre el tema no hay verdad absoluta, y que ser\u00e1 la tecnolog\u00eda la que va a determinar el grado de  emisiones que pueda haber.<\/p>\n<\/p>\n<p>\u00abHemos tomado todas las previsiones posibles, una de ellas es la inscripci\u00f3n del proyecto como mecanismo de desarrollo limpio en el protocolo de Kioto, lo que nos obliga a una certificaci\u00f3n medioambiental, donde las  emisiones van a ser totalmente controladas\u00bb, dijo el administrador de la CDEEE.<\/p>\n<\/p>\n<p>El funcionario fue entrevistado cuando acudi\u00f3 a la Comisi\u00f3n de Presupuesto del Senado, que preside Dionis S\u00e1nchez, con el objetivo de discutir el uso que se le dar\u00e1 a los RD$9,400 millones que se le asignar\u00e1 a la CDEE del Presupuesto Complementario. Estuvo acompa\u00f1ado de Rosanna Montilla, Carlos Contreras y Manuel Rodr\u00edguez, t\u00e9cnicos de la CDEE y los dem\u00e1s miembros de la comisi\u00f3n senatorial.<\/p>\n<\/p>\n<p><strong>Dice deuda es US$600 MM<\/strong><\/p>\n<p>Jim\u00e9nez Bichara revel\u00f3 que la deuda con los generadores es de unos US$600 millones.<\/p>\n<\/p>\n<p>La deuda con los generadores son unos US$600 millones y los RD$9,400 millones que se le van asignar en el presupuesto complementario representan unos US$233 millones, dijo.<\/p>\n<\/p>\n<p>\u00abEn esa deuda no est\u00e1 incluida la parte congelada que ronda los US$100 millones, que viene pag\u00e1ndose gradualmente. Eran 440, de los que quedan esos cien\u00bb, agreg\u00f3. Jim\u00e9nez Bichara habl\u00f3 con los periodistas en el Senado de la Rep\u00fablica, donde explic\u00f3 que  los recursos que se recibir\u00e1n vienen a completar las partidas necesarias para honrar las facturas con los generadores. En los primeros ocho meses de estos a\u00f1os se hicieron pagos sustanciales de esa deuda, pero se agot\u00f3 la asignaci\u00f3n presupuestaria y adem\u00e1s se hizo un pago extraordinario en abril, para poder cruzar  en t\u00e9rminos razonables la \u00e9poca de calor, agreg\u00f3.<\/p>\n<\/p>\n<p>\u00abLos pagos que se hac\u00edan con regularidad comenzaron a retrasarse y ahora con estos fondos se quiere pagar. Son recursos que ir\u00edan en tu totalidad para disminuir la deuda con los generadores\u00bb, explic\u00f3.<\/p>\n<\/p>\n<p>Acuerdo de Madrid<\/p>\n<p>Sobra la finalizaci\u00f3n del llamado  Acuerdo de Madrid, el funcionario dijo que transcurrido 13 de los 15 a\u00f1os por lo que fueron firmados, se debe estar preparado para que su contenido pueda ameritar una revisi\u00f3n o una adecuaci\u00f3n, y permita que se superen las debilidades que originalmente ten\u00edan,  <\/p>\n<\/p>\n<p>\u00abHa habido una limitaci\u00f3n muy fuerte, porque no han podido hacerse las inversiones en tu totalidad. Una de las razones es la estructura de esos contratos\u00bb, dijo,<\/p>\n<\/p>\n<p>Dijo esperar que esa revisi\u00f3n pueda complementarse con la entrada en operaci\u00f3n de las dos plantas que se van a construir y aquellas que se van a convertir a combustibles m\u00e1s baratos.<\/p>\n<\/p>\n<p><strong>Concurso<\/strong><\/p>\n<p>Sobre las cr\u00edticas al concurso ganado por la empresa brasile\u00f1a Odebrecht,  respondi\u00f3 que \u00abdesde que el mundo es mundo existe el derecho al pataleo, universal y reconocido\u00bb. Vamos a esperar que el pataleo pueda continuar y nosotros en su momento vamos a responder, agreg\u00f3. Aclar\u00f3 que no es abogado de ninguno de los participantes y que el proceso de licitaci\u00f3n dur\u00f3 casi siete meses, y se cumplieron con todas las normativas legales y procedimentales.<\/p>\n<p><strong> <\/strong><\/p>\n<p><strong>Monto de ADIE difiere<\/strong><\/p>\n<\/p>\n<p><strong>Morrison dice es de casi US$900 MM<\/strong><\/p>\n<p>La Asociaci\u00f3n Dominicana de la Industria El\u00e9ctrica (ADIE) inform\u00f3 que la deuda acumulada del Gobierno con las empresas generadoras alcanza casi los US$900 millones en estos momentos debido a los atrasos de cobros de hasta seis facturas. La ADIE explic\u00f3 que el monto exacto adeudado por el Gobierno a las empresas generadoras es de US$886,5 millones, situaci\u00f3n que genera gran preocupaci\u00f3n porque  afecta la continuidad de las operaciones de las empresas. Entiende que el Gobierno debe realizar mayores esfuerzos para cubrir el d\u00e9ficit comercial de las distribuidoras, para que estas puedan cumplir con el pago de la deuda acumulada en  breve y enfatiz\u00f3 que las generadoras no tienen posibilidad de continuar operando eficientemente bajo esas circunstancias y que el Gobierno debe ponerse al d\u00eda. en los pagos para revertir esta situaci\u00f3n.<\/p>\n<\/p>\n<h6> 2013-11-21 14:13:02 <\/h6>\n<p><!--\n<link rel=\"stylesheet\" href=\"css\/bootstrap.min.css\">\n\n\n<ul class=\"pagination\">\n\t    \n\t\n\n<li >\n\t<a href='?page_no=14293'>Previous<\/a>\n\t<\/li>\n\n\n       \n    \n\n<li><a href='?page_no=1'>1<\/a><\/li>\n\n\n\n<li><a href='?page_no=2'>2<\/a><\/li>\n\n\n\n<li><a>...<\/a><\/li>\n\n\n\n<li><a href='?page_no=14292'>14292<\/a><\/li>\n\n\n\n<li><a href='?page_no=14293'>14293<\/a><\/li>\n\n\n\n<li class='active'><a>14294<\/a><\/li>\n\n\n\n<li><a href='?page_no=14295'>14295<\/a><\/li>\n\n\n\n<li><a href='?page_no=14296'>14296<\/a><\/li>\n\n\n\n<li><a>...<\/a><\/li>\n\n\n\n<li><a href='?page_no=30472'>30472<\/a><\/li>\n\n\n\n<li><a href='?page_no=30473'>30473<\/a><\/li>\n\n    \n\t\n\n<li >\n\t<a href='?page_no=14295'>Next<\/a>\n\t<\/li>\n\n\n    \n\n<li><a href='?page_no=30473'>Last &rsaquo;&rsaquo;<\/a><\/li>\n\n<\/ul>\n\n\n--><br \/>\n<\/body><\/p>\n","protected":false},"excerpt":{"rendered":"<p>Santo Domingo RD 21 noviembre.- El vicepresidente ejecutivo de la Corporaci\u00f3n Dominicana de Empresas El\u00e9ctricas Estatales (CDEEE), Rub\u00e9n Bichara, dijo ayer que el proyecto para la adquisici\u00f3n de dos plantas que adicionar\u00eda unos 600 megavatios al sistema cumplir\u00e1 con todas las normas medioambientales y que sus emisiones ser\u00e1n totalmente controladas. En respuesta a las cr\u00edticas [&hellip;]<\/p>\n","protected":false},"author":3,"featured_media":0,"comment_status":"open","ping_status":"open","sticky":false,"template":"","format":"standard","meta":{"footnotes":""},"categories":[18],"tags":[],"class_list":["post-98769","post","type-post","status-publish","format-standard","hentry","category-economia"],"_links":{"self":[{"href":"https:\/\/diariodominicano.com\/index.php?rest_route=\/wp\/v2\/posts\/98769","targetHints":{"allow":["GET"]}}],"collection":[{"href":"https:\/\/diariodominicano.com\/index.php?rest_route=\/wp\/v2\/posts"}],"about":[{"href":"https:\/\/diariodominicano.com\/index.php?rest_route=\/wp\/v2\/types\/post"}],"author":[{"embeddable":true,"href":"https:\/\/diariodominicano.com\/index.php?rest_route=\/wp\/v2\/users\/3"}],"replies":[{"embeddable":true,"href":"https:\/\/diariodominicano.com\/index.php?rest_route=%2Fwp%2Fv2%2Fcomments&post=98769"}],"version-history":[{"count":0,"href":"https:\/\/diariodominicano.com\/index.php?rest_route=\/wp\/v2\/posts\/98769\/revisions"}],"wp:attachment":[{"href":"https:\/\/diariodominicano.com\/index.php?rest_route=%2Fwp%2Fv2%2Fmedia&parent=98769"}],"wp:term":[{"taxonomy":"category","embeddable":true,"href":"https:\/\/diariodominicano.com\/index.php?rest_route=%2Fwp%2Fv2%2Fcategories&post=98769"},{"taxonomy":"post_tag","embeddable":true,"href":"https:\/\/diariodominicano.com\/index.php?rest_route=%2Fwp%2Fv2%2Ftags&post=98769"}],"curies":[{"name":"wp","href":"https:\/\/api.w.org\/{rel}","templated":true}]}}