{"id":98767,"date":"2013-11-21T16:41:54","date_gmt":"2013-11-21T16:41:54","guid":{"rendered":"http:\/\/diariodominicano.ddns.net\/?p=98767"},"modified":"2013-11-21T16:41:54","modified_gmt":"2013-11-21T16:41:54","slug":"isa-conde-afirma-compromisos-con-leyes-especiales-limitan-iniciativas-del-gobierno","status":"publish","type":"post","link":"https:\/\/diariodominicano.com\/?p=98767","title":{"rendered":"Isa Conde afirma compromisos con leyes especiales limitan iniciativas del Gobierno"},"content":{"rendered":"<p><body><\/p>\n<p><img decoding=\"async\" src=\"img3\/isac 21.jpg\" \/>  <\/p>\n<p>Isa Conde afirma compromisos con leyes especiales limitan iniciativas del Gobierno<\/p>\n<\/p>\n<p>El doctor Antonio Isa Conde  afirm\u00f3  que  los honorarios de la  deuda externa,  el  gasto del gobierno en   la CDEEE, junto  a otros compromisos con leyes especiales, como el  4% para la educaci\u00f3n, los ayuntamientos limitan a  la presidencia  de la Rep\u00fablica  de la capacidad para maniobrar en las iniciativas de desarrollo del pa\u00eds  con  la reducida  cantidad de dinero que recibe.<\/p>\n<\/p>\n<p> Manifest\u00f3 que esa es la causa fundamental  por  lo  que considera  necesario hacer, cuanto antes, una reforma fiscal integral, en la cual se importantice transformar totalmente las estructuras burocr\u00e1ticas del sistema financiero del pa\u00eds.<\/p>\n<\/p>\n<p> \u00abNecesitamos una  pol\u00edtica fiscal m\u00e1s justa, m\u00e1s equilibrada, esto quiere decir, que cuando nos sentamos en una mesa, por ejemplo, debemos repartir  las  cuentas  diferente a como est\u00e1n actualmente, y esa deber\u00eda ser la priorizaci\u00f3n de una nueva reforma, debido a que tenemos sectores que est\u00e1n muy recargados en la tributaci\u00f3n  y otros van muy  livianos, debiendo paga m\u00e1s\u00bb.  Expres\u00f3<\/p>\n<\/p>\n<p> Recalc\u00f3 que  cuando habla de colocar m\u00e1s impuestos, debes tener en cuenta dos cosas: Una, en el pa\u00eds hay sectores que no aguantan m\u00e1s impuestos y  otra, que aqu\u00ed pocos  pagamos mucho y muchos pagamos poco,  en una pol\u00edtica tributaria desequilibrada.<\/p>\n<\/p>\n<p> El doctor Isa Conde considera  que la  evasi\u00f3n fiscal en el pa\u00eds es muy grande, en el sector empresarial  y en las profesiones liberales, ya que  algunos de estos los ganan m\u00e1s que los funcionarios p\u00fablicos y privados.<\/p>\n<\/p>\n<p>  Se\u00f1al\u00f3 que antes  de esa reforma fiscal que  considera necesaria hacer,  tenemos que darle  garant\u00eda a la poblaci\u00f3n que sus recursos  ser\u00e1n priorizados en las actividades que protegen su  desarrollo  y  el de los productores nacionales, que se inviertan en \u00e1reas que los regresen en bienes materiales y\/o sociales.<\/p>\n<\/p>\n<p> El tambi\u00e9n asesor empresarial  del gobierno afirma al mismo tiempo, que  esa no tarea de un solo hombre, es responsabilidad de todos, resaltando que el presidente Danilo Medina lo est\u00e1 haciendo bien, ya que  est\u00e1 priorizando en \u00e1reas que van directamente  a favor del desarrollo de los m\u00e1s pobres, de los peque\u00f1os y medianos productores, de los peque\u00f1os asociados  y esa es la clave.<\/p>\n<\/p>\n<p> \u00abVivimos desaforados en los gastos, siempre hemos tenido un sistema de gastos ineficiente, porque nadie quiere ponerle el cascabel al gato, que es una reforma fiscal que obligue a pagar m\u00e1s a los que m\u00e1s ganan y tienen, y menos a los m\u00e1s desfavorecidos\u00bb, enfatiz\u00f3.<\/p>\n<\/p>\n<p> Resalt\u00f3 que en el actual sistema, todo el mundo paga los mismos impuestos, aunque no todo el mundo gana igual, por lo que  necesitamos una ley de responsabilidad de ingresos, que a la vez que regule mas dr\u00e1sticamente el gasto, para poder financiar el desarrollo del pa\u00eds, porque el desarrollo hay que financiarlo y el Estado es quien le corresponde tomar la iniciativa y la regulaci\u00f3n de ese financiamiento.<\/p>\n<\/p>\n<p> \u00abPara m\u00ed el problema de la Deuda del pa\u00eds no es el monto, que algunos colocan en 35 mil millones, el Banco Central en 27 mil, sino el costo. Si vemos la  partida del presupuesto que se tiene que dedicar al pago solo de los intereses de deuda, unos 77 mil millones de pesos,  tendremos que convenir que es grave para la el desarrollo del pa\u00eds, por cuando limita considerablemente las  iniciativas del gobierno de Danilo Medina\u00bb, manifest\u00f3.<\/p>\n<\/p>\n<p> Dijo que con las limitaciones financieras del gobierno siempre estamos obligados  a no toca r la deuda social que tenemos, resaltando que Danilo  Medina ha tratado de equilibrar el flujo de recursos  para la deuda, es decir, recibir la misma cantidad que paga, pero no ha podido,<\/p>\n<\/p>\n<p> Afirm\u00f3 que  el plan de gobierno de Danilo Medina se asienta en gran parte del Plan Nacional de Desarrollo, como era l\u00f3gico, ya que esa estrategia  fue discutida  y observaron  que ten\u00eda mucha similitud con su visi\u00f3n de desarrollo.<\/p>\n<\/p>\n<p> \u00abEn ese plan de desarrollo est\u00e1n los objetivos b\u00e1sicos, por ejemplo, la incorporaci\u00f3n de 400 mil nuevos empleos. Por eso, Danilo prioriza el desarrollo del proceso educativo, preparando al ser humano para la producci\u00f3n, y  prioriza la inversi\u00f3n de en salud, y los sectores de la econom\u00eda que mas r\u00e1pido y con eficiencia impacta en la sociedad como son las pymes. Danilo esta impactando en el amparo integral de esos sectores, no solo le presta dinero, sino que les presta la supervisi\u00f3n y la capacitaci\u00f3n como administradores y emprendedores\u00bb. Expres\u00f3.<\/p>\n<\/p>\n<p> Dijo que en el sector educativo est\u00e1 claro en iniciar en la falta de aula, captaci\u00f3n de mayor cantidad de maestros y su superaci\u00f3n cualitativa para  implementar la tanda extendida, apoyando de forma paralela con los sectores productivos.<\/p>\n<\/p>\n<p> El empresario resalt\u00f3  que  una peque\u00f1ina inversi\u00f3n,  a veces es m\u00e1s impactante en la econom\u00eda que una grande, debido a que la peque\u00f1a,  en una comunidad,  dinamiza la econom\u00eda de esa comunidad, mientras una gran obra usa bienes importados, poca mano de obra y entonces produce en lo inmediato menos beneficios que la peque\u00f1a.<\/p>\n<\/p>\n<p> Consider\u00f3  que  el sistema  el\u00e9ctrico es un problema que se hab\u00eda  ido empeorando, porque la reforma a la empresa p\u00fablica fue castrada casi desde  su inicio al politizando el programa de privatizaci\u00f3n en el cual, la capitalizaci\u00f3n era solo una parte.<\/p>\n<\/p>\n<p> Dijo que cuando en el primer gobierno de Leonel Fern\u00e1ndez , se dejaron  de tomar  medidas importante y a tiempo  por no perjudicar  la posibilidad electoral no fue una decisi\u00f3n sana ni inteligente, acorde a la responsabilidad de Estado.<\/p>\n<\/p>\n<p> Cit\u00f3 como ejemplo,  la pol\u00edtica de los contratos de producci\u00f3n de energ\u00eda, que eran vencibles  cada a\u00f1o, y obligatoria su renegociaci\u00f3n, pero  nunca se renegociaron desde el primer a\u00f1o, lo que  era una violaci\u00f3n al cronograma de  revisi\u00f3n de los mismos llegando a un nivel donde hubo que renegociarlos despu\u00e9s de cuatro a\u00f1os y,  peor a\u00fan, fue, cuando se incluyeron en el llamado Acuerdo de Madrid, con el cual, entiende le mintieron al presidente Hip\u00f3lito Mej\u00eda.<\/p>\n<\/p>\n<p> Dijo que el Presidente Danilo  Medina s\u00ed lo est\u00e1 haciendo bien, ya que ha pensado que para poder negociar con ventajas en el 16 tiene que desarrollar un parque de producci\u00f3n de energ\u00eda que le permita analizar alternativas distintas. Por eso,  ese el  plan no es solo generaci\u00f3n, para las cuales, habr\u00e1n por lo menos dos plantas que iniciar\u00edan en esa fecha.<\/p>\n<\/p>\n<p> el doctor Antonio Isa Conde expres\u00f3 estas consideraciones al ser entrevistado en el programa \u00bb Democracia TV que cada d\u00eda producen  Deomedes Olivares y Andr\u00e9s Matos  por  Teleradioamerica.<\/p>\n<\/p>\n<p>Copyright 2012 El Nuevo Diario | To<\/p>\n<h6> 2013-11-21 16:41:54 <\/h6>\n<p><!--\n<link rel=\"stylesheet\" href=\"css\/bootstrap.min.css\">\n\n\n<ul class=\"pagination\">\n\t    \n\t\n\n<li >\n\t<a href='?page_no=14291'>Previous<\/a>\n\t<\/li>\n\n\n       \n    \n\n<li><a href='?page_no=1'>1<\/a><\/li>\n\n\n\n<li><a href='?page_no=2'>2<\/a><\/li>\n\n\n\n<li><a>...<\/a><\/li>\n\n\n\n<li><a href='?page_no=14290'>14290<\/a><\/li>\n\n\n\n<li><a href='?page_no=14291'>14291<\/a><\/li>\n\n\n\n<li class='active'><a>14292<\/a><\/li>\n\n\n\n<li><a href='?page_no=14293'>14293<\/a><\/li>\n\n\n\n<li><a href='?page_no=14294'>14294<\/a><\/li>\n\n\n\n<li><a>...<\/a><\/li>\n\n\n\n<li><a href='?page_no=30472'>30472<\/a><\/li>\n\n\n\n<li><a href='?page_no=30473'>30473<\/a><\/li>\n\n    \n\t\n\n<li >\n\t<a href='?page_no=14293'>Next<\/a>\n\t<\/li>\n\n\n    \n\n<li><a href='?page_no=30473'>Last &rsaquo;&rsaquo;<\/a><\/li>\n\n<\/ul>\n\n\n--><br \/>\n<\/body><\/p>\n","protected":false},"excerpt":{"rendered":"<p>Isa Conde afirma compromisos con leyes especiales limitan iniciativas del Gobierno El doctor Antonio Isa Conde afirm\u00f3 que los honorarios de la deuda externa, el gasto del gobierno en la CDEEE, junto a otros compromisos con leyes especiales, como el 4% para la educaci\u00f3n, los ayuntamientos limitan a la presidencia de la Rep\u00fablica de la [&hellip;]<\/p>\n","protected":false},"author":3,"featured_media":0,"comment_status":"open","ping_status":"open","sticky":false,"template":"","format":"standard","meta":{"footnotes":""},"categories":[18],"tags":[],"class_list":["post-98767","post","type-post","status-publish","format-standard","hentry","category-economia"],"_links":{"self":[{"href":"https:\/\/diariodominicano.com\/index.php?rest_route=\/wp\/v2\/posts\/98767","targetHints":{"allow":["GET"]}}],"collection":[{"href":"https:\/\/diariodominicano.com\/index.php?rest_route=\/wp\/v2\/posts"}],"about":[{"href":"https:\/\/diariodominicano.com\/index.php?rest_route=\/wp\/v2\/types\/post"}],"author":[{"embeddable":true,"href":"https:\/\/diariodominicano.com\/index.php?rest_route=\/wp\/v2\/users\/3"}],"replies":[{"embeddable":true,"href":"https:\/\/diariodominicano.com\/index.php?rest_route=%2Fwp%2Fv2%2Fcomments&post=98767"}],"version-history":[{"count":0,"href":"https:\/\/diariodominicano.com\/index.php?rest_route=\/wp\/v2\/posts\/98767\/revisions"}],"wp:attachment":[{"href":"https:\/\/diariodominicano.com\/index.php?rest_route=%2Fwp%2Fv2%2Fmedia&parent=98767"}],"wp:term":[{"taxonomy":"category","embeddable":true,"href":"https:\/\/diariodominicano.com\/index.php?rest_route=%2Fwp%2Fv2%2Fcategories&post=98767"},{"taxonomy":"post_tag","embeddable":true,"href":"https:\/\/diariodominicano.com\/index.php?rest_route=%2Fwp%2Fv2%2Ftags&post=98767"}],"curies":[{"name":"wp","href":"https:\/\/api.w.org\/{rel}","templated":true}]}}