{"id":98766,"date":"2013-11-21T19:59:48","date_gmt":"2013-11-21T19:59:48","guid":{"rendered":"http:\/\/diariodominicano.ddns.net\/?p=98766"},"modified":"2013-11-21T19:59:48","modified_gmt":"2013-11-21T19:59:48","slug":"agricultura-entrega-29-nuevos-kilometros-de-caminos-productivos","status":"publish","type":"post","link":"https:\/\/diariodominicano.com\/?p=98766","title":{"rendered":"Agricultura Entrega 29 Nuevos Kil\u00f3metros de caminos productivos"},"content":{"rendered":"<p><body><\/p>\n<p><img decoding=\"async\" src=\"http:\/\/localhost:8080\/economia\/img3\/camino.jpg\" \/>  <\/p>\n<p><span class=\"text1noticias\">Santo Domingo, RD, 21 de Noviembre.-El ministro de Agricultura, Luis Ram\u00f3n Rodr\u00edguez,  entreg\u00f3 29 nuevos kil\u00f3metros de caminos productivos en San Juan de la Maguana, con lo que eleva a 502  los kil\u00f3metros de v\u00edas reconstruidas en la regi\u00f3n Sur, y a 3 mil en todo el pa\u00eds durante los 14 meses de gesti\u00f3n del presidente Danilo Medina.<\/span><\/p>\n<\/p>\n<p><span class=\"text1noticias\">En el acto de entrega, al que asistieron productores y autoridades de Agricultura, el ministro Rodr\u00edguez dijo que con   la reconstrucci\u00f3n de caminos vecinales  a nivel nacional el presidente Danilo Medina  est\u00e1 beneficiando el  campo dominicano y busca enfrentar  la pobreza que por a\u00f1os ha padecido la zona rural del pa\u00eds. <\/span><\/p>\n<\/p>\n<p><span class=\"text1noticias\">Explic\u00f3 que los trabajos de reconstrucci\u00f3n  de  los caminos entregados benefician a las comunidades de  Punta Ca\u00f1a y Yabonico, de la provincia San Juan, y fueron realizados por el Departamento de Construcci\u00f3n y Reconstrucci\u00f3n de Caminos Vecinales de Agricultura, que dirige Manuel N\u00fa\u00f1ez.       <\/span><\/p>\n<\/p>\n<p><span class=\"text1noticias\">Dijo que el programa de acondicionamiento y construcci\u00f3n de caminos vecinales y de penetraci\u00f3n a las zonas productivas tiene como objetivo  facilitar que los productores  puedan transportar  sus productos  a los mercados de  todos los puntos del pa\u00eds.<\/span><\/p>\n<\/p>\n<p><span class=\"text1noticias\">En la actividad, Rodr\u00edguez estuvo acompa\u00f1ado por el director del Instituto Agrario Dominicana (IAD), Radham\u00e9s Valenzuela; el viceministro de Administrativo de Agricultura, Luis Guti\u00e9rrez, el director de producci\u00f3n, Jacobo Toribio, entre otros funcionarios.<\/span><\/p>\n<p><span class=\"text1noticias\"> <\/span><\/p>\n<p><span class=\"text1noticias\">Luis Ram\u00f3n Rodr\u00edguez destac\u00f3 la pol\u00edtica de trabajo que viene realizando el Departamento de Construcci\u00f3n y Reconstrucci\u00f3n de Caminos Vecinales de Agricultura en toda la   geograf\u00eda nacional.<\/span><\/p>\n<\/p>\n<p><span class=\"text1noticias\">Asegur\u00f3  que continuar\u00e1n rehabilitando los caminos vecinales  en las zonas agropecuarias  con la finalidad de que los productores puedan tener facilidades  para comercializar  sus productos en los principales centros de acopio del pa\u00eds.<\/span><\/p>\n<\/p>\n<p><span class=\"text1noticias\">De su lado,   productores, mun\u00edcipes y autoridades  civiles de la zona, agradecieron al ministro Rodr\u00edguez  por la reconstrucci\u00f3n y  rehabilitaci\u00f3n de los caminos,  los cuales aseguran que estaban intransitables.<\/span><\/p>\n<\/p>\n<p><span class=\"text1noticias\">Expresaron que esos caminos hab\u00edan sido olvidados por todos los Gobiernos y que, por primera vez, un ministro de Agricultura visita la zona.(HG)<\/span>.<\/p>\n<h6> 2013-11-21 19:59:48 <\/h6>\n<p><!--\n<link rel=\"stylesheet\" href=\"css\/bootstrap.min.css\">\n\n\n<ul class=\"pagination\">\n\t    \n\t\n\n<li >\n\t<a href='?page_no=14290'>Previous<\/a>\n\t<\/li>\n\n\n       \n    \n\n<li><a href='?page_no=1'>1<\/a><\/li>\n\n\n\n<li><a href='?page_no=2'>2<\/a><\/li>\n\n\n\n<li><a>...<\/a><\/li>\n\n\n\n<li><a href='?page_no=14289'>14289<\/a><\/li>\n\n\n\n<li><a href='?page_no=14290'>14290<\/a><\/li>\n\n\n\n<li class='active'><a>14291<\/a><\/li>\n\n\n\n<li><a href='?page_no=14292'>14292<\/a><\/li>\n\n\n\n<li><a href='?page_no=14293'>14293<\/a><\/li>\n\n\n\n<li><a>...<\/a><\/li>\n\n\n\n<li><a href='?page_no=30472'>30472<\/a><\/li>\n\n\n\n<li><a href='?page_no=30473'>30473<\/a><\/li>\n\n    \n\t\n\n<li >\n\t<a href='?page_no=14292'>Next<\/a>\n\t<\/li>\n\n\n    \n\n<li><a href='?page_no=30473'>Last &rsaquo;&rsaquo;<\/a><\/li>\n\n<\/ul>\n\n\n--><br \/>\n<\/body><\/p>\n","protected":false},"excerpt":{"rendered":"<p>Santo Domingo, RD, 21 de Noviembre.-El ministro de Agricultura, Luis Ram\u00f3n Rodr\u00edguez, entreg\u00f3 29 nuevos kil\u00f3metros de caminos productivos en San Juan de la Maguana, con lo que eleva a 502 los kil\u00f3metros de v\u00edas reconstruidas en la regi\u00f3n Sur, y a 3 mil en todo el pa\u00eds durante los 14 meses de gesti\u00f3n del [&hellip;]<\/p>\n","protected":false},"author":3,"featured_media":0,"comment_status":"open","ping_status":"open","sticky":false,"template":"","format":"standard","meta":{"footnotes":""},"categories":[18],"tags":[],"class_list":["post-98766","post","type-post","status-publish","format-standard","hentry","category-economia"],"_links":{"self":[{"href":"https:\/\/diariodominicano.com\/index.php?rest_route=\/wp\/v2\/posts\/98766","targetHints":{"allow":["GET"]}}],"collection":[{"href":"https:\/\/diariodominicano.com\/index.php?rest_route=\/wp\/v2\/posts"}],"about":[{"href":"https:\/\/diariodominicano.com\/index.php?rest_route=\/wp\/v2\/types\/post"}],"author":[{"embeddable":true,"href":"https:\/\/diariodominicano.com\/index.php?rest_route=\/wp\/v2\/users\/3"}],"replies":[{"embeddable":true,"href":"https:\/\/diariodominicano.com\/index.php?rest_route=%2Fwp%2Fv2%2Fcomments&post=98766"}],"version-history":[{"count":0,"href":"https:\/\/diariodominicano.com\/index.php?rest_route=\/wp\/v2\/posts\/98766\/revisions"}],"wp:attachment":[{"href":"https:\/\/diariodominicano.com\/index.php?rest_route=%2Fwp%2Fv2%2Fmedia&parent=98766"}],"wp:term":[{"taxonomy":"category","embeddable":true,"href":"https:\/\/diariodominicano.com\/index.php?rest_route=%2Fwp%2Fv2%2Fcategories&post=98766"},{"taxonomy":"post_tag","embeddable":true,"href":"https:\/\/diariodominicano.com\/index.php?rest_route=%2Fwp%2Fv2%2Ftags&post=98766"}],"curies":[{"name":"wp","href":"https:\/\/api.w.org\/{rel}","templated":true}]}}