{"id":98761,"date":"2013-11-22T04:34:20","date_gmt":"2013-11-22T04:34:20","guid":{"rendered":"http:\/\/diariodominicano.ddns.net\/?p=98761"},"modified":"2013-11-22T04:34:20","modified_gmt":"2013-11-22T04:34:20","slug":"comienza-la-primera-semana-pymes-en-republica-dominicana","status":"publish","type":"post","link":"https:\/\/diariodominicano.com\/?p=98761","title":{"rendered":"Comienza  la primera Semana PYMES en Rep\u00fablica Dominicana"},"content":{"rendered":"<p><body><\/p>\n<p><img decoding=\"async\" src=\"img3\/Feria000.jpg\" \/>  <\/p>\n<p><span class=\"text1noticias\">SANTO DOMINGO, DN, RD, 21 de  Noviembre.- Fue iniciada la tarde de este jueves  la Semana PYMES, organizada con el prop\u00f3sito de convertirse en un espacio para que las micro, peque\u00f1as y medianas empresas del pa\u00eds encuentren oportunidades y soluciones, orientadas al desarrollo integral de sus negocios.<\/span><\/p>\n<\/p>\n<p><span class=\"text1noticias\">La actividad, se realiza por primera vez, del 21 al 25 de noviembre, en el Sal\u00f3n de Eventos del Centro Comercial Sambil,  y est\u00e1 enmarcada dentro del esfuerzo que lleva a cabo el Gobierno, para favorecer al sector de peque\u00f1as y medianas empresas, y a toda la comunidad emprendedora.<\/span><\/p>\n<\/p>\n<p><span class=\"text1noticias\">Durante la Semana, los asistentes tendr\u00e1n acceso gratuito a un amplio programa acad\u00e9mico de formaci\u00f3n empresarial, a sesiones de encuentros comerciales y de negocios, y tambi\u00e9n al acceso de los diferentes m\u00f3dulos informativos de las organizaciones de los sectores p\u00fablico y privado que brindan servicios para el desarrollo de las PYMES.<\/span><\/p>\n<\/p>\n<p><span class=\"text1noticias\">En esta primera oportunidad, la Semana PYMES, tiene como pa\u00eds invitado de honor a M\u00e9xico, por ser los pioneros en la regi\u00f3n en organizar este tipo de eventos desde el a\u00f1o 2000.<\/span><\/p>\n<\/p>\n<p><span class=\"text1noticias\">En su discurso Jos\u00e9 del Castillo Savi\u00f1\u00f3n, ministro de Industria y Comercio, expres\u00f3 que \u00abAlgo que nos llena de mucho orgullo y nos complace resaltar es el rotundo apoyo y la forma entusiasta con que toda la comunidad emprendedora, empresarial, gremial y acad\u00e9mica, han hecho suya esta iniciativa, lo que reafirma el hecho de que el programa de apoyo integral a las PYMES no solo es una estrategia del gobierno dominicano, sino una estrategia pa\u00eds\u00bb.<\/span><\/p>\n<\/p>\n<p><span class=\"text1noticias\">Las conferencias y talleres que se desarrollar\u00e1n durante el evento ser\u00e1n impartidos por reconocidos expositores nacionales e internacionales, expertos en diversos temas de inter\u00e9s, como financiamiento, creaci\u00f3n y desarrollo de empresas, as\u00ed como procedimientos para la formalizaci\u00f3n de las mismas.<\/span><\/p>\n<\/p>\n<p><span class=\"text1noticias\">Al final de este encuentro, se entregar\u00e1 la primera versi\u00f3n del \u00abReconocimiento a la Excelencia PYMES\u00bb, galard\u00f3n que tiene el prop\u00f3sito de reconocer la calidad, el desarrollo de las peque\u00f1as y medianas empresas dominicanas, con las categor\u00edas de excelencia empresarial, innovaci\u00f3n, esfuerzo a la exportaci\u00f3n y emprendimiento.<\/span><\/p>\n<p><span class=\"text1noticias\"> <\/span><\/p>\n<\/p>\n<\/p>\n<h6> 2013-11-22 04:34:20 <\/h6>\n<p><!--\n<link rel=\"stylesheet\" href=\"css\/bootstrap.min.css\">\n\n\n<ul class=\"pagination\">\n\t    \n\t\n\n<li >\n\t<a href='?page_no=14286'>Previous<\/a>\n\t<\/li>\n\n\n       \n    \n\n<li><a href='?page_no=1'>1<\/a><\/li>\n\n\n\n<li><a href='?page_no=2'>2<\/a><\/li>\n\n\n\n<li><a>...<\/a><\/li>\n\n\n\n<li><a href='?page_no=14285'>14285<\/a><\/li>\n\n\n\n<li><a href='?page_no=14286'>14286<\/a><\/li>\n\n\n\n<li class='active'><a>14287<\/a><\/li>\n\n\n\n<li><a href='?page_no=14288'>14288<\/a><\/li>\n\n\n\n<li><a href='?page_no=14289'>14289<\/a><\/li>\n\n\n\n<li><a>...<\/a><\/li>\n\n\n\n<li><a href='?page_no=30472'>30472<\/a><\/li>\n\n\n\n<li><a href='?page_no=30473'>30473<\/a><\/li>\n\n    \n\t\n\n<li >\n\t<a href='?page_no=14288'>Next<\/a>\n\t<\/li>\n\n\n    \n\n<li><a href='?page_no=30473'>Last &rsaquo;&rsaquo;<\/a><\/li>\n\n<\/ul>\n\n\n--><br \/>\n<\/body><\/p>\n","protected":false},"excerpt":{"rendered":"<p>SANTO DOMINGO, DN, RD, 21 de Noviembre.- Fue iniciada la tarde de este jueves la Semana PYMES, organizada con el prop\u00f3sito de convertirse en un espacio para que las micro, peque\u00f1as y medianas empresas del pa\u00eds encuentren oportunidades y soluciones, orientadas al desarrollo integral de sus negocios. La actividad, se realiza por primera vez, del [&hellip;]<\/p>\n","protected":false},"author":3,"featured_media":0,"comment_status":"open","ping_status":"open","sticky":false,"template":"","format":"standard","meta":{"footnotes":""},"categories":[18],"tags":[],"class_list":["post-98761","post","type-post","status-publish","format-standard","hentry","category-economia"],"_links":{"self":[{"href":"https:\/\/diariodominicano.com\/index.php?rest_route=\/wp\/v2\/posts\/98761","targetHints":{"allow":["GET"]}}],"collection":[{"href":"https:\/\/diariodominicano.com\/index.php?rest_route=\/wp\/v2\/posts"}],"about":[{"href":"https:\/\/diariodominicano.com\/index.php?rest_route=\/wp\/v2\/types\/post"}],"author":[{"embeddable":true,"href":"https:\/\/diariodominicano.com\/index.php?rest_route=\/wp\/v2\/users\/3"}],"replies":[{"embeddable":true,"href":"https:\/\/diariodominicano.com\/index.php?rest_route=%2Fwp%2Fv2%2Fcomments&post=98761"}],"version-history":[{"count":0,"href":"https:\/\/diariodominicano.com\/index.php?rest_route=\/wp\/v2\/posts\/98761\/revisions"}],"wp:attachment":[{"href":"https:\/\/diariodominicano.com\/index.php?rest_route=%2Fwp%2Fv2%2Fmedia&parent=98761"}],"wp:term":[{"taxonomy":"category","embeddable":true,"href":"https:\/\/diariodominicano.com\/index.php?rest_route=%2Fwp%2Fv2%2Fcategories&post=98761"},{"taxonomy":"post_tag","embeddable":true,"href":"https:\/\/diariodominicano.com\/index.php?rest_route=%2Fwp%2Fv2%2Ftags&post=98761"}],"curies":[{"name":"wp","href":"https:\/\/api.w.org\/{rel}","templated":true}]}}