{"id":98760,"date":"2013-11-22T14:05:46","date_gmt":"2013-11-22T14:05:46","guid":{"rendered":"http:\/\/diariodominicano.ddns.net\/?p=98760"},"modified":"2013-11-22T14:05:46","modified_gmt":"2013-11-22T14:05:46","slug":"codia-apoya-licitacion-plantas-a-carbon","status":"publish","type":"post","link":"https:\/\/diariodominicano.com\/?p=98760","title":{"rendered":"Codia apoya licitaci\u00f3n plantas a carb\u00f3n"},"content":{"rendered":"<p><body><\/p>\n<p><img decoding=\"async\" src=\"img3\/codia 22.php.html\" \/>  <\/p>\n<p>Santo Domingo RD 22 noviembre.- .- El Colegio de Ingenieros, Arquitectos y Agrimensores (CODIA) expres\u00f3 su respaldo al proceso de licitaci\u00f3n para la instalaci\u00f3n de dos plantas a carb\u00f3n para la generaci\u00f3n de 720 megavatios de energ\u00eda.<\/p>\n<\/p>\n<p>Indic\u00f3 que las mismas aumentar\u00e1n la oferta de electricidad a un costo competitivo y reducir\u00e1 el subsidio.<\/p>\n<\/p>\n<p>Aridio Santos, presidente del gremio, destac\u00f3, adem\u00e1s, la transparencia con la que la Corporaci\u00f3n Dominicana de Empresas El\u00e9ctricas Estatales (CDEE) llev\u00f3 a cabo el proceso y las ventajas que representan dichas plantas para la diversificaci\u00f3n de la matriz de los combustibles para la generaci\u00f3n el\u00e9ctrica.<\/p>\n<\/p>\n<p>Consider\u00f3 que la construcci\u00f3n en corto plazo de esas unidades contribuir\u00e1 a reducir el costo promedio de generaci\u00f3n y de venta de energ\u00eda a usuarios, lo que se traducir\u00e1 en un aporte importante para la econom\u00eda, ya que mejorar\u00e1 el presupuesto familiar y la estructura de costo de los sectores productivos.<\/p>\n<\/p>\n<p>\u00abAhora, solo falta que el gobierno central asuma su responsabilidad de poner en ejecuci\u00f3n la construcci\u00f3n de estas plantas en la mayor brevedad posible, a los fines de que puedan incorporarse a las redes de distribuci\u00f3n durante lo que resta del mandato constitucional del presidente Danilo Medina\u00bb, expres\u00f3..<\/p>\n<\/p>\n<p>Agreg\u00f3 que \u00abde esta manera, el Mandatario har\u00e1 realidad su promesa de hacer lo que nunca se ha hecho,  y en el fiel cumplimiento del compromiso asumido ante la naci\u00f3n, al se\u00f1alar en su hist\u00f3rico discurso de juramentaci\u00f3n que su paso por la Presidencia de la Rep\u00fablica estar\u00eda fundamentado en tres pactos con la sociedad dominicana en el \u00e1rea de la educaci\u00f3n, fiscal y el\u00e9ctrica, se\u00f1alando este \u00faltimo como una prioridad que no tolera dilaciones\u00bb.<\/p>\n<\/p>\n<p>Observ\u00f3 que Rep\u00fablica Dominicana no puede aspirar a un desarrollo sostenible sin un sistema el\u00e9ctrico confiable y de calidad, que supla el d\u00e9ficit actual de generaci\u00f3n.<\/p>\n<\/p>\n<h6> 2013-11-22 14:05:46 <\/h6>\n<p><!--\n<link rel=\"stylesheet\" href=\"css\/bootstrap.min.css\">\n\n\n<ul class=\"pagination\">\n\t    \n\t\n\n<li >\n\t<a href='?page_no=14285'>Previous<\/a>\n\t<\/li>\n\n\n       \n    \n\n<li><a href='?page_no=1'>1<\/a><\/li>\n\n\n\n<li><a href='?page_no=2'>2<\/a><\/li>\n\n\n\n<li><a>...<\/a><\/li>\n\n\n\n<li><a href='?page_no=14284'>14284<\/a><\/li>\n\n\n\n<li><a href='?page_no=14285'>14285<\/a><\/li>\n\n\n\n<li class='active'><a>14286<\/a><\/li>\n\n\n\n<li><a href='?page_no=14287'>14287<\/a><\/li>\n\n\n\n<li><a href='?page_no=14288'>14288<\/a><\/li>\n\n\n\n<li><a>...<\/a><\/li>\n\n\n\n<li><a href='?page_no=30472'>30472<\/a><\/li>\n\n\n\n<li><a href='?page_no=30473'>30473<\/a><\/li>\n\n    \n\t\n\n<li >\n\t<a href='?page_no=14287'>Next<\/a>\n\t<\/li>\n\n\n    \n\n<li><a href='?page_no=30473'>Last &rsaquo;&rsaquo;<\/a><\/li>\n\n<\/ul>\n\n\n--><br \/>\n<\/body><\/p>\n","protected":false},"excerpt":{"rendered":"<p>Santo Domingo RD 22 noviembre.- .- El Colegio de Ingenieros, Arquitectos y Agrimensores (CODIA) expres\u00f3 su respaldo al proceso de licitaci\u00f3n para la instalaci\u00f3n de dos plantas a carb\u00f3n para la generaci\u00f3n de 720 megavatios de energ\u00eda. Indic\u00f3 que las mismas aumentar\u00e1n la oferta de electricidad a un costo competitivo y reducir\u00e1 el subsidio. Aridio [&hellip;]<\/p>\n","protected":false},"author":3,"featured_media":0,"comment_status":"open","ping_status":"open","sticky":false,"template":"","format":"standard","meta":{"footnotes":""},"categories":[18],"tags":[],"class_list":["post-98760","post","type-post","status-publish","format-standard","hentry","category-economia"],"_links":{"self":[{"href":"https:\/\/diariodominicano.com\/index.php?rest_route=\/wp\/v2\/posts\/98760","targetHints":{"allow":["GET"]}}],"collection":[{"href":"https:\/\/diariodominicano.com\/index.php?rest_route=\/wp\/v2\/posts"}],"about":[{"href":"https:\/\/diariodominicano.com\/index.php?rest_route=\/wp\/v2\/types\/post"}],"author":[{"embeddable":true,"href":"https:\/\/diariodominicano.com\/index.php?rest_route=\/wp\/v2\/users\/3"}],"replies":[{"embeddable":true,"href":"https:\/\/diariodominicano.com\/index.php?rest_route=%2Fwp%2Fv2%2Fcomments&post=98760"}],"version-history":[{"count":0,"href":"https:\/\/diariodominicano.com\/index.php?rest_route=\/wp\/v2\/posts\/98760\/revisions"}],"wp:attachment":[{"href":"https:\/\/diariodominicano.com\/index.php?rest_route=%2Fwp%2Fv2%2Fmedia&parent=98760"}],"wp:term":[{"taxonomy":"category","embeddable":true,"href":"https:\/\/diariodominicano.com\/index.php?rest_route=%2Fwp%2Fv2%2Fcategories&post=98760"},{"taxonomy":"post_tag","embeddable":true,"href":"https:\/\/diariodominicano.com\/index.php?rest_route=%2Fwp%2Fv2%2Ftags&post=98760"}],"curies":[{"name":"wp","href":"https:\/\/api.w.org\/{rel}","templated":true}]}}