{"id":98757,"date":"2013-11-22T15:15:03","date_gmt":"2013-11-22T15:15:03","guid":{"rendered":"http:\/\/diariodominicano.ddns.net\/?p=98757"},"modified":"2013-11-22T15:15:03","modified_gmt":"2013-11-22T15:15:03","slug":"sie-deja-abierto-nuevo-punto-expreso-en-la-zona-oriental","status":"publish","type":"post","link":"https:\/\/diariodominicano.com\/?p=98757","title":{"rendered":"SIE deja abierto nuevo punto expreso en la Zona Oriental"},"content":{"rendered":"<p><body><\/p>\n<p><img decoding=\"async\" src=\"img3\/luz 22.jpg\" \/>  <\/p>\n<p>Santo Domingo RD 22 noviembre.- La Superintendencia de Electricidad abri\u00f3 un nuevo \u00abpunto expreso\u00bb de Protecci\u00f3n al Consumidor (PROTECOM), con el objetivo de atender y procesar en corto tiempo  las reclamaciones  de los clientes del servicio el\u00e9ctrico de Santo Domingo Este y zonas aleda\u00f1as. <\/p>\n<\/p>\n<p>El acto de apertura del nuevo punto en la zona oriental   estuvo encabezado por el superintendente  de Electricidad, Ingeniero Eduardo Quinconces y  los miembros del Consejo de la SIE, Doctor Di\u00f3genes Rodr\u00edguez y el Licenciado \u00c1ngel Can\u00f3.<\/p>\n<\/p>\n<p>El punto expreso de PROTECOM est\u00e1  ubicado en  la plaza Basora, esquina calle 17, local 1B y 2A, autopista Las Am\u00e9ricas, n\u00famero 12, Santo  Domingo Este y fue bendecido por el padre Joel Villafa\u00f1a. <\/p>\n<\/p>\n<p>La nueva oficina estar\u00e1 dotada de  tecnolog\u00eda para garantizar a los clientes atenci\u00f3n efectiva a sus  denuncias y reclamos, garantiz\u00f3 el presidente del consejo de la SIE, Ingeniero Eduardo Quincoces.<\/p>\n<\/p>\n<p> \u00abQuiero hacer un llamado a  los usuarios del servicio el\u00e9ctrico que se sientan afectados, a que presenten sus quejas, ya sea por alto consumo, corte irregular, mala calidad de servicio al cliente, etc., para que sin temor acudan a cualquiera de los puntos expresos existentes en la provincia de Santo Domingo y el Distrito Nacional a disposici\u00f3n de los usuarios del servicio el\u00e9ctrico\u00bb dijo el funcionario.<\/p>\n<\/p>\n<p>Reiter\u00f3 que la  Superintendencia de Electricidad tiene el compromiso de hacer cumplir lo que establece la Ley 125-01 y el Reglamento de Aplicaci\u00f3n   en beneficio de los usuarios.<\/p>\n<\/p>\n<p>El superintendente de Electricidad, manifest\u00f3 que la modalidad de puntos expresos en plazas comerciales busca optimizar la calidad del servicio, tener mayor disponibilidad y penetraci\u00f3n en la poblaci\u00f3n sobre todo mejorar la atenci\u00f3n, tiempo y repuesta.<\/p>\n<\/p>\n<p> La puesta en operaci\u00f3n del nuevo  punto expreso de la SIE  beneficiar\u00e1 los clientes el\u00e9ctricos de Alma Rosa, ensanche Ozama, Maquiteria, Los Mameyes, Villa Duarte, Los Tres Ojos,  El Rosal, Marginal Las Am\u00e9ricas, entre otros. Al acto asisti\u00f3  adem\u00e1s Jos\u00e9 Rosario director de (PROTECOM), y Jahaira Dom\u00ednguez Belliard encargada de los puntos expresos.<\/p>\n<\/p>\n<p>Este a\u00f1o la (SIE) ha abierto m\u00e1s de cinco (5) puntos expresos en los centros comerciales, entre los que se destacan: Plaza Lama, de la avenida 27 de  Febrero esquina Winston Churchill, en Bella Vista; Plaza Hache, en la avenida John F. Kennedy y Jumbo de la avenida Luper\u00f3n,  en Santo Domingo Oeste.<\/p>\n<\/p>\n<p>El nuevo punto expreso  brindar\u00e1 servicio en  horario de 8:00 de la ma\u00f1ana a 9:00 de la noche, y los s\u00e1bados de 8:00 de la ma\u00f1ana  hasta las 3.00 de la tarde.<\/p>\n<\/p>\n<p>Tambi\u00e9n fueron abiertos los puntos expresos en el Supermercado Nacional de la Charles de Gaulle, n\u00famero 10, ensanche Los Trinitarios, y en La Sirena de la Charles de Gaulle equina Hermanas Mirabal, en Villa Mella, en la provincia Santo Domingo Norte.<\/p>\n<\/p>\n<p>Copyright 2012 El Nuevo Diario |<\/p>\n<h6> 2013-11-22 15:15:03 <\/h6>\n<p><!--\n<link rel=\"stylesheet\" href=\"css\/bootstrap.min.css\">\n\n\n<ul class=\"pagination\">\n\t    \n\t\n\n<li >\n\t<a href='?page_no=14282'>Previous<\/a>\n\t<\/li>\n\n\n       \n    \n\n<li><a href='?page_no=1'>1<\/a><\/li>\n\n\n\n<li><a href='?page_no=2'>2<\/a><\/li>\n\n\n\n<li><a>...<\/a><\/li>\n\n\n\n<li><a href='?page_no=14281'>14281<\/a><\/li>\n\n\n\n<li><a href='?page_no=14282'>14282<\/a><\/li>\n\n\n\n<li class='active'><a>14283<\/a><\/li>\n\n\n\n<li><a href='?page_no=14284'>14284<\/a><\/li>\n\n\n\n<li><a href='?page_no=14285'>14285<\/a><\/li>\n\n\n\n<li><a>...<\/a><\/li>\n\n\n\n<li><a href='?page_no=30472'>30472<\/a><\/li>\n\n\n\n<li><a href='?page_no=30473'>30473<\/a><\/li>\n\n    \n\t\n\n<li >\n\t<a href='?page_no=14284'>Next<\/a>\n\t<\/li>\n\n\n    \n\n<li><a href='?page_no=30473'>Last &rsaquo;&rsaquo;<\/a><\/li>\n\n<\/ul>\n\n\n--><br \/>\n<\/body><\/p>\n","protected":false},"excerpt":{"rendered":"<p>Santo Domingo RD 22 noviembre.- La Superintendencia de Electricidad abri\u00f3 un nuevo \u00abpunto expreso\u00bb de Protecci\u00f3n al Consumidor (PROTECOM), con el objetivo de atender y procesar en corto tiempo las reclamaciones de los clientes del servicio el\u00e9ctrico de Santo Domingo Este y zonas aleda\u00f1as. El acto de apertura del nuevo punto en la zona oriental [&hellip;]<\/p>\n","protected":false},"author":3,"featured_media":0,"comment_status":"open","ping_status":"open","sticky":false,"template":"","format":"standard","meta":{"footnotes":""},"categories":[18],"tags":[],"class_list":["post-98757","post","type-post","status-publish","format-standard","hentry","category-economia"],"_links":{"self":[{"href":"https:\/\/diariodominicano.com\/index.php?rest_route=\/wp\/v2\/posts\/98757","targetHints":{"allow":["GET"]}}],"collection":[{"href":"https:\/\/diariodominicano.com\/index.php?rest_route=\/wp\/v2\/posts"}],"about":[{"href":"https:\/\/diariodominicano.com\/index.php?rest_route=\/wp\/v2\/types\/post"}],"author":[{"embeddable":true,"href":"https:\/\/diariodominicano.com\/index.php?rest_route=\/wp\/v2\/users\/3"}],"replies":[{"embeddable":true,"href":"https:\/\/diariodominicano.com\/index.php?rest_route=%2Fwp%2Fv2%2Fcomments&post=98757"}],"version-history":[{"count":0,"href":"https:\/\/diariodominicano.com\/index.php?rest_route=\/wp\/v2\/posts\/98757\/revisions"}],"wp:attachment":[{"href":"https:\/\/diariodominicano.com\/index.php?rest_route=%2Fwp%2Fv2%2Fmedia&parent=98757"}],"wp:term":[{"taxonomy":"category","embeddable":true,"href":"https:\/\/diariodominicano.com\/index.php?rest_route=%2Fwp%2Fv2%2Fcategories&post=98757"},{"taxonomy":"post_tag","embeddable":true,"href":"https:\/\/diariodominicano.com\/index.php?rest_route=%2Fwp%2Fv2%2Ftags&post=98757"}],"curies":[{"name":"wp","href":"https:\/\/api.w.org\/{rel}","templated":true}]}}