{"id":98755,"date":"2013-11-22T19:20:44","date_gmt":"2013-11-22T19:20:44","guid":{"rendered":"http:\/\/diariodominicano.ddns.net\/?p=98755"},"modified":"2013-11-22T19:20:44","modified_gmt":"2013-11-22T19:20:44","slug":"poblacion-abarrota-el-merca-santo-domingo-atraida-por-los-bajos-precios-de-los-productos","status":"publish","type":"post","link":"https:\/\/diariodominicano.com\/?p=98755","title":{"rendered":"&#13;&#13;&#13;&#13;Poblaci\u00f3n abarrota el Merca Santo Domingo atra\u00edda por los bajos precios de los productos"},"content":{"rendered":"<p><body><\/p>\n<\/p>\n<p>Santo Domingo, RD, 22 de noviembre.- Cientos de compradores contin\u00faan acudiendo los fines de semana al Merca Santo Domingo atra\u00eddos por los bajos precios que pagan por los alimentos que all\u00ed adquieren, mientras los productores participantes aseguran que obtienen mayores beneficios por la venta de sus cosechas.<\/p>\n<\/p>\n<p>Eusebio Guzm\u00e1n, administrador general del Merca, dijo que se siente satisfecho con los avance en los vol\u00famenes de venta de los productos en esta tercera etapa, que en el primer d\u00eda de este fin de semana tuvo una amplia aceptaci\u00f3n por parte de los vendedores y consumidores.<\/p>\n<\/p>\n<p>Guzm\u00e1n asegur\u00f3 que los agroempresarios que se han dado cita en  el Merca tambi\u00e9n se sienten satisfechos con el servicio que les ofrece el Ministerio de Agricultura con las nuevas y modernas instalaciones.<\/p>\n<\/p>\n<p>El funcionario llam\u00f3 a la poblaci\u00f3n para que aproveche esta plaza y se abastezca de los productos para su cena navide\u00f1a, ya que se estar\u00e1n haciendo ofertas especiales durante los tres d\u00edas de ventas de todos los fines de semana.<\/p>\n<\/p>\n<p>Las actividades del Merca se caracterizan por el orden, calidad de los productos, buena presentaci\u00f3n y bajos precios  de los productos agropecuarios, lo que Guzm\u00e1n asegura son la raz\u00f3n de su \u00e9xito.<\/p>\n<\/p>\n<p>Jairo Severino, comprador del Merca dijo que  \u00abel Merca Santo Domingo representa la oportunidad m\u00e1s importante para que la poblaci\u00f3n ahorre su dinero, porque la eliminaci\u00f3n de los intermediario en la ventas de productos es un avance por parte del Gobierno que el pueblo dominicano debe valorar\u00bb.<\/p>\n<\/p>\n<p>Otra  expresi\u00f3n de satisfacci\u00f3n la manifest\u00f3 William Pozo cuando dijo \u00abel que no come con estos precios del Merca es porque no quiere, ya que los precios de los productos est\u00e1n por el suelo\u00bb.<\/p>\n<\/p>\n<p>\u00c1ngela Carbucia, otra de las compradoras del Merca, exhort\u00f3 a la poblaci\u00f3n a no dejarse enga\u00f1ar por los vendedores que sobrevaluan los precios en otros comercios, ya que pueden visitar y confirmar las rebajas en los productos de la canasta familiar que se obtienen en el Merca.<\/p>\n<\/p>\n<p>Dentro  de los productores, comerciantes y t\u00e9cnicos agropecuarios  del Merca que aseguran estar agradecidos de la iniciativa del gobierno de construir un centro de acopio de las caracter\u00edsticas que distinguen al merca Santo Domingo est\u00e1n Jos\u00e9 de Le\u00f3n, de Casa Chepe; Jos\u00e9 Ram\u00f3n Cabreja, productor de chinola org\u00e1nica, y Jos\u00e9 Rosa, presidente del cl\u00faster de aguacate. <\/p>\n<\/p>\n<p>El merca Santo Domingo, construido en un terreno de un mill\u00f3n cien mil metros cuadrados cont\u00f3 con una inversi\u00f3n de RD$5,000 mil millones, incluyendo la construcci\u00f3n de una circunvalaci\u00f3n desde el Puerto de Haina hasta el Puerto Multimodal de Boca Chica, pasando a la altura del kil\u00f3metro 23 de la autopista Duarte.  Seg\u00fan el viceministro de Obras P\u00fablicas, Enrique Lied, esta v\u00eda estar\u00e1 lista en cuatro semanas y facilitar\u00e1 el acceso al Merca Santo Domingo. <\/p>\n<h6> 2013-11-22 19:20:44 <\/h6>\n<p><!--\n<link rel=\"stylesheet\" href=\"css\/bootstrap.min.css\">\n\n\n<ul class=\"pagination\">\n\t    \n\t\n\n<li >\n\t<a href='?page_no=14280'>Previous<\/a>\n\t<\/li>\n\n\n       \n    \n\n<li><a href='?page_no=1'>1<\/a><\/li>\n\n\n\n<li><a href='?page_no=2'>2<\/a><\/li>\n\n\n\n<li><a>...<\/a><\/li>\n\n\n\n<li><a href='?page_no=14279'>14279<\/a><\/li>\n\n\n\n<li><a href='?page_no=14280'>14280<\/a><\/li>\n\n\n\n<li class='active'><a>14281<\/a><\/li>\n\n\n\n<li><a href='?page_no=14282'>14282<\/a><\/li>\n\n\n\n<li><a href='?page_no=14283'>14283<\/a><\/li>\n\n\n\n<li><a>...<\/a><\/li>\n\n\n\n<li><a href='?page_no=30472'>30472<\/a><\/li>\n\n\n\n<li><a href='?page_no=30473'>30473<\/a><\/li>\n\n    \n\t\n\n<li >\n\t<a href='?page_no=14282'>Next<\/a>\n\t<\/li>\n\n\n    \n\n<li><a href='?page_no=30473'>Last &rsaquo;&rsaquo;<\/a><\/li>\n\n<\/ul>\n\n\n--><br \/>\n<\/body><\/p>\n","protected":false},"excerpt":{"rendered":"<p>Santo Domingo, RD, 22 de noviembre.- Cientos de compradores contin\u00faan acudiendo los fines de semana al Merca Santo Domingo atra\u00eddos por los bajos precios que pagan por los alimentos que all\u00ed adquieren, mientras los productores participantes aseguran que obtienen mayores beneficios por la venta de sus cosechas. Eusebio Guzm\u00e1n, administrador general del Merca, dijo que [&hellip;]<\/p>\n","protected":false},"author":3,"featured_media":0,"comment_status":"open","ping_status":"open","sticky":false,"template":"","format":"standard","meta":{"footnotes":""},"categories":[18],"tags":[],"class_list":["post-98755","post","type-post","status-publish","format-standard","hentry","category-economia"],"_links":{"self":[{"href":"https:\/\/diariodominicano.com\/index.php?rest_route=\/wp\/v2\/posts\/98755","targetHints":{"allow":["GET"]}}],"collection":[{"href":"https:\/\/diariodominicano.com\/index.php?rest_route=\/wp\/v2\/posts"}],"about":[{"href":"https:\/\/diariodominicano.com\/index.php?rest_route=\/wp\/v2\/types\/post"}],"author":[{"embeddable":true,"href":"https:\/\/diariodominicano.com\/index.php?rest_route=\/wp\/v2\/users\/3"}],"replies":[{"embeddable":true,"href":"https:\/\/diariodominicano.com\/index.php?rest_route=%2Fwp%2Fv2%2Fcomments&post=98755"}],"version-history":[{"count":0,"href":"https:\/\/diariodominicano.com\/index.php?rest_route=\/wp\/v2\/posts\/98755\/revisions"}],"wp:attachment":[{"href":"https:\/\/diariodominicano.com\/index.php?rest_route=%2Fwp%2Fv2%2Fmedia&parent=98755"}],"wp:term":[{"taxonomy":"category","embeddable":true,"href":"https:\/\/diariodominicano.com\/index.php?rest_route=%2Fwp%2Fv2%2Fcategories&post=98755"},{"taxonomy":"post_tag","embeddable":true,"href":"https:\/\/diariodominicano.com\/index.php?rest_route=%2Fwp%2Fv2%2Ftags&post=98755"}],"curies":[{"name":"wp","href":"https:\/\/api.w.org\/{rel}","templated":true}]}}