{"id":98754,"date":"2013-11-22T22:24:47","date_gmt":"2013-11-22T22:24:47","guid":{"rendered":"http:\/\/diariodominicano.ddns.net\/?p=98754"},"modified":"2013-11-22T22:24:47","modified_gmt":"2013-11-22T22:24:47","slug":"bvrd-reconoce-al-banco-central","status":"publish","type":"post","link":"https:\/\/diariodominicano.com\/?p=98754","title":{"rendered":"BVRD reconoce al Banco Central"},"content":{"rendered":"<p><body><\/p>\n<p><img decoding=\"async\" src=\"img3\/BVRDaBC221113.jpg\" \/>  <\/p>\n<\/p>\n<p><span class=\"text1noticias\">SANTO DOMINGO, DN, RD, 22 de Noviembre.- El Banco Central recibi\u00f3 un reconocimiento de parte de la Bolsa de Valores de Rep\u00fablica Dominicana  (BVRD)  por su apoyo al desarrollo del mercado de valores en Rep\u00fablica Dominicana.<\/span><\/p>\n<\/p>\n<p><span class=\"text1noticias\"> El reconocimiento fue recibido por el Gerente del Banco Central, Lic. Ervin Novas, de manos de Mar\u00eda Antonia Esteva de Bison\u00f3 y Felipe Amador, Presidente y Gerente, respectivamente, de la BVRD, en el marco de la celebraci\u00f3n del II Foro Internacional del Mercado de Valores, celebrado en Santo Domingo.<\/span><\/p>\n<\/p>\n<p><span class=\"text1noticias\"> En sus palabras de motivaci\u00f3n del reconocimiento, la se\u00f1ora Esteva de Bison\u00f3 dijo que el Banco Central ha hecho valiosas contribuciones al mercado de valores al crear un marco legal y un reglamento para el desarrollo de esta actividad.  <\/span><\/p>\n<\/p>\n<p><span class=\"text1noticias\"> Felipe Amador, Ervin Novas y Mar\u00eda Antonia Esteva de Bison\u00f3.<\/span><\/p>\n<\/p>\n<p><span class=\"text1noticias\">Igualmente, se\u00f1al\u00f3 que el Banco Central ha creado el sistema de liquidaci\u00f3n bruta en tiempo real, dando acceso directo a los puestos de bolsa, y llev\u00f3 a cabo la desmaterializaci\u00f3n de t\u00edtulos, propiciando la eficiencia e internacionalizaci\u00f3n del sector.<\/span><\/p>\n<\/p>\n<p><span class=\"text1noticias\"> De su lado, el Gerente del Banco Central, Ervin Novas Bello agradeci\u00f3 el reconocimiento en nombre del Gobernador H\u00e9ctor Valdez Albizu y las autoridades de la Junta Monetaria, y reiter\u00f3 el compromiso de la instituci\u00f3n con el desarrollo del mercado de valores en el pa\u00eds.<\/span><\/p>\n<\/p>\n<p><span class=\"text1noticias\"> El II Foro Internacional de Mercado de Valores cont\u00f3 con la participaci\u00f3n de 11 expositores nacionales e internacionales que abordaron temas como la Ley 189-11 de Desarrollo de Mercado Hipotecario, la figura del Fideicomiso, los fondos inmobiliarios, mercado de capitales y mercado de deuda, entre otros. <\/span><\/p>\n<\/p>\n<\/p>\n<h6> 2013-11-22 22:24:47 <\/h6>\n<p><!--\n<link rel=\"stylesheet\" href=\"css\/bootstrap.min.css\">\n\n\n<ul class=\"pagination\">\n\t    \n\t\n\n<li >\n\t<a href='?page_no=14279'>Previous<\/a>\n\t<\/li>\n\n\n       \n    \n\n<li><a href='?page_no=1'>1<\/a><\/li>\n\n\n\n<li><a href='?page_no=2'>2<\/a><\/li>\n\n\n\n<li><a>...<\/a><\/li>\n\n\n\n<li><a href='?page_no=14278'>14278<\/a><\/li>\n\n\n\n<li><a href='?page_no=14279'>14279<\/a><\/li>\n\n\n\n<li class='active'><a>14280<\/a><\/li>\n\n\n\n<li><a href='?page_no=14281'>14281<\/a><\/li>\n\n\n\n<li><a href='?page_no=14282'>14282<\/a><\/li>\n\n\n\n<li><a>...<\/a><\/li>\n\n\n\n<li><a href='?page_no=30472'>30472<\/a><\/li>\n\n\n\n<li><a href='?page_no=30473'>30473<\/a><\/li>\n\n    \n\t\n\n<li >\n\t<a href='?page_no=14281'>Next<\/a>\n\t<\/li>\n\n\n    \n\n<li><a href='?page_no=30473'>Last &rsaquo;&rsaquo;<\/a><\/li>\n\n<\/ul>\n\n\n--><br \/>\n<\/body><\/p>\n","protected":false},"excerpt":{"rendered":"<p>SANTO DOMINGO, DN, RD, 22 de Noviembre.- El Banco Central recibi\u00f3 un reconocimiento de parte de la Bolsa de Valores de Rep\u00fablica Dominicana (BVRD) por su apoyo al desarrollo del mercado de valores en Rep\u00fablica Dominicana. El reconocimiento fue recibido por el Gerente del Banco Central, Lic. Ervin Novas, de manos de Mar\u00eda Antonia Esteva [&hellip;]<\/p>\n","protected":false},"author":3,"featured_media":0,"comment_status":"open","ping_status":"open","sticky":false,"template":"","format":"standard","meta":{"footnotes":""},"categories":[18],"tags":[],"class_list":["post-98754","post","type-post","status-publish","format-standard","hentry","category-economia"],"_links":{"self":[{"href":"https:\/\/diariodominicano.com\/index.php?rest_route=\/wp\/v2\/posts\/98754","targetHints":{"allow":["GET"]}}],"collection":[{"href":"https:\/\/diariodominicano.com\/index.php?rest_route=\/wp\/v2\/posts"}],"about":[{"href":"https:\/\/diariodominicano.com\/index.php?rest_route=\/wp\/v2\/types\/post"}],"author":[{"embeddable":true,"href":"https:\/\/diariodominicano.com\/index.php?rest_route=\/wp\/v2\/users\/3"}],"replies":[{"embeddable":true,"href":"https:\/\/diariodominicano.com\/index.php?rest_route=%2Fwp%2Fv2%2Fcomments&post=98754"}],"version-history":[{"count":0,"href":"https:\/\/diariodominicano.com\/index.php?rest_route=\/wp\/v2\/posts\/98754\/revisions"}],"wp:attachment":[{"href":"https:\/\/diariodominicano.com\/index.php?rest_route=%2Fwp%2Fv2%2Fmedia&parent=98754"}],"wp:term":[{"taxonomy":"category","embeddable":true,"href":"https:\/\/diariodominicano.com\/index.php?rest_route=%2Fwp%2Fv2%2Fcategories&post=98754"},{"taxonomy":"post_tag","embeddable":true,"href":"https:\/\/diariodominicano.com\/index.php?rest_route=%2Fwp%2Fv2%2Ftags&post=98754"}],"curies":[{"name":"wp","href":"https:\/\/api.w.org\/{rel}","templated":true}]}}