{"id":98752,"date":"2013-11-23T15:27:18","date_gmt":"2013-11-23T15:27:18","guid":{"rendered":"http:\/\/diariodominicano.ddns.net\/?p=98752"},"modified":"2013-11-23T15:27:18","modified_gmt":"2013-11-23T15:27:18","slug":"air-turks-caicos-introducira-nueva-frecuencia-de-vuelos-desde-puerto-rico-hacia-puerto-plata","status":"publish","type":"post","link":"https:\/\/diariodominicano.com\/?p=98752","title":{"rendered":"Air Turks &amp; Caicos introducir\u00e1 nueva frecuencia de vuelos desde Puerto Rico hacia Puerto Plata"},"content":{"rendered":"<p><body><\/p>\n<p><img decoding=\"async\" src=\"img3\/vuelos 23.jpg\" \/>  <\/p>\n<p>Puerto Plata, RD 23 noviembre.-En la tarde de ayer, ejecutivos de la aerol\u00ednea Air Turks &amp; Caicos ofrecieron un encuentro en el sal\u00f3n de conferencias del aeropuerto General Gregorio Luper\u00f3n, mediante el cual informaron sobre la introducci\u00f3n de una frecuencia de tres vuelos semanales desde San Juan Puerto Rico hacia Puerto Plata, los d\u00edas viernes, domingo y lunes, a partir de este diciembre.<\/p>\n<\/p>\n<p>La actividad fue organizada por el Ministerio de Turismo de Puerto Plata cooperaci\u00f3n del Cl\u00faster Tur\u00edstico de este destino, como  resultado de reuniones y acuerdos concitados durante la celebraci\u00f3n de la segunda feria tur\u00edstica Discover Puerto Plata MarketPlace, realizada el pasado mes de octubre.<\/p>\n<\/p>\n<p>En este encuentro al que acudieron autoridades, directores generales y de ventas de hoteles de la zona y vinculados al sector tur\u00edstico local, el director ejecutivo, Trevor Sandler, y Lyndon Gardiner, propietario y Chairman de la empresa, dieron a conocer adem\u00e1s, que en lo adelante esta aerol\u00ednea empezar\u00e1 a operar bajo  el nuevo nombre de   Inter Caribbean Airways.<\/p>\n<\/p>\n<p>Con este paso Air Turks  &amp; Caicos, con 21 a\u00f1os de servicios, continua tratando de conectar a la Rep\u00fablica Dominicana con Hait\u00ed, Cuba, Jamaica, Islas Caicos, Las Bahamas y Puerto Rico, con vuelos directos.<\/p>\n<\/p>\n<h6> 2013-11-23 15:27:18 <\/h6>\n<p><!--\n<link rel=\"stylesheet\" href=\"css\/bootstrap.min.css\">\n\n\n<ul class=\"pagination\">\n\t    \n\t\n\n<li >\n\t<a href='?page_no=14278'>Previous<\/a>\n\t<\/li>\n\n\n       \n    \n\n<li><a href='?page_no=1'>1<\/a><\/li>\n\n\n\n<li><a href='?page_no=2'>2<\/a><\/li>\n\n\n\n<li><a>...<\/a><\/li>\n\n\n\n<li><a href='?page_no=14277'>14277<\/a><\/li>\n\n\n\n<li><a href='?page_no=14278'>14278<\/a><\/li>\n\n\n\n<li class='active'><a>14279<\/a><\/li>\n\n\n\n<li><a href='?page_no=14280'>14280<\/a><\/li>\n\n\n\n<li><a href='?page_no=14281'>14281<\/a><\/li>\n\n\n\n<li><a>...<\/a><\/li>\n\n\n\n<li><a href='?page_no=30472'>30472<\/a><\/li>\n\n\n\n<li><a href='?page_no=30473'>30473<\/a><\/li>\n\n    \n\t\n\n<li >\n\t<a href='?page_no=14280'>Next<\/a>\n\t<\/li>\n\n\n    \n\n<li><a href='?page_no=30473'>Last &rsaquo;&rsaquo;<\/a><\/li>\n\n<\/ul>\n\n\n--><br \/>\n<\/body><\/p>\n","protected":false},"excerpt":{"rendered":"<p>Puerto Plata, RD 23 noviembre.-En la tarde de ayer, ejecutivos de la aerol\u00ednea Air Turks &amp; Caicos ofrecieron un encuentro en el sal\u00f3n de conferencias del aeropuerto General Gregorio Luper\u00f3n, mediante el cual informaron sobre la introducci\u00f3n de una frecuencia de tres vuelos semanales desde San Juan Puerto Rico hacia Puerto Plata, los d\u00edas viernes, [&hellip;]<\/p>\n","protected":false},"author":3,"featured_media":0,"comment_status":"open","ping_status":"open","sticky":false,"template":"","format":"standard","meta":{"footnotes":""},"categories":[18],"tags":[],"class_list":["post-98752","post","type-post","status-publish","format-standard","hentry","category-economia"],"_links":{"self":[{"href":"https:\/\/diariodominicano.com\/index.php?rest_route=\/wp\/v2\/posts\/98752","targetHints":{"allow":["GET"]}}],"collection":[{"href":"https:\/\/diariodominicano.com\/index.php?rest_route=\/wp\/v2\/posts"}],"about":[{"href":"https:\/\/diariodominicano.com\/index.php?rest_route=\/wp\/v2\/types\/post"}],"author":[{"embeddable":true,"href":"https:\/\/diariodominicano.com\/index.php?rest_route=\/wp\/v2\/users\/3"}],"replies":[{"embeddable":true,"href":"https:\/\/diariodominicano.com\/index.php?rest_route=%2Fwp%2Fv2%2Fcomments&post=98752"}],"version-history":[{"count":0,"href":"https:\/\/diariodominicano.com\/index.php?rest_route=\/wp\/v2\/posts\/98752\/revisions"}],"wp:attachment":[{"href":"https:\/\/diariodominicano.com\/index.php?rest_route=%2Fwp%2Fv2%2Fmedia&parent=98752"}],"wp:term":[{"taxonomy":"category","embeddable":true,"href":"https:\/\/diariodominicano.com\/index.php?rest_route=%2Fwp%2Fv2%2Fcategories&post=98752"},{"taxonomy":"post_tag","embeddable":true,"href":"https:\/\/diariodominicano.com\/index.php?rest_route=%2Fwp%2Fv2%2Ftags&post=98752"}],"curies":[{"name":"wp","href":"https:\/\/api.w.org\/{rel}","templated":true}]}}