{"id":98751,"date":"2013-11-23T17:22:47","date_gmt":"2013-11-23T17:22:47","guid":{"rendered":"http:\/\/diariodominicano.ddns.net\/?p=98751"},"modified":"2013-11-23T17:22:47","modified_gmt":"2013-11-23T17:22:47","slug":"mic-inaugura-primera-semana-pymes-en-republica-dominicana","status":"publish","type":"post","link":"https:\/\/diariodominicano.com\/?p=98751","title":{"rendered":"MIC inaugura primera Semana PYMES en Rep\u00fablica Dominicana"},"content":{"rendered":"<p><body><\/p>\n<p><img decoding=\"async\" src=\"img3\/pymes.jpg\" \/>  <\/p>\n<p><span class=\"text1noticias\">Santo Domingo, RD, 23 de Noviembre.-El Ministerio de Industria y Comercio (MIC), a trav\u00e9s del Viceministerio de Fomento a las Pymes, inaugur\u00f3 la primera \u00abSemana PYMES\u00bb, con el objetivo de crear un espacio para que las micro, peque\u00f1as y medianas empresas del pa\u00eds encuentren oportunidades y soluciones orientadas al desarrollo integral de sus negocios.<\/span><\/p>\n<\/p>\n<p><span class=\"text1noticias\">Durante su disertaci\u00f3n, el titular del MIC, Jos\u00e9 Del Castillo Savi\u00f1\u00f3n, pas\u00f3 revista a las iniciativas que desde el Ministerio, a trav\u00e9s del Viceministerio de Fomento a las Pymes se han ejecutado, dentro de las que mencion\u00f3 la creaci\u00f3n de la Ventanilla \u00danica que reduce a siete d\u00edas el proceso de formalizaci\u00f3n. Agreg\u00f3 que gracias a las pol\u00edticas implementadas, en lo que va de a\u00f1o (2013) se han formalizado 8 mil 907 nuevas empresas.<\/span><\/p>\n<\/p>\n<p><span class=\"text1noticias\">\u00abEsto ha ocurrido vis-a-vis con el incremento de las certificaciones gratuitas de Pymes para constituirse en proveedoras del estado que son emitidas por Nuestro Ministerio y que, al 31 de octubre de 2013, ya alcanzaban las 6,377 empresas\u00bb, recalc\u00f3 el funcionario en la actividad celebrada en el Sal\u00f3n de Eventos del Centro Comercial Sambil.<\/span><\/p>\n<\/p>\n<p><span class=\"text1noticias\">Asimismo, Del Castillo Savi\u00f1\u00f3n destac\u00f3 la entrega de capital semilla de 245, mil d\u00f3lares a 35 proyectos, quienes resultaron ganadores en el llamado \u00abReto Emprendedor\u00bb, programa que se ejecuta a trav\u00e9s de la Direcci\u00f3n de Emprendimiento del MIC, con el apoyo de CENPROMYPE y la Rep\u00fablica China de Taiw\u00e1n.<\/span><\/p>\n<\/p>\n<p><span class=\"text1noticias\"> De igual forma, el funcionario inform\u00f3 que en los pr\u00f3ximos meses se entregar\u00e1 un capital semilla de RD$ 250,000  no reembolsables a cada ganador de la iniciativa hom\u00f3nima en el interior del pa\u00eds.<\/span><\/p>\n<\/p>\n<p><span class=\"text1noticias\">\u00abEn esta semana, para la comunidad emprendedora, tendremos el \u00abPunto Emprendedor\u00bb donde ofrecemos asesor\u00eda gratuita a los que tienen una idea de negocio y buscan orientaci\u00f3n para emprender y esbozar su modelo de negocio sencillo e innovador\u00bb.<\/span><\/p>\n<\/p>\n<p><span class=\"text1noticias\">De su lado, el viceministro de Fomento a las Pymes, Ignacio M\u00e9ndez, destac\u00f3 que se anhela que el fomento empresarial comience con la formaci\u00f3n de nuevos individuos emprendedores que evolucionan hasta transformar su actividad en microempresas y despu\u00e9s en pymes.<\/span><\/p>\n<\/p>\n<p><span class=\"text1noticias\">\u00abPretendemos emular la estrategia mexicana para que una parte importante de estas pymes  maduren y pasen a la etapa de empresas gacelas, que recibiendo apoyo de las aceleradoras de negocios transiten a una fase superior, asociada a empresas tractoras (grandes empresas), a integrar las cadenas de proveedores bien sea de empresas privadas o del sector p\u00fablico, o en una evoluci\u00f3n hacia pymes exportadoras\u00bb,  rese\u00f1\u00f3 M\u00e9ndez.<\/span><\/p>\n<\/p>\n<p><span class=\"text1noticias\">El viceministro reconoci\u00f3 la importancia de la rendici\u00f3n constante y a tiempo de cuentas acerca de los programas p\u00fablicos, especialmente en esta gesti\u00f3n de gobierno, por el deseo expreso del presidente Danilo Medina de tener la transparencia como eje importante de su presidencia, en ese sentido, hizo entrega formal de la primera copia del primero de estos informes, para hacerlo llegar al Mandatario de la Rep\u00fablica.<\/span><\/p>\n<\/p>\n<p><span class=\"text1noticias\">\u00abEste Informe de Gesti\u00f3n MIPYMES 2013 tiene dos objetivos: uno servir como un documento de rendici\u00f3n de cuentas y el otro servir como una antesala a la publicaci\u00f3n de la Encuesta Nacional de MIPYMES 2013\u00bb, manifest\u00f3 el funcionario.<\/span><\/p>\n<\/p>\n<p><span class=\"text1noticias\">La actividad, que se realiza por primera vez en el pa\u00eds del 21 al 25 de noviembre del presente a\u00f1o se encuentra enmarcada dentro del esfuerzo integral que lleva a cabo el Gobierno de favorecer al sector de la peque\u00f1a y mediana empresa, as\u00ed como de  la comunidad emprendedora. En esta primera oportunidad, la Semana PYMES, tiene como pa\u00eds invitado de honor a M\u00e9xico, por ser los pioneros en la regi\u00f3n en organizar este tipo de eventos desde el a\u00f1o 2000.<\/span><\/p>\n<\/p>\n<p><span class=\"text1noticias\">Durante la actividad, los asistentes tendr\u00e1n acceso gratuito a un amplio programa acad\u00e9mico de formaci\u00f3n empresarial, a sesiones de encuentros comerciales y de negocios, as\u00ed como tambi\u00e9n al acceso de los diferentes m\u00f3dulos informativos de las organizaciones del sector p\u00fablico y privado que brindan servicios para el desarrollo de las PYMES.<\/span><\/p>\n<\/p>\n<p><span class=\"text1noticias\">El evento estuvo presidido por el ministro de Industria y Comercio; Jos\u00e9 Del Castillo Savi\u00f1\u00f3n, el viceministro de Fomento a las PYMES; Ignacio M\u00e9ndez y el embajador de M\u00e9xico en Rep\u00fablica Dominicana, Jos\u00e9 Ignacio Pi\u00f1as Rojas.<\/span><\/p>\n<\/p>\n<p><span class=\"text1noticias\">Reconocimiento a la Excelencia Pymes<\/span><\/p>\n<\/p>\n<p><span class=\"text1noticias\">Al final de este encuentro,  el lunes 25, se entregar\u00e1 la primera versi\u00f3n del \u00abReconocimiento a la Excelencia PYMES\u00bb, galard\u00f3n que tiene como prop\u00f3sito reconocer la calidad, el desarrollo y el emprendimiento de las peque\u00f1as y medianas empresas dominicanas con las categor\u00edas de excelencia empresarial, innovaci\u00f3n, esfuerzo a la exportaci\u00f3n y emprendimiento.<\/span><\/p>\n<\/p>\n<p><span class=\"text1noticias\">Con estas acciones reafirmamos con hechos las palabras del Excelent\u00edsimo Presidente de la Rep\u00fablica, Danilo Medina, quien expresa que las Pymes estar\u00e1n en el centro de las pol\u00edticas p\u00fablicas de su gesti\u00f3n gubernamental.<\/span><\/p>\n<\/p>\n<p><span class=\"text1noticias\">El Viceministerio de Fomento a las PYMES es el \u00f3rgano regulador del sector PYMES que se encarga de dise\u00f1ar, coordinar y ejecutar, as\u00ed como supervisar las estrategias p\u00fablicas de fomento a las micro, peque\u00f1as y medianas empresas.(HG)<\/span>.<\/p>\n<h6> 2013-11-23 17:22:47 <\/h6>\n<p><!--\n<link rel=\"stylesheet\" href=\"css\/bootstrap.min.css\">\n\n\n<ul class=\"pagination\">\n\t    \n\t\n\n<li >\n\t<a href='?page_no=14277'>Previous<\/a>\n\t<\/li>\n\n\n       \n    \n\n<li><a href='?page_no=1'>1<\/a><\/li>\n\n\n\n<li><a href='?page_no=2'>2<\/a><\/li>\n\n\n\n<li><a>...<\/a><\/li>\n\n\n\n<li><a href='?page_no=14276'>14276<\/a><\/li>\n\n\n\n<li><a href='?page_no=14277'>14277<\/a><\/li>\n\n\n\n<li class='active'><a>14278<\/a><\/li>\n\n\n\n<li><a href='?page_no=14279'>14279<\/a><\/li>\n\n\n\n<li><a href='?page_no=14280'>14280<\/a><\/li>\n\n\n\n<li><a>...<\/a><\/li>\n\n\n\n<li><a href='?page_no=30472'>30472<\/a><\/li>\n\n\n\n<li><a href='?page_no=30473'>30473<\/a><\/li>\n\n    \n\t\n\n<li >\n\t<a href='?page_no=14279'>Next<\/a>\n\t<\/li>\n\n\n    \n\n<li><a href='?page_no=30473'>Last &rsaquo;&rsaquo;<\/a><\/li>\n\n<\/ul>\n\n\n--><br \/>\n<\/body><\/p>\n","protected":false},"excerpt":{"rendered":"<p>Santo Domingo, RD, 23 de Noviembre.-El Ministerio de Industria y Comercio (MIC), a trav\u00e9s del Viceministerio de Fomento a las Pymes, inaugur\u00f3 la primera \u00abSemana PYMES\u00bb, con el objetivo de crear un espacio para que las micro, peque\u00f1as y medianas empresas del pa\u00eds encuentren oportunidades y soluciones orientadas al desarrollo integral de sus negocios. Durante [&hellip;]<\/p>\n","protected":false},"author":3,"featured_media":0,"comment_status":"open","ping_status":"open","sticky":false,"template":"","format":"standard","meta":{"footnotes":""},"categories":[18],"tags":[],"class_list":["post-98751","post","type-post","status-publish","format-standard","hentry","category-economia"],"_links":{"self":[{"href":"https:\/\/diariodominicano.com\/index.php?rest_route=\/wp\/v2\/posts\/98751","targetHints":{"allow":["GET"]}}],"collection":[{"href":"https:\/\/diariodominicano.com\/index.php?rest_route=\/wp\/v2\/posts"}],"about":[{"href":"https:\/\/diariodominicano.com\/index.php?rest_route=\/wp\/v2\/types\/post"}],"author":[{"embeddable":true,"href":"https:\/\/diariodominicano.com\/index.php?rest_route=\/wp\/v2\/users\/3"}],"replies":[{"embeddable":true,"href":"https:\/\/diariodominicano.com\/index.php?rest_route=%2Fwp%2Fv2%2Fcomments&post=98751"}],"version-history":[{"count":0,"href":"https:\/\/diariodominicano.com\/index.php?rest_route=\/wp\/v2\/posts\/98751\/revisions"}],"wp:attachment":[{"href":"https:\/\/diariodominicano.com\/index.php?rest_route=%2Fwp%2Fv2%2Fmedia&parent=98751"}],"wp:term":[{"taxonomy":"category","embeddable":true,"href":"https:\/\/diariodominicano.com\/index.php?rest_route=%2Fwp%2Fv2%2Fcategories&post=98751"},{"taxonomy":"post_tag","embeddable":true,"href":"https:\/\/diariodominicano.com\/index.php?rest_route=%2Fwp%2Fv2%2Ftags&post=98751"}],"curies":[{"name":"wp","href":"https:\/\/api.w.org\/{rel}","templated":true}]}}