{"id":98748,"date":"2013-11-23T18:56:34","date_gmt":"2013-11-23T18:56:34","guid":{"rendered":"http:\/\/diariodominicano.ddns.net\/?p=98748"},"modified":"2013-11-23T18:56:34","modified_gmt":"2013-11-23T18:56:34","slug":"presidente-card-valora-construccion-planta-de-carbon","status":"publish","type":"post","link":"https:\/\/diariodominicano.com\/?p=98748","title":{"rendered":"&#13;Presidente CARD valora construcci\u00f3n planta de Carb\u00f3n"},"content":{"rendered":"<p><body><\/p>\n<p><img decoding=\"async\" src=\"img3\/perez.jpg\" \/>  <\/p>\n<p><span class=\"text1noticias\">Santo Domingo, RD, 23 de Noviembre.-El colegio de Abogados de la Republica Dominicana expresa su respaldo al proceso de licitaci\u00f3n a cabo por la Corporaci\u00f3n Dominicana de Empresas El\u00e9ctricas Estatales (CDEEE), para la construcci\u00f3n de dos plantas a carb\u00f3n de 330 (+20%) megavatios cada una, como la acci\u00f3n estrat\u00e9gica del Estado para lograr un suministro energ\u00e9tico mas eficiente y econ\u00f3mico.<\/span><\/p>\n<p><span class=\"text1noticias\"> <\/span><\/p>\n<p><span class=\"text1noticias\">Consider\u00f3 que el desarrollo de la industria el\u00e9ctrica y competitiva es uno de los imperios del pa\u00eds, para as\u00ed lograr otras metas que ayudaran al progreso econ\u00f3mico y social.<\/span><\/p>\n<p><span class=\"text1noticias\"> <\/span><\/p>\n<p><span class=\"text1noticias\">El presidente del gremio jur\u00eddico indico que la falta de energ\u00eda el\u00e9ctrica, en los diferentes ciudades del pa\u00eds, asi como en la mayor\u00eda de los barrios de la ciudad capital, han incrementado a que muchos, j\u00f3venes y adultos, que est\u00e1n estudiando en los diferentes liceos, hayan abandonado los centros escolares.<\/span><\/p>\n<p><span class=\"text1noticias\"> <\/span><\/p>\n<p><span class=\"text1noticias\">\u00abUn pa\u00eds sin energ\u00eda el\u00e9ctrica, no se puede desarrollar, se necesita la electricidad para todos, la mayor\u00edas de la criminalidad y los actos diletivos se efect\u00faan en los barrios donde predominan los largos apagones\u00bb expreso P\u00e9rez Volquez.<\/span><\/p>\n<p><span class=\"text1noticias\"> <\/span><\/p>\n<p><span class=\"text1noticias\">As\u00ed mismo expreso que aunque saludan el aumento de 600 millones de pesos, para el presupuesto del Poder Judicial, est\u00e1n bien conciente de que dicho monto no es suficiente  para lamentarnos, expreso que mientras el Gobierno dice  que le es materialmente imposible cumplir con la ley que consagra la independencia presupuestaria del poder judicial, asign\u00e1ndole el 2.66 % de los ingresos a la judicatura, se tenga que disponer de un 13 % de los ingresos netos del Estado para el subsidio el\u00e9ctrico.<\/span><\/p>\n<p><span class=\"text1noticias\"> <\/span><\/p>\n<p><span class=\"text1noticias\">Especifico que es bien claro que  la crisis el\u00e9ctrica ha sido una traba para la mejor\u00eda de la calidad de vida de los profesionales del derecho y de otras ramas, asi como es un factor de perturbaci\u00f3n y empobrecimiento para la clases media.<\/span><\/p>\n<p><span class=\"text1noticias\"> <\/span><\/p>\n<p><span class=\"text1noticias\">\u00abNos satisface observar que a pesar de la urgencia con la que el pa\u00eds aclama la soluci\u00f3n del problema el\u00e9ctrico, tanto la CDEEE como el gobierno central, hayan guardado riguroso respeto a la ley de Contrataci\u00f3n y Compras del Estado, pero adem\u00e1s que para garantizar mayor pulcritud haya puesto el manejo de la licitaron en manos de una firma estadounidense de gran prestigio\u00bb manifest\u00f3 el doctor Jos\u00e9 Fernando P\u00e9rez Volquez<\/span><\/p>\n<p><span class=\"text1noticias\"> <\/span><\/p>\n<p><span class=\"text1noticias\">Declaro que estar\u00e1n vigilante en su doble condici\u00f3n de dominicanos y de guardianes del cumplimiento de las leyes para evitar que intereses ajenos a los de la b\u00fasqueda del bienestar colectivo torpedeen la aspiraci\u00f3n del pueblo dominicano de ser ciudadanos de un pa\u00eds en el que los apagones y las tarifas abusivas sean temas separados.<\/span><\/p>\n<p><span class=\"text1noticias\"> <\/span><\/p>\n<p><span class=\"text1noticias\">Indico que como gremio no solo luchan por el bienestar de su asociados, as\u00ed mismo manifest\u00f3 que quieren y buscan lo mejor para el pa\u00eds que nos han legado nuestros grandes pr\u00f3ceres.(HG)<\/span>.  <\/p>\n<h6> 2013-11-23 18:56:34 <\/h6>\n<p><!--\n<link rel=\"stylesheet\" href=\"css\/bootstrap.min.css\">\n\n\n<ul class=\"pagination\">\n\t    \n\t\n\n<li >\n\t<a href='?page_no=14274'>Previous<\/a>\n\t<\/li>\n\n\n       \n    \n\n<li><a href='?page_no=1'>1<\/a><\/li>\n\n\n\n<li><a href='?page_no=2'>2<\/a><\/li>\n\n\n\n<li><a>...<\/a><\/li>\n\n\n\n<li><a href='?page_no=14273'>14273<\/a><\/li>\n\n\n\n<li><a href='?page_no=14274'>14274<\/a><\/li>\n\n\n\n<li class='active'><a>14275<\/a><\/li>\n\n\n\n<li><a href='?page_no=14276'>14276<\/a><\/li>\n\n\n\n<li><a href='?page_no=14277'>14277<\/a><\/li>\n\n\n\n<li><a>...<\/a><\/li>\n\n\n\n<li><a href='?page_no=30472'>30472<\/a><\/li>\n\n\n\n<li><a href='?page_no=30473'>30473<\/a><\/li>\n\n    \n\t\n\n<li >\n\t<a href='?page_no=14276'>Next<\/a>\n\t<\/li>\n\n\n    \n\n<li><a href='?page_no=30473'>Last &rsaquo;&rsaquo;<\/a><\/li>\n\n<\/ul>\n\n\n--><br \/>\n<\/body><\/p>\n","protected":false},"excerpt":{"rendered":"<p>Santo Domingo, RD, 23 de Noviembre.-El colegio de Abogados de la Republica Dominicana expresa su respaldo al proceso de licitaci\u00f3n a cabo por la Corporaci\u00f3n Dominicana de Empresas El\u00e9ctricas Estatales (CDEEE), para la construcci\u00f3n de dos plantas a carb\u00f3n de 330 (+20%) megavatios cada una, como la acci\u00f3n estrat\u00e9gica del Estado para lograr un suministro [&hellip;]<\/p>\n","protected":false},"author":3,"featured_media":0,"comment_status":"open","ping_status":"open","sticky":false,"template":"","format":"standard","meta":{"footnotes":""},"categories":[18],"tags":[],"class_list":["post-98748","post","type-post","status-publish","format-standard","hentry","category-economia"],"_links":{"self":[{"href":"https:\/\/diariodominicano.com\/index.php?rest_route=\/wp\/v2\/posts\/98748","targetHints":{"allow":["GET"]}}],"collection":[{"href":"https:\/\/diariodominicano.com\/index.php?rest_route=\/wp\/v2\/posts"}],"about":[{"href":"https:\/\/diariodominicano.com\/index.php?rest_route=\/wp\/v2\/types\/post"}],"author":[{"embeddable":true,"href":"https:\/\/diariodominicano.com\/index.php?rest_route=\/wp\/v2\/users\/3"}],"replies":[{"embeddable":true,"href":"https:\/\/diariodominicano.com\/index.php?rest_route=%2Fwp%2Fv2%2Fcomments&post=98748"}],"version-history":[{"count":0,"href":"https:\/\/diariodominicano.com\/index.php?rest_route=\/wp\/v2\/posts\/98748\/revisions"}],"wp:attachment":[{"href":"https:\/\/diariodominicano.com\/index.php?rest_route=%2Fwp%2Fv2%2Fmedia&parent=98748"}],"wp:term":[{"taxonomy":"category","embeddable":true,"href":"https:\/\/diariodominicano.com\/index.php?rest_route=%2Fwp%2Fv2%2Fcategories&post=98748"},{"taxonomy":"post_tag","embeddable":true,"href":"https:\/\/diariodominicano.com\/index.php?rest_route=%2Fwp%2Fv2%2Ftags&post=98748"}],"curies":[{"name":"wp","href":"https:\/\/api.w.org\/{rel}","templated":true}]}}