{"id":98747,"date":"2013-11-23T20:25:02","date_gmt":"2013-11-23T20:25:02","guid":{"rendered":"http:\/\/diariodominicano.ddns.net\/?p=98747"},"modified":"2013-11-23T20:25:02","modified_gmt":"2013-11-23T20:25:02","slug":"con-gran-exito-se-realiza-en-sambil-semana-de-las-pymes","status":"publish","type":"post","link":"https:\/\/diariodominicano.com\/?p=98747","title":{"rendered":"Con gran \u00e9xito se realiza en Sambil Semana de las Pymes"},"content":{"rendered":"<p><body><\/p>\n<p><img decoding=\"async\" src=\"img3\/mendez.jpg\" \/><br \/><img decoding=\"async\" src=\"img3\/pyme0000.jpg\" \/><br \/><img decoding=\"async\" src=\"img3\/pyme0003.jpg\" \/>  <\/p>\n<p><span class=\"text1noticias\">Santo Domingo, RD, 23 de noviembre.-Con gran \u00e9xito se desarrolla la Semana Pymes de la Rep\u00fablica Dominicana, en  el Sal\u00f3n de Eventos de Sambil, donde se estimulan oportunidades de crecimiento para las peque\u00f1as y medianas empresas, as\u00ed como fuentes de conocimientos para negocios.<\/span><\/p>\n<p><span class=\"text1noticias\"> <\/span><\/p>\n<p><span class=\"text1noticias\">La jornada, que se extender\u00e1 hasta el pr\u00f3ximo lunes a las seis de la tarde, representa el esfuerzo del Gobierno dominicano, a trav\u00e9s del Viceministerio de Fomento a las Pymes del Ministerio de Industria y Comercio, por consolidar las iniciativas de un sector que en la actualidad es revitalizado con cada una de sus iniciativas.<\/span><\/p>\n<p><span class=\"text1noticias\"> <\/span><\/p>\n<p><span class=\"text1noticias\">La ma\u00f1ana de este d\u00eda el flujo de visitantes increment\u00f3 el inter\u00e9s de quienes buscan informaciones sobre lo que representa la primera actividad de este tipo en Rep\u00fablica Dominicana, que tiene a  M\u00e9xico como pa\u00eds invitado, debido a que esa naci\u00f3n es pionera en la regi\u00f3n.<\/span><\/p>\n<p><span class=\"text1noticias\"> <\/span><\/p>\n<p><span class=\"text1noticias\"> En ese sentido, el viceministro de Fomento a las Pymes, Ignacio M\u00e9ndez, dijo que con este evento  se emula un poco la experiencia de algunos pa\u00edses de Latinoam\u00e9rica que organizan esas jornadas como punto de encuentro que  permite, no solo al empresario mipyme, sino al emprendedor, todas las informaciones posibles para desarrollar un negocio.<\/span><\/p>\n<p><span class=\"text1noticias\"> <\/span><\/p>\n<p><span class=\"text1noticias\">\u00abDesde ese punto de vista, nosotros tenemos aqu\u00ed charlas de puntos espec\u00edficos, de motivaci\u00f3n de liderazgo, temas de contabilidad; de impuestos, aspectos financieros y tambi\u00e9n tenemos el punto de emprendimiento, para solventar a cualquier persona que tenga una idea de negocios\u00bb, dijo a reporteros de la Direcci\u00f3n General de Comunicaci\u00f3n (DICOM), Ignacio M\u00e9ndez.<\/span><\/p>\n<p><span class=\"text1noticias\"> <\/span><\/p>\n<p><span class=\"text1noticias\"> Explic\u00f3 que existe otro tema que tiene que ver con los empresarios, productores y mipymes y los grandes grupos corporativos ya establecidos en el pa\u00eds.<\/span><\/p>\n<p><span class=\"text1noticias\"> <\/span><\/p>\n<p><span class=\"text1noticias\">\u00abLos grandes grupos que est\u00e1n tratando de encadenarse, de convertir a los m\u00e1s peque\u00f1os en suplidores de las grandes empresas\u00bb, manifest\u00f3.<\/span><\/p>\n<p><span class=\"text1noticias\"> <\/span><\/p>\n<p><span class=\"text1noticias\">Dijo que existe la idea, posteriormente, de convertir este evento en una experiencia regional, como se hace con el programa Reto Emprendedor, que se realiza por ciudades.<\/span><\/p>\n<p><span class=\"text1noticias\"> <\/span><\/p>\n<p><span class=\"text1noticias\">\u00abLa idea es ense\u00f1arle a ese futuro microempresario c\u00f3mo realizar su negocio\u00bb, puntualiz\u00f3.<\/span><\/p>\n<p><span class=\"text1noticias\"> <\/span><\/p>\n<p><span class=\"text1noticias\">Para Noel Bou V\u00e1squez, director de Servicios de Apoyo a las Pymes del Ministerio de Industria y Comercio, la actividad ha repercutido de manera favorable entre quienes se  acercan y buscan desarrollar una experiencia sin precedentes en Rep\u00fablica Dominicana.<\/span><\/p>\n<p><span class=\"text1noticias\"> <\/span><\/p>\n<p><span class=\"text1noticias\"> \u00abHa sido muy importante y en tres pabellones que tenemos, uno de Servicios Gubernamentales, otro de Servicios Financieros y otro de Servicios Sectoriales; con 44 instituciones de los sectores p\u00fablico y privado, que han estado dando su apoyo\u00bb, dijo.<\/span><\/p>\n<p><span class=\"text1noticias\"> <\/span><\/p>\n<p><span class=\"text1noticias\">Expuso que hay un programa de formaci\u00f3n empresarial, con charlas que han sido bien acogidas por los peque\u00f1os y  medianos emprendedores.<\/span><\/p>\n<p><span class=\"text1noticias\"> <\/span><\/p>\n<p><span class=\"text1noticias\">El p\u00fablico califica de importante la iniciativa<\/span><\/p>\n<p><span class=\"text1noticias\">El\u00edn Matos, uno de los visitantes, destac\u00f3 que era muy interesante reunir a un vasto grupo de empresas e instituciones para llevar a cabo una feria de apoyo a los peque\u00f1os y medianos emprendedores.<\/span><\/p>\n<p><span class=\"text1noticias\"> <\/span><\/p>\n<p><span class=\"text1noticias\">\u00abEs muy beneficioso para todos los que estamos visitando, porque podemos encontrar orientaci\u00f3n para el financiamiento, orientaci\u00f3n en las charlas que est\u00e1n dando y espero que la sigan haciendo y con m\u00e1s frecuencia\u00bb, recalc\u00f3.<\/span><\/p>\n<p><span class=\"text1noticias\"> <\/span><\/p>\n<p><span class=\"text1noticias\">A Grace P\u00e9rez, otra de las visitantes, la iniciativa le pareci\u00f3 muy buena.<\/span><\/p>\n<p><span class=\"text1noticias\"> <\/span><\/p>\n<p><span class=\"text1noticias\">\u00abMe parece que este es uno de los gobiernos que m\u00e1s se ha preocupado por el desarrollo de su pa\u00eds, en cuanto a fomentar lo que es la exportaci\u00f3n, la ayuda a la peque\u00f1a empresa&#8230;\u00bb, subray\u00f3.<\/span><\/p>\n<p><span class=\"text1noticias\"> <\/span><\/p>\n<p><span class=\"text1noticias\">Marvel Lugo, otra de las j\u00f3venes interesadas en el tema, resalt\u00f3 la actividad al establecer la importancia de dar a conocer las v\u00edas para hacer negocios de una manera m\u00e1s efectiva.<\/span><\/p>\n<p><span class=\"text1noticias\"> <\/span><\/p>\n<p><span class=\"text1noticias\">\u00abMe parece muy interesante porque  da la oportunidad al microempresario, de ver la manera y conocer los medios para hacer negocios efectivos\u00bb, apunt\u00f3.<\/span><\/p>\n<\/p>\n<p><span class=\"text1noticias\">La experiencia de M\u00e9xico<\/span><\/p>\n<p><span class=\"text1noticias\">Mientras, Iv\u00e1n Ornelas, del Ministerio de Econom\u00eda de M\u00e9xico, explic\u00f3 que se trata de una gran experiencia que en su naci\u00f3n inici\u00f3 en el a\u00f1o 2000.<\/span><\/p>\n<p><span class=\"text1noticias\"> <\/span><\/p>\n<p><span class=\"text1noticias\">Estim\u00f3 que en primera instancia es importante que se conozcan los objetivos, los apoyos que otorga el Gobierno, todo desde un mismo sitio.<\/span><\/p>\n<p><span class=\"text1noticias\"> <\/span><\/p>\n<p><span class=\"text1noticias\">\u00abFelicidades al Gobierno dominicano, pues once a\u00f1os despu\u00e9s lo est\u00e1n haciendo ustedes aqu\u00ed y creo que en el futuro esto se posicionar\u00e1 como en el caso de M\u00e9xico como el evento m\u00e1s importante en materia de econom\u00eda\u00bb, vaticin\u00f3.(HG)<\/span>.<\/p>\n<h6> 2013-11-23 20:25:02 <\/h6>\n<p><!--\n<link rel=\"stylesheet\" href=\"css\/bootstrap.min.css\">\n\n\n<ul class=\"pagination\">\n\t    \n\t\n\n<li >\n\t<a href='?page_no=14273'>Previous<\/a>\n\t<\/li>\n\n\n       \n    \n\n<li><a href='?page_no=1'>1<\/a><\/li>\n\n\n\n<li><a href='?page_no=2'>2<\/a><\/li>\n\n\n\n<li><a>...<\/a><\/li>\n\n\n\n<li><a href='?page_no=14272'>14272<\/a><\/li>\n\n\n\n<li><a href='?page_no=14273'>14273<\/a><\/li>\n\n\n\n<li class='active'><a>14274<\/a><\/li>\n\n\n\n<li><a href='?page_no=14275'>14275<\/a><\/li>\n\n\n\n<li><a href='?page_no=14276'>14276<\/a><\/li>\n\n\n\n<li><a>...<\/a><\/li>\n\n\n\n<li><a href='?page_no=30472'>30472<\/a><\/li>\n\n\n\n<li><a href='?page_no=30473'>30473<\/a><\/li>\n\n    \n\t\n\n<li >\n\t<a href='?page_no=14275'>Next<\/a>\n\t<\/li>\n\n\n    \n\n<li><a href='?page_no=30473'>Last &rsaquo;&rsaquo;<\/a><\/li>\n\n<\/ul>\n\n\n--><br \/>\n<\/body><\/p>\n","protected":false},"excerpt":{"rendered":"<p>Santo Domingo, RD, 23 de noviembre.-Con gran \u00e9xito se desarrolla la Semana Pymes de la Rep\u00fablica Dominicana, en el Sal\u00f3n de Eventos de Sambil, donde se estimulan oportunidades de crecimiento para las peque\u00f1as y medianas empresas, as\u00ed como fuentes de conocimientos para negocios. La jornada, que se extender\u00e1 hasta el pr\u00f3ximo lunes a las seis [&hellip;]<\/p>\n","protected":false},"author":3,"featured_media":0,"comment_status":"open","ping_status":"open","sticky":false,"template":"","format":"standard","meta":{"footnotes":""},"categories":[18],"tags":[],"class_list":["post-98747","post","type-post","status-publish","format-standard","hentry","category-economia"],"_links":{"self":[{"href":"https:\/\/diariodominicano.com\/index.php?rest_route=\/wp\/v2\/posts\/98747","targetHints":{"allow":["GET"]}}],"collection":[{"href":"https:\/\/diariodominicano.com\/index.php?rest_route=\/wp\/v2\/posts"}],"about":[{"href":"https:\/\/diariodominicano.com\/index.php?rest_route=\/wp\/v2\/types\/post"}],"author":[{"embeddable":true,"href":"https:\/\/diariodominicano.com\/index.php?rest_route=\/wp\/v2\/users\/3"}],"replies":[{"embeddable":true,"href":"https:\/\/diariodominicano.com\/index.php?rest_route=%2Fwp%2Fv2%2Fcomments&post=98747"}],"version-history":[{"count":0,"href":"https:\/\/diariodominicano.com\/index.php?rest_route=\/wp\/v2\/posts\/98747\/revisions"}],"wp:attachment":[{"href":"https:\/\/diariodominicano.com\/index.php?rest_route=%2Fwp%2Fv2%2Fmedia&parent=98747"}],"wp:term":[{"taxonomy":"category","embeddable":true,"href":"https:\/\/diariodominicano.com\/index.php?rest_route=%2Fwp%2Fv2%2Fcategories&post=98747"},{"taxonomy":"post_tag","embeddable":true,"href":"https:\/\/diariodominicano.com\/index.php?rest_route=%2Fwp%2Fv2%2Ftags&post=98747"}],"curies":[{"name":"wp","href":"https:\/\/api.w.org\/{rel}","templated":true}]}}