{"id":98739,"date":"2013-11-25T15:59:46","date_gmt":"2013-11-25T15:59:46","guid":{"rendered":"http:\/\/diariodominicano.ddns.net\/?p=98739"},"modified":"2013-11-25T15:59:46","modified_gmt":"2013-11-25T15:59:46","slug":"aeih-pide-levantar-trabas-sanitarias-a-cosmeticos-y-productos-del-hogar","status":"publish","type":"post","link":"https:\/\/diariodominicano.com\/?p=98739","title":{"rendered":"AEIH pide levantar trabas sanitarias a cosm\u00e9ticos y productos del hogar"},"content":{"rendered":"<p><body><\/p>\n<p><img decoding=\"async\" src=\"img3\/herrera 25.jpg\" \/>  <\/p>\n<p>Santo Domingo RD 25 noviembre.- La Asociaci\u00f3n de Empresas Industriales de Herrera y Provincia Santo Domingo (AEIH) consider\u00f3 que el potencial exportador de cosm\u00e9ticos, productos de cuidado personal y del hogar est\u00e1 amenazado por exigencias sanitarias que en la actualidad resultan innecesarias y anacr\u00f3nicas en el pa\u00eds.<\/p>\n<\/p>\n<p>La organizaci\u00f3n empresarial, presidida por V\u00edctor Castro, se pronunci\u00f3 en esos t\u00e9rminos al apoyar la solicitud de la Asociaci\u00f3n de Fabricantes de Productos para el Cuidado e Higiene Personal y del Hogar (AFAPER) en el sentido de que estos bienes no deben tener los mismos requisitos de los medicamentos, ya que son de bajo riesgo.<\/p>\n<\/p>\n<p>Castro apunt\u00f3 que, para esos productos, el registro sanitario no es exigido en lugares comoEstados Unidos, Europa, M\u00e9xico, Argentina y Colombia, con lo cual  han producido un acelerado crecimiento  de las exportaciones y un pujante  desarrollo de las industrias de cosm\u00e9ticos  en los \u00faltimos 15 a\u00f1os como generadoras de empleos.<\/p>\n<\/p>\n<p>Indic\u00f3 que se trata de un sector conformado por peque\u00f1as y medianas empresas, donde se podr\u00edan multiplicar las plazas de trabajo si se crean las condiciones oficiales para exportar sin los rigores de los registros sanitarios que exige el Ministerio de Salud P\u00fablica.<\/p>\n<\/p>\n<p>\u00abEstudios realizados por el Centro de Exportaciones e Inversiones de la Rep\u00fablica Dominicana (CEI-RD) demuestran que existe una gran demanda de los productos para tratamiento del cabello en Estados Unidos y Europa, que se est\u00e1 extendiendo a muchos pa\u00edses latinoamericanos  y hasta del Pac\u00edfico\u00bb, subray\u00f3 el presidente de la AEIH.<\/p>\n<\/p>\n<p>Dijo que es necesario revisar a fondo otros pocesos de permisolog\u00eda que constituyen un obst\u00e1culo al desarrollo industrial y limitan la competitividad, afectando la satisfacci\u00f3n justo a tiempo de las demandas de clientes en el exterior.<\/p>\n<\/p>\n<p>Castro llam\u00f3 a las autoridades de Salud a flexibilizar su esquema de permisolog\u00eda en productos de bajos riesgos a fin de que el pa\u00eds aproveche las amplias facilidades que ofrece el mercado y solicit\u00f3 la mediaci\u00f3n en ese sentido del Ministerio de Industria y Comercio y del CEI-RD.<\/p>\n<\/p>\n<h6> 2013-11-25 15:59:46 <\/h6>\n<p><!--\n<link rel=\"stylesheet\" href=\"css\/bootstrap.min.css\">\n\n\n<ul class=\"pagination\">\n\t    \n\t\n\n<li >\n\t<a href='?page_no=14266'>Previous<\/a>\n\t<\/li>\n\n\n       \n    \n\n<li><a href='?page_no=1'>1<\/a><\/li>\n\n\n\n<li><a href='?page_no=2'>2<\/a><\/li>\n\n\n\n<li><a>...<\/a><\/li>\n\n\n\n<li><a href='?page_no=14265'>14265<\/a><\/li>\n\n\n\n<li><a href='?page_no=14266'>14266<\/a><\/li>\n\n\n\n<li class='active'><a>14267<\/a><\/li>\n\n\n\n<li><a href='?page_no=14268'>14268<\/a><\/li>\n\n\n\n<li><a href='?page_no=14269'>14269<\/a><\/li>\n\n\n\n<li><a>...<\/a><\/li>\n\n\n\n<li><a href='?page_no=30472'>30472<\/a><\/li>\n\n\n\n<li><a href='?page_no=30473'>30473<\/a><\/li>\n\n    \n\t\n\n<li >\n\t<a href='?page_no=14268'>Next<\/a>\n\t<\/li>\n\n\n    \n\n<li><a href='?page_no=30473'>Last &rsaquo;&rsaquo;<\/a><\/li>\n\n<\/ul>\n\n\n--><br \/>\n<\/body><\/p>\n","protected":false},"excerpt":{"rendered":"<p>Santo Domingo RD 25 noviembre.- La Asociaci\u00f3n de Empresas Industriales de Herrera y Provincia Santo Domingo (AEIH) consider\u00f3 que el potencial exportador de cosm\u00e9ticos, productos de cuidado personal y del hogar est\u00e1 amenazado por exigencias sanitarias que en la actualidad resultan innecesarias y anacr\u00f3nicas en el pa\u00eds. La organizaci\u00f3n empresarial, presidida por V\u00edctor Castro, se [&hellip;]<\/p>\n","protected":false},"author":3,"featured_media":0,"comment_status":"open","ping_status":"open","sticky":false,"template":"","format":"standard","meta":{"footnotes":""},"categories":[18],"tags":[],"class_list":["post-98739","post","type-post","status-publish","format-standard","hentry","category-economia"],"_links":{"self":[{"href":"https:\/\/diariodominicano.com\/index.php?rest_route=\/wp\/v2\/posts\/98739","targetHints":{"allow":["GET"]}}],"collection":[{"href":"https:\/\/diariodominicano.com\/index.php?rest_route=\/wp\/v2\/posts"}],"about":[{"href":"https:\/\/diariodominicano.com\/index.php?rest_route=\/wp\/v2\/types\/post"}],"author":[{"embeddable":true,"href":"https:\/\/diariodominicano.com\/index.php?rest_route=\/wp\/v2\/users\/3"}],"replies":[{"embeddable":true,"href":"https:\/\/diariodominicano.com\/index.php?rest_route=%2Fwp%2Fv2%2Fcomments&post=98739"}],"version-history":[{"count":0,"href":"https:\/\/diariodominicano.com\/index.php?rest_route=\/wp\/v2\/posts\/98739\/revisions"}],"wp:attachment":[{"href":"https:\/\/diariodominicano.com\/index.php?rest_route=%2Fwp%2Fv2%2Fmedia&parent=98739"}],"wp:term":[{"taxonomy":"category","embeddable":true,"href":"https:\/\/diariodominicano.com\/index.php?rest_route=%2Fwp%2Fv2%2Fcategories&post=98739"},{"taxonomy":"post_tag","embeddable":true,"href":"https:\/\/diariodominicano.com\/index.php?rest_route=%2Fwp%2Fv2%2Ftags&post=98739"}],"curies":[{"name":"wp","href":"https:\/\/api.w.org\/{rel}","templated":true}]}}