{"id":98737,"date":"2013-11-25T16:08:15","date_gmt":"2013-11-25T16:08:15","guid":{"rendered":"http:\/\/diariodominicano.ddns.net\/?p=98737"},"modified":"2013-11-25T16:08:15","modified_gmt":"2013-11-25T16:08:15","slug":"valdez-albizu-participo-en-conferencia-organizada-por-el-fmi","status":"publish","type":"post","link":"https:\/\/diariodominicano.com\/?p=98737","title":{"rendered":"Valdez Albizu particip\u00f3 en conferencia organizada por el FMI"},"content":{"rendered":"<p><body><\/p>\n<p><img decoding=\"async\" src=\"img3\/valdez 25.jpg\" \/>  <\/p>\n<p>San Jos\u00e9, Costa Rica 25 noviembre. El Gobernador del Banco Central de la Rep\u00fablica Dominicana, Lic. H\u00e9ctor Valdez Albizu, particip\u00f3 en la XII Conferencia Regional Anual sobre Centroam\u00e9rica, Panam\u00e1 y Rep\u00fablica Dominicana, organizada por el Fondo Monetario Internacional (FMI). <\/p>\n<\/p>\n<p>El encuentro, que se  celebr\u00f3 los d\u00edas 21 y 22 de noviembre de los corrientes en la ciudad de San Jos\u00e9, Costa Rica, cont\u00f3 con la presencia de todos los Presidentes y Gobernadores de Bancos Centrales, Ministros de Hacienda y Superintendentes de Bancos, Valores y Seguros de la regi\u00f3n.  <\/p>\n<\/p>\n<p>Las palabras de apertura de la conferencia estuvieron a cargo de David Lipton, Primer Subdirector Gerente del FMI y participan como ponentes: Alejandro Werner, Director del Departamento del Hemisferio Occidental del FMI, Mauricio C\u00e1rdenas, Ministro de Finanzas de Colombia y Santiago Levy, Vicepresidente del Banco Interamericano de Desarrollo (BID). <\/p>\n<\/p>\n<p>En el evento se abordan temas de gran importancia para la regi\u00f3n relacionados al desarrollo y perspectivas de las econom\u00edas latinoamericanas, productividad, crecimiento e informalidad, as\u00ed como pol\u00edticas para mitigar vulnerabilidades macroecon\u00f3micas. <\/p>\n<\/p>\n<p>En el marco de la conferencia regional, el Lic. Valdez Albizu participa en la reuni\u00f3n extraordinaria del Centro de Asistencia T\u00e9cnica para Centroam\u00e9rica, Panam\u00e1 y Rep\u00fablica Dominicana (CAPTAC-RD) en su calidad de miembro del Comit\u00e9 de Direcci\u00f3n. Durante las sesiones de trabajo se eval\u00faan las ejecutorias del centro y se discuti\u00f3 el presupuesto y las fuentes de financiamiento para la segunda etapa del proyecto (2014-2019).  <\/p>\n<\/p>\n<p>Asimismo, se celebra adem\u00e1s la reuni\u00f3n ordinaria del Consejo Monetario Centroamericano (CMCA) que agrupa a los presidentes y gobernadores de los bancos centrales de Centroam\u00e9rica y Rep\u00fablica Dominicana. En la misma se tratan aspectos relacionados al protocolo de actuaci\u00f3n conjunta entre el CMCA y el CCSBSO (Consejo Centroamericano de Superintendentes de Bancos, de Seguros y de Otras Instituciones Financieras) y el costo de operaci\u00f3n del Sistema de Interconexi\u00f3n de Pagos.  <\/p>\n<\/p>\n<p>En el encuentro participan los presidentes de los bancos centrales de Centroam\u00e9rica, Edgar Barqu\u00edn de Guatemala, Mar\u00eda Elena Mondrag\u00f3n de Honduras, Marta Evelyn de Rivera de El Salvador, Alberto Guevara de Nicaragua y Rodrigo Bola\u00f1os de Costa Rica. Acompa\u00f1an al Gobernador en la reuni\u00f3n, el Subgerente de Pol\u00edticas Monetaria, Cambiaria y Financiera, Joel Tejeda y el Director del Departamento Internacional, Frank Fuentes.<\/p>\n<\/p>\n<\/p>\n<h6> 2013-11-25 16:08:15 <\/h6>\n<p><!--\n<link rel=\"stylesheet\" href=\"css\/bootstrap.min.css\">\n\n\n<ul class=\"pagination\">\n\t    \n\t\n\n<li >\n\t<a href='?page_no=14264'>Previous<\/a>\n\t<\/li>\n\n\n       \n    \n\n<li><a href='?page_no=1'>1<\/a><\/li>\n\n\n\n<li><a href='?page_no=2'>2<\/a><\/li>\n\n\n\n<li><a>...<\/a><\/li>\n\n\n\n<li><a href='?page_no=14263'>14263<\/a><\/li>\n\n\n\n<li><a href='?page_no=14264'>14264<\/a><\/li>\n\n\n\n<li class='active'><a>14265<\/a><\/li>\n\n\n\n<li><a href='?page_no=14266'>14266<\/a><\/li>\n\n\n\n<li><a href='?page_no=14267'>14267<\/a><\/li>\n\n\n\n<li><a>...<\/a><\/li>\n\n\n\n<li><a href='?page_no=30472'>30472<\/a><\/li>\n\n\n\n<li><a href='?page_no=30473'>30473<\/a><\/li>\n\n    \n\t\n\n<li >\n\t<a href='?page_no=14266'>Next<\/a>\n\t<\/li>\n\n\n    \n\n<li><a href='?page_no=30473'>Last &rsaquo;&rsaquo;<\/a><\/li>\n\n<\/ul>\n\n\n--><br \/>\n<\/body><\/p>\n","protected":false},"excerpt":{"rendered":"<p>San Jos\u00e9, Costa Rica 25 noviembre. El Gobernador del Banco Central de la Rep\u00fablica Dominicana, Lic. H\u00e9ctor Valdez Albizu, particip\u00f3 en la XII Conferencia Regional Anual sobre Centroam\u00e9rica, Panam\u00e1 y Rep\u00fablica Dominicana, organizada por el Fondo Monetario Internacional (FMI). El encuentro, que se celebr\u00f3 los d\u00edas 21 y 22 de noviembre de los corrientes en [&hellip;]<\/p>\n","protected":false},"author":3,"featured_media":0,"comment_status":"open","ping_status":"open","sticky":false,"template":"","format":"standard","meta":{"footnotes":""},"categories":[18],"tags":[],"class_list":["post-98737","post","type-post","status-publish","format-standard","hentry","category-economia"],"_links":{"self":[{"href":"https:\/\/diariodominicano.com\/index.php?rest_route=\/wp\/v2\/posts\/98737","targetHints":{"allow":["GET"]}}],"collection":[{"href":"https:\/\/diariodominicano.com\/index.php?rest_route=\/wp\/v2\/posts"}],"about":[{"href":"https:\/\/diariodominicano.com\/index.php?rest_route=\/wp\/v2\/types\/post"}],"author":[{"embeddable":true,"href":"https:\/\/diariodominicano.com\/index.php?rest_route=\/wp\/v2\/users\/3"}],"replies":[{"embeddable":true,"href":"https:\/\/diariodominicano.com\/index.php?rest_route=%2Fwp%2Fv2%2Fcomments&post=98737"}],"version-history":[{"count":0,"href":"https:\/\/diariodominicano.com\/index.php?rest_route=\/wp\/v2\/posts\/98737\/revisions"}],"wp:attachment":[{"href":"https:\/\/diariodominicano.com\/index.php?rest_route=%2Fwp%2Fv2%2Fmedia&parent=98737"}],"wp:term":[{"taxonomy":"category","embeddable":true,"href":"https:\/\/diariodominicano.com\/index.php?rest_route=%2Fwp%2Fv2%2Fcategories&post=98737"},{"taxonomy":"post_tag","embeddable":true,"href":"https:\/\/diariodominicano.com\/index.php?rest_route=%2Fwp%2Fv2%2Ftags&post=98737"}],"curies":[{"name":"wp","href":"https:\/\/api.w.org\/{rel}","templated":true}]}}