{"id":98736,"date":"2013-11-25T16:13:23","date_gmt":"2013-11-25T16:13:23","guid":{"rendered":"http:\/\/diariodominicano.ddns.net\/?p=98736"},"modified":"2013-11-25T16:13:23","modified_gmt":"2013-11-25T16:13:23","slug":"organizaciones-de-comerciantes-piden-al-presidente-dm-anular-subasta-de-productos","status":"publish","type":"post","link":"https:\/\/diariodominicano.com\/?p=98736","title":{"rendered":"Organizaciones de comerciantes piden al presidente DM anular subasta de productos"},"content":{"rendered":"<p><body><\/p>\n<p>Santo Domingo RD 25 noviembre.- Organizaciones de comerciantes pidieron al presidente de la Rep\u00fablica, Danilo Medina,  la anulaci\u00f3n de la \u00faltima subasta de productos agropecuarios, realizada por Bolsa Agro Empresarial, de la JAD, el pasado jueves 13 de este mes, tras afirmar que dicho proceso tuvo un mal manejo en la aplicaci\u00f3n del  decreto 569-12.<\/p>\n<\/p>\n<p>El Cl\u00faster de Federaciones y Asociaciones de Comerciantes, el Consejo de Defensa de los Derechos del Comercio y la Federaci\u00f3n Nacional de comerciantes y Empresarios de la Rep\u00fablica Dominicana (FENACERD) ante las reiteradas denuncias sobre el  mal manejo en la aplicaci\u00f3n del decreto 569-12, que env\u00eda a subastas los productos de primera necesidad, llama la atenci\u00f3n de la poblaci\u00f3n dominicana,  sobre las anomal\u00edas ocurridas en la subasta cerrada,  realizada por Bolsa Agro Empresarial, de la JAD, el pasado jueves 13 de los corrientes.<\/p>\n<\/p>\n<p>Al hablar en representaci\u00f3n de las organizaciones de comerciantes, Roberto Ventura, explic\u00f3 que en esta subasta cerrada y secreta,  se favorecieron  con permisos de importaci\u00f3n de cebolla, papa y leche en polvo, a un grupo de empresas seleccionadas  de manera selectiva por la comisi\u00f3n para las importaciones de productos agropecuarios, fomentando as\u00ed una competencia desleal con otros importadores que no hemos tenido el mismo privilegio.<\/p>\n<\/p>\n<p>Indic\u00f3 que en  el caso de la cebolla,  se aduce que se cumpli\u00f3 con compradores que hab\u00edan asumido la producci\u00f3n de cebollas de la regi\u00f3n Sur, pero al mismo tiempo se dej\u00f3  fuera algunos que tambi\u00e9n compraron, en la zona de Vallejuelo, pero que no fueron favorecidos.<\/p>\n<\/p>\n<p>Del mismo modo,  agreg\u00f3 se realiz\u00f3 una subasta de leche, favoreciendo \u00fanica y exclusivamente a las empresas Grupo Rica, Sigma alimentos y Valeimport, sin que se sepa hasta ahora el por qu\u00e9 de este favoritismo.<\/p>\n<\/p>\n<p>En el caso de la papa, dijo que ya se ha  escuchado el grito de los productores de papas de Constanza, que alegan tener suficientes productos para abastecer el mercado.<\/p>\n<\/p>\n<p>Denunci\u00f3 que un caso lamentable es que ahora  se convoca para este el martes 26,  otra subasta de cebollas, esta vez p\u00fablica, con la finalidad de favorecer a otra empresa que tiene un conflicto de pago con el Banco Nacional de la Vivienda (BNV).<\/p>\n<\/p>\n<p>En ese sentido,  y ante la falta de transparencia  e informaci\u00f3n de estas operaciones,  solicitan que el presidente Medina, anule la subasta realizada el jueves 13 de noviembre y paralice la realizaci\u00f3n de la programada  para el martes 26, hasta que la comisi\u00f3n de veedores reci\u00e9n formada en el ministerio de agricultura y la comisi\u00f3n de \u00e9tica realicen una minuciosa investigaci\u00f3n al respecto.<\/p>\n<\/p>\n<p>\u00abEs necesario que esta comisi\u00f3n de veedores informe al pa\u00eds, cual es el negociazo que existe con el ajo, las habichuelas y la cebolla,  que el monopolio existente alrededor de estas importaciones ha logrado permear todas las administraciones del sector agropecuario  que hemos tenido en los \u00faltimos 20 a\u00f1os\u00bb, plante\u00f3 el dirigente comercial.<\/p>\n<\/p>\n<p>Al mismo tiempo,  advirti\u00f3  a esta comisi\u00f3n veedora, que el concepto de importador tradicional no debe aplicar para 4 empresas que se llevan el 80% de las asignaciones de los contingentes arancelarios del DR CAFTA, sin que con esto se beneficie a los consumidores,  que han tenido que pagar los precios m\u00e1s altos de toda la historia,  en los productos que llegan libres de impuestos.<\/p>\n<\/p>\n<p>Record\u00f3 que en d\u00edas pasados se le advirti\u00f3   a los miembros de la comisi\u00f3n de las importaciones sobre  informaciones que poseen  y de que el rumor p\u00fablico, se\u00f1ala que dos empleados de la oficina de tratados comerciales agr\u00edcolas, OTCA, estar\u00edan contactando a comerciantes para ofrecerles trato preferencial en la pr\u00f3xima asignaci\u00f3n de contingentes arancelarios del DR-CAFTA.<\/p>\n<\/p>\n<p>Exigi\u00f3  que se respeten  los derechos del comercio y que de la misma manera que se ha favorecido a empresas con subastas cerradas, se reconozcan  a otras que ten\u00edan permisos vigentes de compensaci\u00f3n por compras desde el a\u00f1o 2012 y que fueron cancelados sus permisos de importaci\u00f3n con la aplicaci\u00f3n del decreto 569-12.<\/p>\n<\/p>\n<p>\u00abPedimos al presidente Danilo Medina, que intervenga, ya que la imagen de su gobierno est\u00e1 seriamente afectada por estas anomal\u00edas y privilegios en perjuicio de federaciones de comerciantes  y de consumidores\u00bb, reiter\u00f3.<\/p>\n<\/p>\n<p>Plante\u00f3 que la  transparencia no debe ser solo un enunciado, sino que hay que  aplicarla de igual forma para todos, sin injusticias, con veracidad, sin privilegios, pero sobre todo, sin retaliaci\u00f3n<\/p>\n<\/p>\n<p>Entiende que las subastas deben suspenderse hasta tanto se revisen los mecanismo institucionales y la transparencia de las mismas, as\u00ed como el otorgamiento de los contingentes arancelarios del DR-CAFTA, deben ser otorgados a las empresas  y personas f\u00edsicas que han sido 2014, extirpados  de la OTCA, para favorecer intereses personales y pol\u00edticos.<\/p>\n<\/p>\n<p>Enfatiz\u00f3  en que la seguridad alimentaria no puede seguir manos de los especuladores. No al decreto 569-12.<\/p>\n<\/p>\n<h6> 2013-11-25 16:13:23 <\/h6>\n<p><!--\n<link rel=\"stylesheet\" href=\"css\/bootstrap.min.css\">\n\n\n<ul class=\"pagination\">\n\t    \n\t\n\n<li >\n\t<a href='?page_no=14263'>Previous<\/a>\n\t<\/li>\n\n\n       \n    \n\n<li><a href='?page_no=1'>1<\/a><\/li>\n\n\n\n<li><a href='?page_no=2'>2<\/a><\/li>\n\n\n\n<li><a>...<\/a><\/li>\n\n\n\n<li><a href='?page_no=14262'>14262<\/a><\/li>\n\n\n\n<li><a href='?page_no=14263'>14263<\/a><\/li>\n\n\n\n<li class='active'><a>14264<\/a><\/li>\n\n\n\n<li><a href='?page_no=14265'>14265<\/a><\/li>\n\n\n\n<li><a href='?page_no=14266'>14266<\/a><\/li>\n\n\n\n<li><a>...<\/a><\/li>\n\n\n\n<li><a href='?page_no=30472'>30472<\/a><\/li>\n\n\n\n<li><a href='?page_no=30473'>30473<\/a><\/li>\n\n    \n\t\n\n<li >\n\t<a href='?page_no=14265'>Next<\/a>\n\t<\/li>\n\n\n    \n\n<li><a href='?page_no=30473'>Last &rsaquo;&rsaquo;<\/a><\/li>\n\n<\/ul>\n\n\n--><br \/>\n<\/body><\/p>\n","protected":false},"excerpt":{"rendered":"<p>Santo Domingo RD 25 noviembre.- Organizaciones de comerciantes pidieron al presidente de la Rep\u00fablica, Danilo Medina, la anulaci\u00f3n de la \u00faltima subasta de productos agropecuarios, realizada por Bolsa Agro Empresarial, de la JAD, el pasado jueves 13 de este mes, tras afirmar que dicho proceso tuvo un mal manejo en la aplicaci\u00f3n del decreto 569-12. [&hellip;]<\/p>\n","protected":false},"author":3,"featured_media":0,"comment_status":"open","ping_status":"open","sticky":false,"template":"","format":"standard","meta":{"footnotes":""},"categories":[18],"tags":[],"class_list":["post-98736","post","type-post","status-publish","format-standard","hentry","category-economia"],"_links":{"self":[{"href":"https:\/\/diariodominicano.com\/index.php?rest_route=\/wp\/v2\/posts\/98736","targetHints":{"allow":["GET"]}}],"collection":[{"href":"https:\/\/diariodominicano.com\/index.php?rest_route=\/wp\/v2\/posts"}],"about":[{"href":"https:\/\/diariodominicano.com\/index.php?rest_route=\/wp\/v2\/types\/post"}],"author":[{"embeddable":true,"href":"https:\/\/diariodominicano.com\/index.php?rest_route=\/wp\/v2\/users\/3"}],"replies":[{"embeddable":true,"href":"https:\/\/diariodominicano.com\/index.php?rest_route=%2Fwp%2Fv2%2Fcomments&post=98736"}],"version-history":[{"count":0,"href":"https:\/\/diariodominicano.com\/index.php?rest_route=\/wp\/v2\/posts\/98736\/revisions"}],"wp:attachment":[{"href":"https:\/\/diariodominicano.com\/index.php?rest_route=%2Fwp%2Fv2%2Fmedia&parent=98736"}],"wp:term":[{"taxonomy":"category","embeddable":true,"href":"https:\/\/diariodominicano.com\/index.php?rest_route=%2Fwp%2Fv2%2Fcategories&post=98736"},{"taxonomy":"post_tag","embeddable":true,"href":"https:\/\/diariodominicano.com\/index.php?rest_route=%2Fwp%2Fv2%2Ftags&post=98736"}],"curies":[{"name":"wp","href":"https:\/\/api.w.org\/{rel}","templated":true}]}}