{"id":98735,"date":"2013-11-25T16:22:11","date_gmt":"2013-11-25T16:22:11","guid":{"rendered":"http:\/\/diariodominicano.ddns.net\/?p=98735"},"modified":"2013-11-25T16:22:11","modified_gmt":"2013-11-25T16:22:11","slug":"organizan-foro-internacional-sobre-la-factura-de-energia-en-el-sector-turismo","status":"publish","type":"post","link":"https:\/\/diariodominicano.com\/?p=98735","title":{"rendered":"Organizan foro internacional sobre la  factura de energ\u00eda en el sector turismo"},"content":{"rendered":"<p><body><\/p>\n<p><img decoding=\"async\" src=\"img3\/negro 25.jpg\" \/>  <\/p>\n<p>Santo Domingo RD 25 noviembre.- Los d\u00edas 10 y 11 de diciembre, el hotel Barcel\u00f3 B\u00e1varo Palace Deluxe ser\u00e1 sede del Foro de Energ\u00eda del Turismo Caribe\u00f1o, el primer evento en centrarse exclusivamente en bajar la factura de energ\u00eda del sector de la hospitalidad en la regi\u00f3n.<\/p>\n<\/p>\n<p>El CTEF acoger\u00e1 a una serie de l\u00edderes de la industria mundial del turismo, que tendr\u00e1n a cargo la implementaci\u00f3n de los programas de energ\u00eda renovable y ahorro de energ\u00eda en la regi\u00f3n.<\/p>\n<\/p>\n<p>No hay mayor amenaza para la competitividad del turismo caribe\u00f1o que el precio de la electricidad, aseguran los organizadores. Con tasas que alcanzan cerca de los 50 centavos por kwh en algunos mercados, el impacto en la rentabilidad es enorme. La industria de la hospitalidad ha asumido como un desaf\u00edo el esfuerzo para ahorrar energ\u00eda y generarla.<\/p>\n<\/p>\n<p>Por ello, New Energy Events, que cada a\u00f1o organiza el Foro de Energ\u00eda Renovable del Caribe (CREF, por sus siglas en ingl\u00e9s), ha decidido celebrar Caribbean Tourism: The Energy Forum (CTEF), un evento anual dirigido a ofrecer al sector turismo acceso a los principales proveedores mundiales de tecnolog\u00eda, capital y experiencia en el \u00e1rea. El objetivo es hallar las soluciones energ\u00e9ticas m\u00e1s eficientes.<\/p>\n<\/p>\n<p>Adem\u00e1s de New Energy Events, el CTEF es organizado por Gobierno Dominicano, el Banco Interamericano de Desarrollo (BID) y la Corporaci\u00f3n Internacional de Finanzas (IFC), el brazo del Banco Mundial dirigido al sector privado.<\/p>\n<p>El CTEF acoger\u00e1 a una serie de l\u00edderes de la industria mundial del turismo, que tendr\u00e1n a cargo la implementaci\u00f3n de los programas de energ\u00eda renovable y ahorro de energ\u00eda en la regi\u00f3n.<\/p>\n<\/p>\n<p>Tomando como base estudios de casos concretos, los participantes explorar\u00e1n las mejores pr\u00e1cticas tecnol\u00f3gicas y de financiamiento para los hoteles y resorts caribe\u00f1os.<\/p>\n<\/p>\n<p>Entre los l\u00edderes que participar\u00e1n se hallan Radham\u00e9s Mart\u00ednez Aponte, viceministro de turismo dominicano; Enrique Ramirez presidente de la Comisi\u00f3n Nacional de Energ\u00eda; Alexandre Meira da Rosa, Manager del sector de Infraestructuras y Medioambiente del BID; Jake Kheel, Director Ambiental del Grupo Punta Cana; Juli\u00e1n Despradel, director de asuntos internacionales de la Comisi\u00f3n Nacional de Energ\u00eda, Enrique De Marchena Kaluche, expresidente de la Asociaci\u00f3n de Hoteles y Turismo del Caribe, entre otros.<\/p>\n<h6> 2013-11-25 16:22:11 <\/h6>\n<p><!--\n<link rel=\"stylesheet\" href=\"css\/bootstrap.min.css\">\n\n\n<ul class=\"pagination\">\n\t    \n\t\n\n<li >\n\t<a href='?page_no=14262'>Previous<\/a>\n\t<\/li>\n\n\n       \n    \n\n<li><a href='?page_no=1'>1<\/a><\/li>\n\n\n\n<li><a href='?page_no=2'>2<\/a><\/li>\n\n\n\n<li><a>...<\/a><\/li>\n\n\n\n<li><a href='?page_no=14261'>14261<\/a><\/li>\n\n\n\n<li><a href='?page_no=14262'>14262<\/a><\/li>\n\n\n\n<li class='active'><a>14263<\/a><\/li>\n\n\n\n<li><a href='?page_no=14264'>14264<\/a><\/li>\n\n\n\n<li><a href='?page_no=14265'>14265<\/a><\/li>\n\n\n\n<li><a>...<\/a><\/li>\n\n\n\n<li><a href='?page_no=30472'>30472<\/a><\/li>\n\n\n\n<li><a href='?page_no=30473'>30473<\/a><\/li>\n\n    \n\t\n\n<li >\n\t<a href='?page_no=14264'>Next<\/a>\n\t<\/li>\n\n\n    \n\n<li><a href='?page_no=30473'>Last &rsaquo;&rsaquo;<\/a><\/li>\n\n<\/ul>\n\n\n--><br \/>\n<\/body><\/p>\n","protected":false},"excerpt":{"rendered":"<p>Santo Domingo RD 25 noviembre.- Los d\u00edas 10 y 11 de diciembre, el hotel Barcel\u00f3 B\u00e1varo Palace Deluxe ser\u00e1 sede del Foro de Energ\u00eda del Turismo Caribe\u00f1o, el primer evento en centrarse exclusivamente en bajar la factura de energ\u00eda del sector de la hospitalidad en la regi\u00f3n. El CTEF acoger\u00e1 a una serie de l\u00edderes [&hellip;]<\/p>\n","protected":false},"author":3,"featured_media":0,"comment_status":"open","ping_status":"open","sticky":false,"template":"","format":"standard","meta":{"footnotes":""},"categories":[18],"tags":[],"class_list":["post-98735","post","type-post","status-publish","format-standard","hentry","category-economia"],"_links":{"self":[{"href":"https:\/\/diariodominicano.com\/index.php?rest_route=\/wp\/v2\/posts\/98735","targetHints":{"allow":["GET"]}}],"collection":[{"href":"https:\/\/diariodominicano.com\/index.php?rest_route=\/wp\/v2\/posts"}],"about":[{"href":"https:\/\/diariodominicano.com\/index.php?rest_route=\/wp\/v2\/types\/post"}],"author":[{"embeddable":true,"href":"https:\/\/diariodominicano.com\/index.php?rest_route=\/wp\/v2\/users\/3"}],"replies":[{"embeddable":true,"href":"https:\/\/diariodominicano.com\/index.php?rest_route=%2Fwp%2Fv2%2Fcomments&post=98735"}],"version-history":[{"count":0,"href":"https:\/\/diariodominicano.com\/index.php?rest_route=\/wp\/v2\/posts\/98735\/revisions"}],"wp:attachment":[{"href":"https:\/\/diariodominicano.com\/index.php?rest_route=%2Fwp%2Fv2%2Fmedia&parent=98735"}],"wp:term":[{"taxonomy":"category","embeddable":true,"href":"https:\/\/diariodominicano.com\/index.php?rest_route=%2Fwp%2Fv2%2Fcategories&post=98735"},{"taxonomy":"post_tag","embeddable":true,"href":"https:\/\/diariodominicano.com\/index.php?rest_route=%2Fwp%2Fv2%2Ftags&post=98735"}],"curies":[{"name":"wp","href":"https:\/\/api.w.org\/{rel}","templated":true}]}}