{"id":98733,"date":"2013-11-25T19:34:21","date_gmt":"2013-11-25T19:34:21","guid":{"rendered":"http:\/\/diariodominicano.ddns.net\/?p=98733"},"modified":"2013-11-25T19:34:21","modified_gmt":"2013-11-25T19:34:21","slug":"califica-de-burda-y-ridicula-denuncia-que-lo-vincula-con-supuesto-complot-contra-el-presidente-de-haiti","status":"publish","type":"post","link":"https:\/\/diariodominicano.com\/?p=98733","title":{"rendered":"Califica de \u00abburda y rid\u00edcula\u00bb denuncia que lo vincula con supuesto complot contra el presidente de Haiti&#13;"},"content":{"rendered":"<p><body><\/p>\n<p><img decoding=\"async\" src=\"img3\/castillo.jpg\" \/>  <\/p>\n<p><span class=\"text1noticias\">Santo Domingo, RD, 25 de Noviembre.-El ministro de Industria y Comercio, Jos\u00e9 del Castillo Savi\u00f1\u00f3n califico de \u00abdisparate, burda y rid\u00edcula\u00bb la denuncia de que funcionarios del gobierno y legisladores oficialistas estar\u00edan apoyando un complot para derrocar al presidente de Hait\u00ed, Michael Martelly.<\/span><\/p>\n<p><span class=\"text1noticias\"> <\/span><\/p>\n<p><span class=\"text1noticias\">Entrevistado por el periodista Napole\u00f3n de la Cruz en el programa Lo que paso en 7 d\u00edas, el ministro de Industria y Comercio dijo que  el \u00fanico objetivo de esa denuncia es afectar las relaciones entre Republica Dominicana y Hait\u00ed, \u00abaprovechando la situaci\u00f3n de tensi\u00f3n entre las dos naciones\u00bb.<\/span><\/p>\n<p><span class=\"text1noticias\"> <\/span><\/p>\n<p><span class=\"text1noticias\">Asegura que esa campa\u00f1a, basada en mentiras, no dar\u00e1 su resultado, ya que se hacen esfuerzos por fortalecer las relaciones entre las dos naciones, que comparten la misma isla.<\/span><\/p>\n<p><span class=\"text1noticias\"> <\/span><\/p>\n<p><span class=\"text1noticias\">Asimismo del Castillo Savi\u00f1\u00f3n dijo es una \u00abprioridad nacional\u00bb mantener y fortalecer las relaciones con Hait\u00ed, tras recordar que es el segundo socio comercial de la Republica Dominicana y \u00abnuestro vecino, con el que compartimos la misma isla\u00bb.<\/span><\/p>\n<p><span class=\"text1noticias\"> <\/span><\/p>\n<p><span class=\"text1noticias\">El funcionario fue reiterativo en indicar que necesario tomar medidas concretas para facilitar el comercio bilateral, tomando en cuenta que Republica Dominicana exporta m\u00e1s de dos mil millones de d\u00f3lares cada a\u00f1o al vecino pa\u00eds.<\/span><\/p>\n<p><span class=\"text1noticias\"> <\/span><\/p>\n<p><span class=\"text1noticias\">\u00abEstamos obligados a entendernos y tener una mejor relaci\u00f3n entre las dos Naciones\u00bb,  sentenci\u00f3 el Ministro de Industria y Comercio.(HG)<\/span>.<\/p>\n<\/p>\n<h6> 2013-11-25 19:34:21 <\/h6>\n<p><!--\n<link rel=\"stylesheet\" href=\"css\/bootstrap.min.css\">\n\n\n<ul class=\"pagination\">\n\t    \n\t\n\n<li >\n\t<a href='?page_no=14260'>Previous<\/a>\n\t<\/li>\n\n\n       \n    \n\n<li><a href='?page_no=1'>1<\/a><\/li>\n\n\n\n<li><a href='?page_no=2'>2<\/a><\/li>\n\n\n\n<li><a>...<\/a><\/li>\n\n\n\n<li><a href='?page_no=14259'>14259<\/a><\/li>\n\n\n\n<li><a href='?page_no=14260'>14260<\/a><\/li>\n\n\n\n<li class='active'><a>14261<\/a><\/li>\n\n\n\n<li><a href='?page_no=14262'>14262<\/a><\/li>\n\n\n\n<li><a href='?page_no=14263'>14263<\/a><\/li>\n\n\n\n<li><a>...<\/a><\/li>\n\n\n\n<li><a href='?page_no=30472'>30472<\/a><\/li>\n\n\n\n<li><a href='?page_no=30473'>30473<\/a><\/li>\n\n    \n\t\n\n<li >\n\t<a href='?page_no=14262'>Next<\/a>\n\t<\/li>\n\n\n    \n\n<li><a href='?page_no=30473'>Last &rsaquo;&rsaquo;<\/a><\/li>\n\n<\/ul>\n\n\n--><br \/>\n<\/body><\/p>\n","protected":false},"excerpt":{"rendered":"<p>Santo Domingo, RD, 25 de Noviembre.-El ministro de Industria y Comercio, Jos\u00e9 del Castillo Savi\u00f1\u00f3n califico de \u00abdisparate, burda y rid\u00edcula\u00bb la denuncia de que funcionarios del gobierno y legisladores oficialistas estar\u00edan apoyando un complot para derrocar al presidente de Hait\u00ed, Michael Martelly. Entrevistado por el periodista Napole\u00f3n de la Cruz en el programa Lo [&hellip;]<\/p>\n","protected":false},"author":3,"featured_media":0,"comment_status":"open","ping_status":"open","sticky":false,"template":"","format":"standard","meta":{"footnotes":""},"categories":[18],"tags":[],"class_list":["post-98733","post","type-post","status-publish","format-standard","hentry","category-economia"],"_links":{"self":[{"href":"https:\/\/diariodominicano.com\/index.php?rest_route=\/wp\/v2\/posts\/98733","targetHints":{"allow":["GET"]}}],"collection":[{"href":"https:\/\/diariodominicano.com\/index.php?rest_route=\/wp\/v2\/posts"}],"about":[{"href":"https:\/\/diariodominicano.com\/index.php?rest_route=\/wp\/v2\/types\/post"}],"author":[{"embeddable":true,"href":"https:\/\/diariodominicano.com\/index.php?rest_route=\/wp\/v2\/users\/3"}],"replies":[{"embeddable":true,"href":"https:\/\/diariodominicano.com\/index.php?rest_route=%2Fwp%2Fv2%2Fcomments&post=98733"}],"version-history":[{"count":0,"href":"https:\/\/diariodominicano.com\/index.php?rest_route=\/wp\/v2\/posts\/98733\/revisions"}],"wp:attachment":[{"href":"https:\/\/diariodominicano.com\/index.php?rest_route=%2Fwp%2Fv2%2Fmedia&parent=98733"}],"wp:term":[{"taxonomy":"category","embeddable":true,"href":"https:\/\/diariodominicano.com\/index.php?rest_route=%2Fwp%2Fv2%2Fcategories&post=98733"},{"taxonomy":"post_tag","embeddable":true,"href":"https:\/\/diariodominicano.com\/index.php?rest_route=%2Fwp%2Fv2%2Ftags&post=98733"}],"curies":[{"name":"wp","href":"https:\/\/api.w.org\/{rel}","templated":true}]}}