{"id":98732,"date":"2013-11-25T21:31:26","date_gmt":"2013-11-25T21:31:26","guid":{"rendered":"http:\/\/diariodominicano.ddns.net\/?p=98732"},"modified":"2013-11-25T21:31:26","modified_gmt":"2013-11-25T21:31:26","slug":"adie-se-desliga-de-campana-en-contra-de-licitacion-de-plantas-a-carbon","status":"publish","type":"post","link":"https:\/\/diariodominicano.com\/?p=98732","title":{"rendered":"ADIE se desliga de campa\u00f1a en contra de licitaci\u00f3n de plantas a carb\u00f3n"},"content":{"rendered":"<p><body><\/p>\n<p><span class=\"text1noticias\">Santo Domingo, RD, 25 de Noviembre.-La Asociaci\u00f3n Dominicana de la Industria El\u00e9ctrica (ADIE) afirm\u00f3  que no se opone a los planes del Gobierno dominicano de construir dos plantas de carb\u00f3n de 300 MV cada una, ni menos est\u00e1 actuando contra al  proceso de licitaci\u00f3n que se lleva a cabo para las mismas.<\/span><\/p>\n<p><span class=\"text1noticias\"> <\/span><\/p>\n<p><span class=\"text1noticias\">La entidad que agrupa a las empresas generadores de electricidad precis\u00f3 que hace esta aclaraci\u00f3n porque hay una campa\u00f1a medi\u00e1tica tratando de responsabilizar a los miembros de ADIE como opositores al  proceso.<\/span><\/p>\n<p><span class=\"text1noticias\"> <\/span><\/p>\n<p><span class=\"text1noticias\">ADIE enfatiz\u00f3 que ha sido muy clara en sus planteamientos p\u00fablicos en cuanto a que respalda el derecho soberano que tiene el Estado, representado por su Gobierno, para definir la pol\u00edtica energ\u00e9tica que entienda adecuada, ya sea a trav\u00e9s de la instalaci\u00f3n de dichas plantas u otras acciones en el subsector el\u00e9ctrico que garanticen su desarrollo, dentro del respecto al marco legal y regulatorio existente.<\/span><\/p>\n<p><span class=\"text1noticias\"> <\/span><\/p>\n<p><span class=\"text1noticias\">\u00abDe manera p\u00fablica solicitamos a las instituciones y a las personas, que se han dado a la tarea de difamar nuestra asociaci\u00f3n y sus empresas miembros, a ser m\u00e1s responsables prestando sus esfuerzos para contribuir con la soluci\u00f3n en vez de ser parte del problema a trav\u00e9s de la desinformaci\u00f3n\u00bb, expreso en un comunicado.<\/span><\/p>\n<p><span class=\"text1noticias\"> <\/span><\/p>\n<p><span class=\"text1noticias\">As\u00ed mismo, ADIE solicit\u00f3 al Gobierno identificar el origen de estos ataques y descr\u00e9ditos para que, de una vez por todas, la sociedad dominicana pueda darse cuenta que dichas acciones no est\u00e1n vinculadas con esta entidad y menos a\u00fan con las empresas que la integran.<\/span><\/p>\n<p><span class=\"text1noticias\"> <\/span><\/p>\n<p><span class=\"text1noticias\"> Resalt\u00f3 que el \u00fanico compromiso que tiene la ADIE y sus empresas miembros es con la Rep\u00fablica Dominicana y el subsector el\u00e9ctrico, donde han contribuido desde hace a\u00f1os a su desarrollo y aspiran  a seguir contribuyendo para lograr alcanzar un servicio el\u00e9ctrico, sostenible, confiable, de calidad y  de bajo costo para beneficio de los consumidores.<\/span><\/p>\n<h6> 2013-11-25 21:31:26 <\/h6>\n<p><!--\n<link rel=\"stylesheet\" href=\"css\/bootstrap.min.css\">\n\n\n<ul class=\"pagination\">\n\t    \n\t\n\n<li >\n\t<a href='?page_no=14259'>Previous<\/a>\n\t<\/li>\n\n\n       \n    \n\n<li><a href='?page_no=1'>1<\/a><\/li>\n\n\n\n<li><a href='?page_no=2'>2<\/a><\/li>\n\n\n\n<li><a>...<\/a><\/li>\n\n\n\n<li><a href='?page_no=14258'>14258<\/a><\/li>\n\n\n\n<li><a href='?page_no=14259'>14259<\/a><\/li>\n\n\n\n<li class='active'><a>14260<\/a><\/li>\n\n\n\n<li><a href='?page_no=14261'>14261<\/a><\/li>\n\n\n\n<li><a href='?page_no=14262'>14262<\/a><\/li>\n\n\n\n<li><a>...<\/a><\/li>\n\n\n\n<li><a href='?page_no=30472'>30472<\/a><\/li>\n\n\n\n<li><a href='?page_no=30473'>30473<\/a><\/li>\n\n    \n\t\n\n<li >\n\t<a href='?page_no=14261'>Next<\/a>\n\t<\/li>\n\n\n    \n\n<li><a href='?page_no=30473'>Last &rsaquo;&rsaquo;<\/a><\/li>\n\n<\/ul>\n\n\n--><br \/>\n<\/body><\/p>\n","protected":false},"excerpt":{"rendered":"<p>Santo Domingo, RD, 25 de Noviembre.-La Asociaci\u00f3n Dominicana de la Industria El\u00e9ctrica (ADIE) afirm\u00f3 que no se opone a los planes del Gobierno dominicano de construir dos plantas de carb\u00f3n de 300 MV cada una, ni menos est\u00e1 actuando contra al proceso de licitaci\u00f3n que se lleva a cabo para las mismas. La entidad que [&hellip;]<\/p>\n","protected":false},"author":3,"featured_media":0,"comment_status":"open","ping_status":"open","sticky":false,"template":"","format":"standard","meta":{"footnotes":""},"categories":[18],"tags":[],"class_list":["post-98732","post","type-post","status-publish","format-standard","hentry","category-economia"],"_links":{"self":[{"href":"https:\/\/diariodominicano.com\/index.php?rest_route=\/wp\/v2\/posts\/98732","targetHints":{"allow":["GET"]}}],"collection":[{"href":"https:\/\/diariodominicano.com\/index.php?rest_route=\/wp\/v2\/posts"}],"about":[{"href":"https:\/\/diariodominicano.com\/index.php?rest_route=\/wp\/v2\/types\/post"}],"author":[{"embeddable":true,"href":"https:\/\/diariodominicano.com\/index.php?rest_route=\/wp\/v2\/users\/3"}],"replies":[{"embeddable":true,"href":"https:\/\/diariodominicano.com\/index.php?rest_route=%2Fwp%2Fv2%2Fcomments&post=98732"}],"version-history":[{"count":0,"href":"https:\/\/diariodominicano.com\/index.php?rest_route=\/wp\/v2\/posts\/98732\/revisions"}],"wp:attachment":[{"href":"https:\/\/diariodominicano.com\/index.php?rest_route=%2Fwp%2Fv2%2Fmedia&parent=98732"}],"wp:term":[{"taxonomy":"category","embeddable":true,"href":"https:\/\/diariodominicano.com\/index.php?rest_route=%2Fwp%2Fv2%2Fcategories&post=98732"},{"taxonomy":"post_tag","embeddable":true,"href":"https:\/\/diariodominicano.com\/index.php?rest_route=%2Fwp%2Fv2%2Ftags&post=98732"}],"curies":[{"name":"wp","href":"https:\/\/api.w.org\/{rel}","templated":true}]}}