{"id":98728,"date":"2013-11-25T23:32:48","date_gmt":"2013-11-25T23:32:48","guid":{"rendered":"http:\/\/diariodominicano.ddns.net\/?p=98728"},"modified":"2013-11-25T23:32:48","modified_gmt":"2013-11-25T23:32:48","slug":"cooperativas-y-organizaciones-no-gubernamentales-beneficiadas-con-los-rd-357-millones","status":"publish","type":"post","link":"https:\/\/diariodominicano.com\/?p=98728","title":{"rendered":"Cooperativas y organizaciones no gubernamentales beneficiadas con los RD$ 357 millones"},"content":{"rendered":"<p><body><\/p>\n<p><img decoding=\"async\" src=\"img3\/reservas.jpg\" \/>  <\/p>\n<p><span class=\"text1noticias\">Santo Domingo, RD, 25 de Noviembre.-La Fundaci\u00f3n Reservas del Pa\u00eds no solo otorga pr\u00e9stamos a instituciones sin fines de lucro; tambi\u00e9n les brinda asistencia t\u00e9cnica y capacitaci\u00f3n para que mejoren la calidad de sus servicios.<\/span><\/p>\n<\/p>\n<p><span class=\"text1noticias\">As\u00ed lo inform\u00f3 la directora ejecutiva de dicha fundaci\u00f3n, Rosa Rita \u00c1lvarez, al participar en los acostumbrados encuentros con los medios, que organiza cada lunes la Direcci\u00f3n General de Comunicaci\u00f3n, de la Presidencia de la Rep\u00fablica.<\/span><\/p>\n<\/p>\n<p><span class=\"text1noticias\">La funcionaria explic\u00f3 que la asistencia que brindan a las cooperativas y organizaciones no gubernamentales beneficiadas con los 357 millones de pesos prestados por esa entidad hasta el momento, contribuyen a fortalecerlas.<\/span><\/p>\n<\/p>\n<p><span class=\"text1noticias\">Signific\u00f3 que los ejes de trabajos que a la fecha han desarrollado abarcan la construcci\u00f3n de propuestas para el fortalecimiento del sector microfinanzas, evaluaci\u00f3n de productos de datacr\u00e9dito y  educaci\u00f3n financiera para microempresarios.<\/span><\/p>\n<\/p>\n<p><span class=\"text1noticias\">\u00c1lvarez refiri\u00f3 que un aspecto importante de este proceso ha sido la gesti\u00f3n de seguros para microempresas agropecuarias y el seguro de vida del deudor, que han sido bien ponderados por los beneficiarios de los pr\u00e9stamos.<\/span><\/p>\n<\/p>\n<p><span class=\"text1noticias\">Condiciones de pr\u00e9stamos<\/span><\/p>\n<\/p>\n<p><span class=\"text1noticias\">La directora ejecutiva de la Fundaci\u00f3n Reservas del Pa\u00eds manifest\u00f3 que los dineros que presta la instituci\u00f3n est\u00e1n dirigidos, b\u00e1sicamente, a entidades cuyo perfil est\u00e9 alineado con la misi\u00f3n de la Fundaci\u00f3n.<\/span><\/p>\n<\/p>\n<p><span class=\"text1noticias\">En ese sentido, explic\u00f3 que los beneficiarios preferiblemente deben contar con un m\u00ednimo de tres a\u00f1os de operaciones y tener experiencias crediticias hacia las microempresas.<\/span><\/p>\n<\/p>\n<p><span class=\"text1noticias\">Otros de los requisitos consisten en tener, adem\u00e1s, personer\u00eda jur\u00eddica y disponer de los \u00faltimos tres estados financieros auditados.<\/span><\/p>\n<\/p>\n<p><span class=\"text1noticias\">Impacto del servicio<\/span><\/p>\n<\/p>\n<p><span class=\"text1noticias\">Rosa Rita \u00c1lvarez se\u00f1al\u00f3 que los 9,750  pr\u00e9stamos otorgados han impactado positivamente en la creaci\u00f3n de 16,800 empleos, y que el 59 por ciento de estos financiamientos fueron concedidos a mujeres, mientras que el restante 41 por ciento se facilit\u00f3 a hombres.<\/span><\/p>\n<\/p>\n<p><span class=\"text1noticias\">Argument\u00f3 que el 57 por ciento de la poblaci\u00f3n atendida corresponde a las edades entre 36 y 59 a\u00f1os y un 27 por ciento a menores de 36 a\u00f1os.<\/span><\/p>\n<\/p>\n<p><span class=\"text1noticias\">Indic\u00f3 que las instituciones prestatarias atienden \u00e1reas rurales en un 36 por ciento, y suburbanas y urbanas en un 64 por ciento.(HG)<\/span>.<\/p>\n<\/p>\n<h6> 2013-11-25 23:32:48 <\/h6>\n<p><!--\n<link rel=\"stylesheet\" href=\"css\/bootstrap.min.css\">\n\n\n<ul class=\"pagination\">\n\t    \n\t\n\n<li >\n\t<a href='?page_no=14256'>Previous<\/a>\n\t<\/li>\n\n\n       \n    \n\n<li><a href='?page_no=1'>1<\/a><\/li>\n\n\n\n<li><a href='?page_no=2'>2<\/a><\/li>\n\n\n\n<li><a>...<\/a><\/li>\n\n\n\n<li><a href='?page_no=14255'>14255<\/a><\/li>\n\n\n\n<li><a href='?page_no=14256'>14256<\/a><\/li>\n\n\n\n<li class='active'><a>14257<\/a><\/li>\n\n\n\n<li><a href='?page_no=14258'>14258<\/a><\/li>\n\n\n\n<li><a href='?page_no=14259'>14259<\/a><\/li>\n\n\n\n<li><a>...<\/a><\/li>\n\n\n\n<li><a href='?page_no=30472'>30472<\/a><\/li>\n\n\n\n<li><a href='?page_no=30473'>30473<\/a><\/li>\n\n    \n\t\n\n<li >\n\t<a href='?page_no=14258'>Next<\/a>\n\t<\/li>\n\n\n    \n\n<li><a href='?page_no=30473'>Last &rsaquo;&rsaquo;<\/a><\/li>\n\n<\/ul>\n\n\n--><br \/>\n<\/body><\/p>\n","protected":false},"excerpt":{"rendered":"<p>Santo Domingo, RD, 25 de Noviembre.-La Fundaci\u00f3n Reservas del Pa\u00eds no solo otorga pr\u00e9stamos a instituciones sin fines de lucro; tambi\u00e9n les brinda asistencia t\u00e9cnica y capacitaci\u00f3n para que mejoren la calidad de sus servicios. As\u00ed lo inform\u00f3 la directora ejecutiva de dicha fundaci\u00f3n, Rosa Rita \u00c1lvarez, al participar en los acostumbrados encuentros con los [&hellip;]<\/p>\n","protected":false},"author":3,"featured_media":0,"comment_status":"open","ping_status":"open","sticky":false,"template":"","format":"standard","meta":{"footnotes":""},"categories":[18],"tags":[],"class_list":["post-98728","post","type-post","status-publish","format-standard","hentry","category-economia"],"_links":{"self":[{"href":"https:\/\/diariodominicano.com\/index.php?rest_route=\/wp\/v2\/posts\/98728","targetHints":{"allow":["GET"]}}],"collection":[{"href":"https:\/\/diariodominicano.com\/index.php?rest_route=\/wp\/v2\/posts"}],"about":[{"href":"https:\/\/diariodominicano.com\/index.php?rest_route=\/wp\/v2\/types\/post"}],"author":[{"embeddable":true,"href":"https:\/\/diariodominicano.com\/index.php?rest_route=\/wp\/v2\/users\/3"}],"replies":[{"embeddable":true,"href":"https:\/\/diariodominicano.com\/index.php?rest_route=%2Fwp%2Fv2%2Fcomments&post=98728"}],"version-history":[{"count":0,"href":"https:\/\/diariodominicano.com\/index.php?rest_route=\/wp\/v2\/posts\/98728\/revisions"}],"wp:attachment":[{"href":"https:\/\/diariodominicano.com\/index.php?rest_route=%2Fwp%2Fv2%2Fmedia&parent=98728"}],"wp:term":[{"taxonomy":"category","embeddable":true,"href":"https:\/\/diariodominicano.com\/index.php?rest_route=%2Fwp%2Fv2%2Fcategories&post=98728"},{"taxonomy":"post_tag","embeddable":true,"href":"https:\/\/diariodominicano.com\/index.php?rest_route=%2Fwp%2Fv2%2Ftags&post=98728"}],"curies":[{"name":"wp","href":"https:\/\/api.w.org\/{rel}","templated":true}]}}