{"id":98723,"date":"2013-11-26T18:56:59","date_gmt":"2013-11-26T18:56:59","guid":{"rendered":"http:\/\/diariodominicano.ddns.net\/?p=98723"},"modified":"2013-11-26T18:56:59","modified_gmt":"2013-11-26T18:56:59","slug":"mic-clausura-de-la-semana-pymes","status":"publish","type":"post","link":"https:\/\/diariodominicano.com\/?p=98723","title":{"rendered":"MIC clausura de la Semana PYMES"},"content":{"rendered":"<p><body><\/p>\n<p><img decoding=\"async\" src=\"img3\/pymes.jpg\" \/>  <\/p>\n<p><span class=\"text1noticias\">Santo Domingo, RD,  26 de noviembre.- El Ministerio de Industria y Comercio (MIC), a trav\u00e9s del Viceministerio de Fomento a las Pymes, culmin\u00f3 la Semana PYMES con el Reconocimiento a la Excelencia PYMES de la Rep\u00fablica Dominicana. <\/span><\/p>\n<\/p>\n<p><span class=\"text1noticias\">Objetivo de la premiaci\u00f3n es reconocer a las organizaciones dominicanas que se destacan por su excelencia en la gesti\u00f3n, as\u00ed como por llevar a cabo pr\u00e1cticas adecuadas que promuevan la innovaci\u00f3n, emprendimiento, gesti\u00f3n ambiental y la exportaci\u00f3n en sus operaciones para beneficio del sector.  <\/span><\/p>\n<p><span class=\"text1noticias\">Las empresas  fueron galardonadas en: Reconocimiento al Emprendimiento Social por Lorna Aquino de Green Love; Reconocimiento al Emprendimiento en Turismo por Manuel Guill\u00e9n de Hermanos Guill\u00e9n; Reconocimiento al Emprendimiento Industrial por Estefany Marte de A.M. Frutas y Vegetales; Reconocimiento al Emprendimiento Tecnol\u00f3gico por Edwin Basdem Fr\u00edas del Grupo Multiservicios BS, S.R.L; Menci\u00f3n Especial por sus buenas pr\u00e1cticas de innovaci\u00f3n a Caperucita Rosa, Reconocimiento a las Buenas Pr\u00e1cticas PYMES de Innovaci\u00f3n para Caribbean Labs Trader; Reconocimiento a las Buenas Pr\u00e1cticas PYMES de Exportaci\u00f3n para Laboratorios MK; Menci\u00f3n Especial en Excelencia a la Peque\u00f1a Industria para Freewater Development Corp.; Reconocimiento a la Excelencia de la Mediana Empresa para Ajiza Agroindustrial, S.R.L.; Reconocimiento a la Excelencia de la Mediana Empresa para Impresora Conadex, S.R.L.; Reconocimiento a la Trayectoria Emprendedora para C\u00e9sar Aybar de Nikay Bio Proceso, S.R.L. y finalmente el Reconocimiento a la Trayectoria PYMES para Jes\u00fas Moreno Portalat\u00edn de Comercializadora Los Montones, S.R.L.<\/span><\/p>\n<\/p>\n<p><span class=\"text1noticias\">Como parte del premio, las organizaciones que resultaron ganadoras en las tres categor\u00edas recibir\u00e1n asistencia t\u00e9cnica y capacitaci\u00f3n personalizada durante un a\u00f1o para fortalecer sus niveles de competitividad y gesti\u00f3n de calidad. Tendr\u00e1n tambi\u00e9n acceso a un pr\u00e9stamo bajo t\u00e9rminos y condiciones de competitividad, as\u00ed como acompa\u00f1amiento t\u00e9cnico para que puedan postularse al Premio Nacional a la Calidad del Sector de Rep\u00fablica Dominicana.<\/span><\/p>\n<\/p>\n<p><span class=\"text1noticias\">El Reconocimiento tuvo lugar en el Sal\u00f3n de Eventos del Centro Comercial Sambil y fue el acto de clausura de la Semana PYMES, que empez\u00f3 el pasado 21 de noviembre. La premiaci\u00f3n cont\u00f3 con la participaci\u00f3n del Ministro de Industria y Comercio, Jos\u00e9 Del Castillo Savi\u00f1\u00f3n, quien expres\u00f3 que \u00abEn los cuatro d\u00edas de la Semana PYMES se cont\u00f3 con la asistencia de m\u00e1s de 2,000 emprendedores y peque\u00f1os y medianos empresarios, m\u00e1s de 500 personas capacitadas en 13 conferencias y talleres y m\u00e1s de 30 PYMES lograron establecer contactos de negocios con 6 grandes cadenas comerciales, hoteleras e industriales del pa\u00eds en los  encuentros de negocios. En los pabellones de servicios sectoriales y gubernamental  se presentaron cientos de servicios relacionados con procesos de mejoras t\u00e9cnicas de las PYMES, de su lado, en el Pabell\u00f3n de Servicios Financieros fueron solicitados m\u00e1s de 30 millones de pesos en pr\u00e9stamos a tasas de inter\u00e9s preferenciales que luego ser\u00e1n ejecutados por diferentes peque\u00f1os y medianos empresarios\u00bb.<\/span><\/p>\n<\/p>\n<p><span class=\"text1noticias\">Asimismo, estuve presente  el Viceministro de Pymes, Ignacio M\u00e9ndez quien destac\u00f3 que \u00abEl gran reto de este Reconocimiento a la Excelencia PYMES ha sido reconocer a nuestras mejores PYMES, generando casos de \u00e9xito que permitan estudiar las buenas pr\u00e1cticas de las peque\u00f1as y medianas empresas dominicanas exitosas. Con lo que lograremos romper un gran paradigma de que en nuestras universidades los estudiantes s\u00f3lo tengan la posibilidad de conocer y estudiar los casos de \u00e9xito de empresas extranjeras, con lo que logramos reconocer y promover lo nuestro, lo hecho por peque\u00f1os y medianos empresarios que cada d\u00eda luchan por ofrecer a los dominicanos productos de calidad mundial.\u00bb<\/span><\/p>\n<\/p>\n<p><span class=\"text1noticias\">Durante la Semana PYMES, los asistentes tuvieron acceso a un amplio programa acad\u00e9mico de formaci\u00f3n para las empresas, que incluy\u00f3  foros tem\u00e1ticos, encuentros comerciales y de negocios, as\u00ed como un \u00e1rea para que las organizaciones realizaran sus exposiciones. <\/span><\/p>\n<\/p>\n<p><span class=\"text1noticias\">El objetivo de este evento es ofrecer oportunidades a las micro, peque\u00f1as y medianas empresas del pa\u00eds y facilitarles soluciones orientadas al desarrollo integral de sus organizaciones. Con el prop\u00f3sito de que las empresas crezcan, ya que las Pymes generan m\u00e1s de dos millones de empleos, aportan un 27% del Producto Interno Bruto (PIB) y representan el 96% de las empresas en Rep\u00fablica Dominicana.<\/span><\/p>\n<\/p>\n<p><span class=\"text1noticias\">El Viceministerio de Fomento a las PYMES es el \u00f3rgano regulador del sector PYMES que se encarga de dise\u00f1ar, coordinar y ejecutar, as\u00ed como supervisar las estrategias p\u00fablicas de fomento a las micro, peque\u00f1as y medianas empresas.<\/span><\/p>\n<\/p>\n<p><span class=\"text1noticias\"> y estudiar los casos de \u00e9xito de empresas extranjeras, con lo que logramos reconocer y promover lo nuestro, lo hecho por peque\u00f1os y medianos empresarios que cada d\u00eda luchan por ofrecer a los dominicanos productos de calidad mundial.\u00bb<\/span><\/p>\n<\/p>\n<p><span class=\"text1noticias\">Durante la Semana PYMES, los asistentes tuvieron acceso a un amplio programa acad\u00e9mico de formaci\u00f3n para las empresas, que incluy\u00f3  foros tem\u00e1ticos, encuentros comerciales y de negocios, as\u00ed como un \u00e1rea para que las organizaciones realizaran sus exposiciones. <\/span><\/p>\n<\/p>\n<p><span class=\"text1noticias\">El objetivo de este evento es ofrecer oportunidades a las micro, peque\u00f1as y medianas empresas del pa\u00eds y facilitarles soluciones orientadas al desarrollo integral de sus organizaciones. Con el prop\u00f3sito de que las empresas crezcan, ya que las Pymes generan m\u00e1s de dos millones de empleos, aportan un 27% del Producto Interno Bruto (PIB) y representan el 96% de las empresas en Rep\u00fablica Dominicana.<\/span><\/p>\n<\/p>\n<p><span class=\"text1noticias\">El Viceministerio de Fomento a las PYMES es el \u00f3rgano regulador del sector PYMES que se encarga de dise\u00f1ar, coordinar y ejecutar, as\u00ed como supervisar las estrategias p\u00fablicas de fomento a las micro, peque\u00f1as y medianas empresas.(HG)<\/span>.<\/p>\n<\/p>\n<h6> 2013-11-26 18:56:59 <\/h6>\n<p><!--\n<link rel=\"stylesheet\" href=\"css\/bootstrap.min.css\">\n\n\n<ul class=\"pagination\">\n\t    \n\t\n\n<li >\n\t<a href='?page_no=14251'>Previous<\/a>\n\t<\/li>\n\n\n       \n    \n\n<li><a href='?page_no=1'>1<\/a><\/li>\n\n\n\n<li><a href='?page_no=2'>2<\/a><\/li>\n\n\n\n<li><a>...<\/a><\/li>\n\n\n\n<li><a href='?page_no=14250'>14250<\/a><\/li>\n\n\n\n<li><a href='?page_no=14251'>14251<\/a><\/li>\n\n\n\n<li class='active'><a>14252<\/a><\/li>\n\n\n\n<li><a href='?page_no=14253'>14253<\/a><\/li>\n\n\n\n<li><a href='?page_no=14254'>14254<\/a><\/li>\n\n\n\n<li><a>...<\/a><\/li>\n\n\n\n<li><a href='?page_no=30472'>30472<\/a><\/li>\n\n\n\n<li><a href='?page_no=30473'>30473<\/a><\/li>\n\n    \n\t\n\n<li >\n\t<a href='?page_no=14253'>Next<\/a>\n\t<\/li>\n\n\n    \n\n<li><a href='?page_no=30473'>Last &rsaquo;&rsaquo;<\/a><\/li>\n\n<\/ul>\n\n\n--><br \/>\n<\/body><\/p>\n","protected":false},"excerpt":{"rendered":"<p>Santo Domingo, RD, 26 de noviembre.- El Ministerio de Industria y Comercio (MIC), a trav\u00e9s del Viceministerio de Fomento a las Pymes, culmin\u00f3 la Semana PYMES con el Reconocimiento a la Excelencia PYMES de la Rep\u00fablica Dominicana. Objetivo de la premiaci\u00f3n es reconocer a las organizaciones dominicanas que se destacan por su excelencia en la [&hellip;]<\/p>\n","protected":false},"author":3,"featured_media":0,"comment_status":"open","ping_status":"open","sticky":false,"template":"","format":"standard","meta":{"footnotes":""},"categories":[18],"tags":[],"class_list":["post-98723","post","type-post","status-publish","format-standard","hentry","category-economia"],"_links":{"self":[{"href":"https:\/\/diariodominicano.com\/index.php?rest_route=\/wp\/v2\/posts\/98723","targetHints":{"allow":["GET"]}}],"collection":[{"href":"https:\/\/diariodominicano.com\/index.php?rest_route=\/wp\/v2\/posts"}],"about":[{"href":"https:\/\/diariodominicano.com\/index.php?rest_route=\/wp\/v2\/types\/post"}],"author":[{"embeddable":true,"href":"https:\/\/diariodominicano.com\/index.php?rest_route=\/wp\/v2\/users\/3"}],"replies":[{"embeddable":true,"href":"https:\/\/diariodominicano.com\/index.php?rest_route=%2Fwp%2Fv2%2Fcomments&post=98723"}],"version-history":[{"count":0,"href":"https:\/\/diariodominicano.com\/index.php?rest_route=\/wp\/v2\/posts\/98723\/revisions"}],"wp:attachment":[{"href":"https:\/\/diariodominicano.com\/index.php?rest_route=%2Fwp%2Fv2%2Fmedia&parent=98723"}],"wp:term":[{"taxonomy":"category","embeddable":true,"href":"https:\/\/diariodominicano.com\/index.php?rest_route=%2Fwp%2Fv2%2Fcategories&post=98723"},{"taxonomy":"post_tag","embeddable":true,"href":"https:\/\/diariodominicano.com\/index.php?rest_route=%2Fwp%2Fv2%2Ftags&post=98723"}],"curies":[{"name":"wp","href":"https:\/\/api.w.org\/{rel}","templated":true}]}}