{"id":98721,"date":"2013-11-26T21:01:05","date_gmt":"2013-11-26T21:01:05","guid":{"rendered":"http:\/\/diariodominicano.ddns.net\/?p=98721"},"modified":"2013-11-26T21:01:05","modified_gmt":"2013-11-26T21:01:05","slug":"presidentecodepro-valora-esfuerzos-que-hace-el-presidente-dm-para-apoyar-las-pymes","status":"publish","type":"post","link":"https:\/\/diariodominicano.com\/?p=98721","title":{"rendered":"PresidenteCodepro valora esfuerzos que hace el presidente DM para apoyar las Pymes"},"content":{"rendered":"<p><body><\/p>\n<p><span class=\"text1noticias\">Santo Domingo, RD, 26 de Noviembre.-El presidente del Consejo Dominicano de Comerciantes Detallistas de Provisiones (Codepro), Rafael Santos valor\u00f3 como positivo los esfuerzos que hace el presidente Danilo Medina para apoyar las micro y peque\u00f1as empresas, a trav\u00e9s de financiamiento y la compras del Estado. <\/span><\/p>\n<\/p>\n<p><span class=\"text1noticias\">Sin embargo, Santos consider\u00f3 que hay aspectos que dificultan el buen desenvolvimiento de estos proyectos lo cual perjudica a miles de peque\u00f1os y medianos comercios a nivel nacional.<\/span><\/p>\n<\/p>\n<p><span class=\"text1noticias\">Plante\u00f3 que en  materia de financiamiento es urgente la puesta en funcionamiento de un fondo de garant\u00edas para que se reduzcan al m\u00ednimo los requisitos para la obtenci\u00f3n de un pr\u00e9stamo en la banca nacional.<\/span><\/p>\n<p><span class=\"text1noticias\">Tambi\u00e9n sugiri\u00f3 se le  de facilidades en cuanto al encaje legal a los bancos que tienen carteras especializadas a las mipymes con el compromiso de que los mismos presten estos recursos a bajas tasas  acordadas previamente con las autoridades monetarias.<\/span><\/p>\n<\/p>\n<p><span class=\"text1noticias\">En ese sentido, agreg\u00f3  que para garantizar el financiamiento a este sector hay que tomar medidas que logren la descentralizaci\u00f3n del cr\u00e9dito ya que el gobierno a trav\u00e9s del Banco de Reservas y Banca Solidaria no est\u00e1n en la capacidad de suplir la demanda nacional.<\/span><\/p>\n<\/p>\n<p><span class=\"text1noticias\">Dijo que el fondo de garant\u00edas se lograr\u00eda que miles de peque\u00f1os comerciantes que en un momento determinado han tenido dificultades para cumplir de manera puntual con un pr\u00e9stamo y su clasificaci\u00f3n es C o D no se les cierre las puertas del sistema financiero nacional sino que se les d\u00e9 la oportunidad de recomenzar y poder as\u00ed limpiar su historial crediticio.<\/span><\/p>\n<\/p>\n<p><span class=\"text1noticias\">Manifest\u00f3 que la evaluaci\u00f3n de  solicitudes de cr\u00e9dito se est\u00e1n tardando varias semanas por lo que Solicit\u00f3  la descentralizaci\u00f3n para su aprobaci\u00f3n  hasta el monto de  $500,000.00 ya que dicha medida contribuir\u00eda a la agilizaci\u00f3n en la aprobaci\u00f3n y desembolso de los mismos. <\/span><\/p>\n<\/p>\n<p><span class=\"text1noticias\">En cuanto a las compras del Estado  a las pymes entiende que deben flexibilizarse los requisitos  para registrarse como suplidor del estado y hacer los correctivos de lugar para que las grandes empresas no se  camuflajen como pymes para as\u00ed competir de manera desleal en detrimento de las verdaderamente peque\u00f1as. <\/span><\/p>\n<p><span class=\"text1noticias\">Finalmente,  salud\u00f3 el anuncio hecho por el ministro Jos\u00e9 Ram\u00f3n Peralta de destinar m\u00e1s de 30 mil millones de pesos para la ejecuci\u00f3n de diversas obras de infraestructura a nivel nacional ya que esto contribuir\u00e1 a dinamizar la micro econom\u00eda y por ende se espera que contribuya positivamente en el comercio.(HG)<\/span>.<\/p>\n<h6> 2013-11-26 21:01:05 <\/h6>\n<p><!--\n<link rel=\"stylesheet\" href=\"css\/bootstrap.min.css\">\n\n\n<ul class=\"pagination\">\n\t    \n\t\n\n<li >\n\t<a href='?page_no=14249'>Previous<\/a>\n\t<\/li>\n\n\n       \n    \n\n<li><a href='?page_no=1'>1<\/a><\/li>\n\n\n\n<li><a href='?page_no=2'>2<\/a><\/li>\n\n\n\n<li><a>...<\/a><\/li>\n\n\n\n<li><a href='?page_no=14248'>14248<\/a><\/li>\n\n\n\n<li><a href='?page_no=14249'>14249<\/a><\/li>\n\n\n\n<li class='active'><a>14250<\/a><\/li>\n\n\n\n<li><a href='?page_no=14251'>14251<\/a><\/li>\n\n\n\n<li><a href='?page_no=14252'>14252<\/a><\/li>\n\n\n\n<li><a>...<\/a><\/li>\n\n\n\n<li><a href='?page_no=30472'>30472<\/a><\/li>\n\n\n\n<li><a href='?page_no=30473'>30473<\/a><\/li>\n\n    \n\t\n\n<li >\n\t<a href='?page_no=14251'>Next<\/a>\n\t<\/li>\n\n\n    \n\n<li><a href='?page_no=30473'>Last &rsaquo;&rsaquo;<\/a><\/li>\n\n<\/ul>\n\n\n--><br \/>\n<\/body><\/p>\n","protected":false},"excerpt":{"rendered":"<p>Santo Domingo, RD, 26 de Noviembre.-El presidente del Consejo Dominicano de Comerciantes Detallistas de Provisiones (Codepro), Rafael Santos valor\u00f3 como positivo los esfuerzos que hace el presidente Danilo Medina para apoyar las micro y peque\u00f1as empresas, a trav\u00e9s de financiamiento y la compras del Estado. Sin embargo, Santos consider\u00f3 que hay aspectos que dificultan el [&hellip;]<\/p>\n","protected":false},"author":3,"featured_media":0,"comment_status":"open","ping_status":"open","sticky":false,"template":"","format":"standard","meta":{"footnotes":""},"categories":[18],"tags":[],"class_list":["post-98721","post","type-post","status-publish","format-standard","hentry","category-economia"],"_links":{"self":[{"href":"https:\/\/diariodominicano.com\/index.php?rest_route=\/wp\/v2\/posts\/98721","targetHints":{"allow":["GET"]}}],"collection":[{"href":"https:\/\/diariodominicano.com\/index.php?rest_route=\/wp\/v2\/posts"}],"about":[{"href":"https:\/\/diariodominicano.com\/index.php?rest_route=\/wp\/v2\/types\/post"}],"author":[{"embeddable":true,"href":"https:\/\/diariodominicano.com\/index.php?rest_route=\/wp\/v2\/users\/3"}],"replies":[{"embeddable":true,"href":"https:\/\/diariodominicano.com\/index.php?rest_route=%2Fwp%2Fv2%2Fcomments&post=98721"}],"version-history":[{"count":0,"href":"https:\/\/diariodominicano.com\/index.php?rest_route=\/wp\/v2\/posts\/98721\/revisions"}],"wp:attachment":[{"href":"https:\/\/diariodominicano.com\/index.php?rest_route=%2Fwp%2Fv2%2Fmedia&parent=98721"}],"wp:term":[{"taxonomy":"category","embeddable":true,"href":"https:\/\/diariodominicano.com\/index.php?rest_route=%2Fwp%2Fv2%2Fcategories&post=98721"},{"taxonomy":"post_tag","embeddable":true,"href":"https:\/\/diariodominicano.com\/index.php?rest_route=%2Fwp%2Fv2%2Ftags&post=98721"}],"curies":[{"name":"wp","href":"https:\/\/api.w.org\/{rel}","templated":true}]}}