{"id":98719,"date":"2013-11-26T21:39:31","date_gmt":"2013-11-26T21:39:31","guid":{"rendered":"http:\/\/diariodominicano.ddns.net\/?p=98719"},"modified":"2013-11-26T21:39:31","modified_gmt":"2013-11-26T21:39:31","slug":"aduanas-recauda-mas-de-60-mil-200-millones-en-lo-que-va-de-ano-para-un-crecimiento-de-un-12-4","status":"publish","type":"post","link":"https:\/\/diariodominicano.com\/?p=98719","title":{"rendered":"Aduanas recauda m\u00e1s de 60 mil 200 millones en lo que va de a\u00f1o para un crecimiento de un 12.4%"},"content":{"rendered":"<p><body><\/p>\n<p><img decoding=\"async\" src=\"img3\/aduana.jpg\" \/>  <\/p>\n<p><span class=\"text1noticias\">Santo Domingo, RD, 26 de Noviembre.-La Direcci\u00f3n General de Aduanas ha recaudado RD$60,203.2 millones, del primero de enero al 15 de noviembre de este a\u00f1o, lo que equivale a un crecimiento de un 12.4%, con respecto a ese mismo per\u00edodo del a\u00f1o 2012.<\/span><\/p>\n<\/p>\n<p><span class=\"text1noticias\">El director general de aduanas, ingeniero Fernando Fern\u00e1ndez, que atribuye el incremento de las recaudaciones a la eficiencia y los controles, dijo esperar que al cierre de este a\u00f1o, las cifras recaudadas sean respetables.<\/span><\/p>\n<\/p>\n<p><span class=\"text1noticias\">El titular de Aduanas precis\u00f3 que ese comportamiento est\u00e1 ligado a un \u00abaumento del consumo en general, de bienes importados\u00bb.<\/span><\/p>\n<\/p>\n<p><span class=\"text1noticias\">Fern\u00e1ndez hizo el se\u00f1alamiento al participar como el orador principal en el almuerzo de la Asociaci\u00f3n de Navieros de la Rep\u00fablica Dominicana, en donde tambi\u00e9n destac\u00f3 que la \u00abRep\u00fablica Dominicana es una econom\u00eda que cuenta ya con una amplia apertura de su mercado, en la que m\u00e1s del 53% del universo arancelario ya est\u00e1 en Tasa Cero\u00bb.<\/span><\/p>\n<\/p>\n<p><span class=\"text1noticias\">         El funcionario se\u00f1al\u00f3 que, a pesar de ese comportamiento, uno de los grandes retos consiste en que ese organismo vele por la sostenibilidad de la econom\u00eda  del pa\u00eds, para la cual es necesario pasar, en el mediano plazo, de un car\u00e1cter importador neto, a un pa\u00eds exportador neto.<\/span><\/p>\n<\/p>\n<p><span class=\"text1noticias\">          Dijo que para lograr ese objetivo es necesario \u00abcontinuar con el proceso de diversificaci\u00f3n de la producci\u00f3n y las exportaciones, aumentar los niveles de competitividad y buscar m\u00e1s y nuevos destinos para colocar nuestros productos\u00bb.<\/span><\/p>\n<\/p>\n<p><span class=\"text1noticias\">         \u00abEn la Direcci\u00f3n General de Aduanas seguimos embarc\u00e1ndonos en proyectos que aseguren un manejo eficiente en el recaudo, que facilite el comercio leg\u00edtimo, el comercio l\u00edcito y que ataque con efectividad la informalidad, el contrabando, la subvaluaci\u00f3n y la evasi\u00f3n en cualquiera de sus manifestaciones\u00bb, dijo Fern\u00e1ndez.<\/span><\/p>\n<\/p>\n<p><span class=\"text1noticias\">Nuevos Equipos de Monitoreo<\/span><\/p>\n<\/p>\n<p><span class=\"text1noticias\">         El director general de Aduanas, anunci\u00f3 que con ese prop\u00f3sito, el a\u00f1o entrante se pondr\u00e1 en pr\u00e1ctica el seguimiento mediante tecnolog\u00edas GPS a los contenedores  en tr\u00e1nsito internacional hacia y desde H ait\u00ed, as\u00ed como los destinados a los reg\u00edmenes especiales, como son las zonas francas industriales, comerciales y especiales, empresas que operan bajo R\u00e9gimen de Admisi\u00f3n Temporal o bajo R\u00e9gimen de Desarrollo Fronterizo.<\/span><\/p>\n<\/p>\n<p><span class=\"text1noticias\">         Sostuvo que con la puesta en pr\u00e1ctica de ese nuevo sistema de monitoreo de las cargas, se disminuir\u00e1 el riesgo tanto para las empresas como para el fisco, as\u00ed como la reducci\u00f3n de la participaci\u00f3n del factor humano, la disminuci\u00f3n de los costos y del tiempo de despacho.<\/span><\/p>\n<\/p>\n<p><span class=\"text1noticias\">         Cit\u00f3 asimismo, que la Rep\u00fablica Dominicana ocupa el primer lugar entre los pa\u00edses Centroam\u00e9rica, miembros del DR-CAFTA, en las facilidades para hacer negocios.<\/span><\/p>\n<\/p>\n<p><span class=\"text1noticias\">         En lo relativo al comercio transfronterizo la Rep\u00fablica Dominicana ocupa el segundo lugar, entre los pa\u00edses de Am\u00e9rica Latina, s\u00f3lo superada por Panam\u00e1.<\/span><\/p>\n<\/p>\n<p><span class=\"text1noticias\"> El almuerzo- conferencia de la Asociaci\u00f3n Nacional de Navieros  de la Rep\u00fablica Dominicana (ANRD), estuvo encabezado por su presidente Teddy Heinsen; el presidente de la DNCD, mayor general Julio Souffront; contralmirante Joaqu\u00edn Peignan, director del CESEP;  y los empresarios Samuel Conde, Gustavo Tavarez, Jochy Mella, Milton La Hoz, Nelson Bello, Elena S\u00e1lazar, Juando Periche Vidal, Erick Alma, Maximo Tavarez y Francisco Arias, todos miembros y directivos de esa entidad empresarial.(HG)<\/span>.     <\/p>\n<h6> 2013-11-26 21:39:31 <\/h6>\n<p><!--\n<link rel=\"stylesheet\" href=\"css\/bootstrap.min.css\">\n\n\n<ul class=\"pagination\">\n\t    \n\t\n\n<li >\n\t<a href='?page_no=14248'>Previous<\/a>\n\t<\/li>\n\n\n       \n    \n\n<li><a href='?page_no=1'>1<\/a><\/li>\n\n\n\n<li><a href='?page_no=2'>2<\/a><\/li>\n\n\n\n<li><a>...<\/a><\/li>\n\n\n\n<li><a href='?page_no=14247'>14247<\/a><\/li>\n\n\n\n<li><a href='?page_no=14248'>14248<\/a><\/li>\n\n\n\n<li class='active'><a>14249<\/a><\/li>\n\n\n\n<li><a href='?page_no=14250'>14250<\/a><\/li>\n\n\n\n<li><a href='?page_no=14251'>14251<\/a><\/li>\n\n\n\n<li><a>...<\/a><\/li>\n\n\n\n<li><a href='?page_no=30472'>30472<\/a><\/li>\n\n\n\n<li><a href='?page_no=30473'>30473<\/a><\/li>\n\n    \n\t\n\n<li >\n\t<a href='?page_no=14250'>Next<\/a>\n\t<\/li>\n\n\n    \n\n<li><a href='?page_no=30473'>Last &rsaquo;&rsaquo;<\/a><\/li>\n\n<\/ul>\n\n\n--><br \/>\n<\/body><\/p>\n","protected":false},"excerpt":{"rendered":"<p>Santo Domingo, RD, 26 de Noviembre.-La Direcci\u00f3n General de Aduanas ha recaudado RD$60,203.2 millones, del primero de enero al 15 de noviembre de este a\u00f1o, lo que equivale a un crecimiento de un 12.4%, con respecto a ese mismo per\u00edodo del a\u00f1o 2012. El director general de aduanas, ingeniero Fernando Fern\u00e1ndez, que atribuye el incremento [&hellip;]<\/p>\n","protected":false},"author":3,"featured_media":0,"comment_status":"open","ping_status":"open","sticky":false,"template":"","format":"standard","meta":{"footnotes":""},"categories":[18],"tags":[],"class_list":["post-98719","post","type-post","status-publish","format-standard","hentry","category-economia"],"_links":{"self":[{"href":"https:\/\/diariodominicano.com\/index.php?rest_route=\/wp\/v2\/posts\/98719","targetHints":{"allow":["GET"]}}],"collection":[{"href":"https:\/\/diariodominicano.com\/index.php?rest_route=\/wp\/v2\/posts"}],"about":[{"href":"https:\/\/diariodominicano.com\/index.php?rest_route=\/wp\/v2\/types\/post"}],"author":[{"embeddable":true,"href":"https:\/\/diariodominicano.com\/index.php?rest_route=\/wp\/v2\/users\/3"}],"replies":[{"embeddable":true,"href":"https:\/\/diariodominicano.com\/index.php?rest_route=%2Fwp%2Fv2%2Fcomments&post=98719"}],"version-history":[{"count":0,"href":"https:\/\/diariodominicano.com\/index.php?rest_route=\/wp\/v2\/posts\/98719\/revisions"}],"wp:attachment":[{"href":"https:\/\/diariodominicano.com\/index.php?rest_route=%2Fwp%2Fv2%2Fmedia&parent=98719"}],"wp:term":[{"taxonomy":"category","embeddable":true,"href":"https:\/\/diariodominicano.com\/index.php?rest_route=%2Fwp%2Fv2%2Fcategories&post=98719"},{"taxonomy":"post_tag","embeddable":true,"href":"https:\/\/diariodominicano.com\/index.php?rest_route=%2Fwp%2Fv2%2Ftags&post=98719"}],"curies":[{"name":"wp","href":"https:\/\/api.w.org\/{rel}","templated":true}]}}