{"id":98717,"date":"2013-11-26T22:59:39","date_gmt":"2013-11-26T22:59:39","guid":{"rendered":"http:\/\/diariodominicano.ddns.net\/?p=98717"},"modified":"2013-11-26T22:59:39","modified_gmt":"2013-11-26T22:59:39","slug":"diputado-jose-paliza-presidente-danilo-medina-ha-descuidado-el-sector-turismo","status":"publish","type":"post","link":"https:\/\/diariodominicano.com\/?p=98717","title":{"rendered":"Diputado Jos\u00e9 Paliza: presidente Danilo Medina ha descuidado el sector turismo"},"content":{"rendered":"<p><body><\/p>\n<p><img decoding=\"async\" src=\"http:\/\/localhost:8080\/economia\/img3\/Paliza.jpg\" \/>  <\/p>\n<p><span class=\"text1noticias\">Santo Domingo, RD, 26 de Noviembre.-El Diputado del Partido Revolucionario Dominicano por la provincia de Puerto Plata, Jos\u00e9 Paliza consider\u00f3 que el discurso del presidente Danilo Medina con relaci\u00f3n al turismo est\u00e1 muy distante de los hechos.<\/span><\/p>\n<\/p>\n<p><span class=\"text1noticias\">Al ser entrevistado por el periodista Salvador Holgu\u00edn en el programa de televisi\u00f3n \u00abSin Cortapisa\u00bb, Paliza, indic\u00f3 que el sector privado se ha animado a invertir, pero que no recibe apoyo del gobierno.<\/span><\/p>\n<\/p>\n<p><span class=\"text1noticias\">\u00abNo es posible que solo 20 millones se invirtieron este a\u00f1o, el gobierno no tiene este sector como prioridad, el presidente de la Rep\u00fablica est\u00e1 distante con el sector tur\u00edstico al discurso que exhibe, no es posible que se haya invertido tan poco en el sector tur\u00edstico\u00bb, subray\u00f3 el legislador.<\/span><\/p>\n<\/p>\n<p><span class=\"text1noticias\">Presupuesto 2014<\/span><\/p>\n<p><span class=\"text1noticias\">Con relaci\u00f3n al presupuesto del 2014 expres\u00f3 que el endeudamiento, el crecimiento de los salarios, la n\u00f3mina gubernamental y el d\u00e9ficit el\u00e9ctrico \u00abes lo que se come este presupuesto\u00bb. <\/span><\/p>\n<\/p>\n<p><span class=\"text1noticias\">Sostuvo es que el presupuesto del 2014, es la acumulaci\u00f3n de la responsabilidad de la corrupci\u00f3n del pasado gobierno de Leonel Fern\u00e1ndez.(HG)<\/span>.<\/p>\n<h6> 2013-11-26 22:59:39 <\/h6>\n<p><!--\n<link rel=\"stylesheet\" href=\"css\/bootstrap.min.css\">\n\n\n<ul class=\"pagination\">\n\t    \n\t\n\n<li >\n\t<a href='?page_no=14246'>Previous<\/a>\n\t<\/li>\n\n\n       \n    \n\n<li><a href='?page_no=1'>1<\/a><\/li>\n\n\n\n<li><a href='?page_no=2'>2<\/a><\/li>\n\n\n\n<li><a>...<\/a><\/li>\n\n\n\n<li><a href='?page_no=14245'>14245<\/a><\/li>\n\n\n\n<li><a href='?page_no=14246'>14246<\/a><\/li>\n\n\n\n<li class='active'><a>14247<\/a><\/li>\n\n\n\n<li><a href='?page_no=14248'>14248<\/a><\/li>\n\n\n\n<li><a href='?page_no=14249'>14249<\/a><\/li>\n\n\n\n<li><a>...<\/a><\/li>\n\n\n\n<li><a href='?page_no=30472'>30472<\/a><\/li>\n\n\n\n<li><a href='?page_no=30473'>30473<\/a><\/li>\n\n    \n\t\n\n<li >\n\t<a href='?page_no=14248'>Next<\/a>\n\t<\/li>\n\n\n    \n\n<li><a href='?page_no=30473'>Last &rsaquo;&rsaquo;<\/a><\/li>\n\n<\/ul>\n\n\n--><br \/>\n<\/body><\/p>\n","protected":false},"excerpt":{"rendered":"<p>Santo Domingo, RD, 26 de Noviembre.-El Diputado del Partido Revolucionario Dominicano por la provincia de Puerto Plata, Jos\u00e9 Paliza consider\u00f3 que el discurso del presidente Danilo Medina con relaci\u00f3n al turismo est\u00e1 muy distante de los hechos. Al ser entrevistado por el periodista Salvador Holgu\u00edn en el programa de televisi\u00f3n \u00abSin Cortapisa\u00bb, Paliza, indic\u00f3 que [&hellip;]<\/p>\n","protected":false},"author":3,"featured_media":0,"comment_status":"open","ping_status":"open","sticky":false,"template":"","format":"standard","meta":{"footnotes":""},"categories":[18],"tags":[],"class_list":["post-98717","post","type-post","status-publish","format-standard","hentry","category-economia"],"_links":{"self":[{"href":"https:\/\/diariodominicano.com\/index.php?rest_route=\/wp\/v2\/posts\/98717","targetHints":{"allow":["GET"]}}],"collection":[{"href":"https:\/\/diariodominicano.com\/index.php?rest_route=\/wp\/v2\/posts"}],"about":[{"href":"https:\/\/diariodominicano.com\/index.php?rest_route=\/wp\/v2\/types\/post"}],"author":[{"embeddable":true,"href":"https:\/\/diariodominicano.com\/index.php?rest_route=\/wp\/v2\/users\/3"}],"replies":[{"embeddable":true,"href":"https:\/\/diariodominicano.com\/index.php?rest_route=%2Fwp%2Fv2%2Fcomments&post=98717"}],"version-history":[{"count":0,"href":"https:\/\/diariodominicano.com\/index.php?rest_route=\/wp\/v2\/posts\/98717\/revisions"}],"wp:attachment":[{"href":"https:\/\/diariodominicano.com\/index.php?rest_route=%2Fwp%2Fv2%2Fmedia&parent=98717"}],"wp:term":[{"taxonomy":"category","embeddable":true,"href":"https:\/\/diariodominicano.com\/index.php?rest_route=%2Fwp%2Fv2%2Fcategories&post=98717"},{"taxonomy":"post_tag","embeddable":true,"href":"https:\/\/diariodominicano.com\/index.php?rest_route=%2Fwp%2Fv2%2Ftags&post=98717"}],"curies":[{"name":"wp","href":"https:\/\/api.w.org\/{rel}","templated":true}]}}