{"id":98714,"date":"2013-11-27T16:16:22","date_gmt":"2013-11-27T16:16:22","guid":{"rendered":"http:\/\/diariodominicano.ddns.net\/?p=98714"},"modified":"2013-11-27T16:16:22","modified_gmt":"2013-11-27T16:16:22","slug":"presidente-danilo-medina-inaugura-la-avenida-de-circunvalacion-san-pedro-macoris","status":"publish","type":"post","link":"https:\/\/diariodominicano.com\/?p=98714","title":{"rendered":"Presidente Danilo  Medina inaugura la avenida de  Circunvalaci\u00f3n San Pedro Macor\u00eds"},"content":{"rendered":"<p><body><\/p>\n<p><img decoding=\"async\" src=\"img3\/san pedro 27.jpg\" \/>  <\/p>\n<p>San Pedro de Macor\u00eds RD 27 noviembre.- Con la presencia del presidente Danilo Medina, el ministerio de Obras P\u00fablicas inaugur\u00f3 este mi\u00e9rcoles la Circunvalaci\u00f3n de San Pedro de Macor\u00eds, que forma parte del Corredor Vial Tur\u00edstico del Este.<\/p>\n<\/p>\n<p> Asimismo, Obras P\u00fablicas dej\u00f3 abierto al tr\u00e1nsito la Circunvalaci\u00f3n de La Romana, incluyendo el cobro manual en la estaci\u00f3n de peaje  en esta zona.<\/p>\n<\/p>\n<p> Al pronunciar el discurso central del acto inaugural de la importante obra vial, el ministro del MOPC, Gonzalo Castillo, explic\u00f3 que con la terminaci\u00f3n de estas obras que componen la Circunvalaci\u00f3n San Pedro de Macor\u00eds y la puesta en servicio de la Circunvalaci\u00f3n La Romana, se busca impulsar y promover el desarrollo de las zonas tur\u00edsticas de la regi\u00f3n Este.<\/p>\n<\/p>\n<p> \u00abCon esta inauguraci\u00f3n el d\u00eda de hoy, quedan sentadas las bases para que la provincia de San Pedro de Macor\u00eds marche y se acerque hacia nuestra mayor y m\u00e1s productiva industria, La industria del turismo\u00bb.<\/p>\n<\/p>\n<p>Asimismo, dijo que las mismas generar\u00e1n beneficios para los usuarios de estas v\u00edas con la reducci\u00f3n del tiempo de recorrido, y el consumo de combustible, y adem\u00e1s impactan positivamente  el comercio en general.  <\/p>\n<\/p>\n<p> \u00abCon esta iniciativa, el Presidente responde a las demandas de la poblaci\u00f3n de tener un pa\u00eds m\u00e1s moderno, m\u00e1s ordenado, con mayor movilidad y seguridad en las carreteras, y adem\u00e1s un pa\u00eds m\u00e1s productivo, al crear v\u00edas que permiten ahorros de tiempo y combustibles entre otros\u00bb.<\/p>\n<\/p>\n<p>La construcci\u00f3n de la Circunvalaci\u00f3n de San Pedro de Macor\u00eds incluy\u00f3 la ampliaci\u00f3n a cuatro (4) carriles y  la rehabilitaci\u00f3n de la calzada existente, desde el puente Higuamo hasta la carretera San Pedro Macor\u00eds- La Romana.<\/p>\n<\/p>\n<p> Como parte de las labores en las intersecciones y pasos a desnivel, figura  la terminaci\u00f3n de 3 distribuidores de tr\u00e1fico en el tramo Circunvalaci\u00f3n San Pedro de Macor\u00eds; el cruce tipo \u00abT\u00bb, de este municipio, es un distribuidor tipo trompeta con paso inferior, en direcci\u00f3n La Romana ? San Pedro de Macor\u00eds.<\/p>\n<\/p>\n<p> Tambi\u00e9n  el cruce Ram\u00f3n Santana, de  tipo diamante con caj\u00f3n vehicular de dos carriles inferior, asimismo el cruce San Pedro de Macor\u00eds ? Hato Mayor, con estructura de separaci\u00f3n de puente met\u00e1lico, de 30 metros de longitud.<\/p>\n<\/p>\n<p> Asimismo, fueron construidos nuevos sistemas de drenaje con la colocaci\u00f3n de tuber\u00edas para alcantarillas y pasos de ganado, as\u00ed como la construcci\u00f3n de cunetas, bordillos y contenes para aliviar las aguas longitudinalmente, entre otros.<\/p>\n<\/p>\n<p>  Esta obra de 11.5 kil\u00f3metros  de longitud a 4 carriles, para un total de 46 kil\u00f3metros carriles, en adici\u00f3n a sus tres distribuidores o pasos a desnivel, ser\u00e1 un factor determinante para que esta provincia de San pedro de Macor\u00eds se integre m\u00e1s r\u00e1pidamente y de mejor forma a nuestro mejor destino tur\u00edstico, la zona Este.<\/p>\n<\/p>\n<p> En la mesa principal acompa\u00f1aron al presidente Danilo Medina y al ministro de Obras P\u00fablicas, Gonzalo Castillo; los ministros Administrativo de la Presidencia, Jos\u00e9 Ram\u00f3n Peralta y de Turismo Francisco Javier Garc\u00eda. Tambi\u00e9n, el senador de la provincia San Pedro de Macor\u00eds Jos\u00e9 Mar\u00eda Sosa, el gobernador F\u00e9lix de los Santos y el alcalde Ram\u00f3n Antonio Echavarr\u00eda. Adem\u00e1s, Marco Cruz de la empresa constructora Norberto Odebercht y el contratista Jos\u00e9 Miguel Ure\u00f1a. La obra fue bendecida por el  obispo de Hig\u00fcey  Nicanor Pe\u00f1a.<\/p>\n<\/p>\n<p> El acto se llev\u00f3 a cabo en la Circunvalaci\u00f3n San Pedro de Macor\u00eds, a las 10 de la ma\u00f1ana.  <\/p>\n<\/p>\n<h6> 2013-11-27 16:16:22 <\/h6>\n<p><!--\n<link rel=\"stylesheet\" href=\"css\/bootstrap.min.css\">\n\n\n<ul class=\"pagination\">\n\t    \n\t\n\n<li >\n\t<a href='?page_no=14243'>Previous<\/a>\n\t<\/li>\n\n\n       \n    \n\n<li><a href='?page_no=1'>1<\/a><\/li>\n\n\n\n<li><a href='?page_no=2'>2<\/a><\/li>\n\n\n\n<li><a>...<\/a><\/li>\n\n\n\n<li><a href='?page_no=14242'>14242<\/a><\/li>\n\n\n\n<li><a href='?page_no=14243'>14243<\/a><\/li>\n\n\n\n<li class='active'><a>14244<\/a><\/li>\n\n\n\n<li><a href='?page_no=14245'>14245<\/a><\/li>\n\n\n\n<li><a href='?page_no=14246'>14246<\/a><\/li>\n\n\n\n<li><a>...<\/a><\/li>\n\n\n\n<li><a href='?page_no=30472'>30472<\/a><\/li>\n\n\n\n<li><a href='?page_no=30473'>30473<\/a><\/li>\n\n    \n\t\n\n<li >\n\t<a href='?page_no=14245'>Next<\/a>\n\t<\/li>\n\n\n    \n\n<li><a href='?page_no=30473'>Last &rsaquo;&rsaquo;<\/a><\/li>\n\n<\/ul>\n\n\n--><br \/>\n<\/body><\/p>\n","protected":false},"excerpt":{"rendered":"<p>San Pedro de Macor\u00eds RD 27 noviembre.- Con la presencia del presidente Danilo Medina, el ministerio de Obras P\u00fablicas inaugur\u00f3 este mi\u00e9rcoles la Circunvalaci\u00f3n de San Pedro de Macor\u00eds, que forma parte del Corredor Vial Tur\u00edstico del Este. Asimismo, Obras P\u00fablicas dej\u00f3 abierto al tr\u00e1nsito la Circunvalaci\u00f3n de La Romana, incluyendo el cobro manual en [&hellip;]<\/p>\n","protected":false},"author":3,"featured_media":0,"comment_status":"open","ping_status":"open","sticky":false,"template":"","format":"standard","meta":{"footnotes":""},"categories":[18],"tags":[],"class_list":["post-98714","post","type-post","status-publish","format-standard","hentry","category-economia"],"_links":{"self":[{"href":"https:\/\/diariodominicano.com\/index.php?rest_route=\/wp\/v2\/posts\/98714","targetHints":{"allow":["GET"]}}],"collection":[{"href":"https:\/\/diariodominicano.com\/index.php?rest_route=\/wp\/v2\/posts"}],"about":[{"href":"https:\/\/diariodominicano.com\/index.php?rest_route=\/wp\/v2\/types\/post"}],"author":[{"embeddable":true,"href":"https:\/\/diariodominicano.com\/index.php?rest_route=\/wp\/v2\/users\/3"}],"replies":[{"embeddable":true,"href":"https:\/\/diariodominicano.com\/index.php?rest_route=%2Fwp%2Fv2%2Fcomments&post=98714"}],"version-history":[{"count":0,"href":"https:\/\/diariodominicano.com\/index.php?rest_route=\/wp\/v2\/posts\/98714\/revisions"}],"wp:attachment":[{"href":"https:\/\/diariodominicano.com\/index.php?rest_route=%2Fwp%2Fv2%2Fmedia&parent=98714"}],"wp:term":[{"taxonomy":"category","embeddable":true,"href":"https:\/\/diariodominicano.com\/index.php?rest_route=%2Fwp%2Fv2%2Fcategories&post=98714"},{"taxonomy":"post_tag","embeddable":true,"href":"https:\/\/diariodominicano.com\/index.php?rest_route=%2Fwp%2Fv2%2Ftags&post=98714"}],"curies":[{"name":"wp","href":"https:\/\/api.w.org\/{rel}","templated":true}]}}