{"id":98713,"date":"2013-11-27T18:48:21","date_gmt":"2013-11-27T18:48:21","guid":{"rendered":"http:\/\/diariodominicano.ddns.net\/?p=98713"},"modified":"2013-11-27T18:48:21","modified_gmt":"2013-11-27T18:48:21","slug":"ceara-hatton-impacto-economico-del-no-ingreso-de-rd-a-caricom-sera-insignificante","status":"publish","type":"post","link":"https:\/\/diariodominicano.com\/?p=98713","title":{"rendered":"Ceara Hatton: Impacto econ\u00f3mico del no ingreso de RD a CARICOM ser\u00e1 insignificante"},"content":{"rendered":"<p><body><\/p>\n<p><img decoding=\"async\" src=\"img3\/hatton.jpg\" \/>  <\/p>\n<p><span class=\"text1noticias\">Santo Domingo, RD, 27 de Noviembre.-El economista Miguel Ceara Hatton dijo este mi\u00e9rcoles que el impacto que tendr\u00e1 el no ingreso de la Rep\u00fablica Dominicana a CARICOM no ser\u00e1 significativo a nivel econ\u00f3mico, pero, sin embargo, se\u00f1al\u00f3 que en t\u00e9rminos de aislamiento el pa\u00eds se ver\u00e1 afectado.<\/span><\/p>\n<\/p>\n<p><span class=\"text1noticias\">\u00abEn t\u00e9rminos econ\u00f3micos no es mucho el impacto, dir\u00eda que es pr\u00e1cticamente insignificante porque el comercio que tenemos con CARICOM es reducido\u00bb, dijo.<\/span><\/p>\n<\/p>\n<p><span class=\"text1noticias\">Sin embargo, se\u00f1al\u00f3 que hay que tomar en cuenta que el problema con CARICOM no es econ\u00f3mico, sino la capacidad que tienen esos 14 pa\u00edses de generar un aislamiento de la Rep\u00fablica Dominicana.<\/span><\/p>\n<\/p>\n<p><span class=\"text1noticias\">Explic\u00f3 que detr\u00e1s de CARICOM vienen los ACP, 70 pa\u00edses de \u00c1frica, Caribe y Pac\u00edfico, en donde probablemente no saben lo que est\u00e1 pasando en Rep\u00fablica Dominicana, y su referente ser\u00e1 lo que le diga la Comunidad del Caribe, lo que puede generar una cadena de condenas porque este organismo o bloque de 14 pa\u00edses le explicar\u00e1 seg\u00fan su parecer. <\/span><\/p>\n<\/p>\n<p><span class=\"text1noticias\">\u00abInclusive la Uni\u00f3n Europea que puede ser que tenga una posici\u00f3n dividida frente a este tema, cuando tenga que enfrentarse con estos pa\u00edses que son sus socios, el pa\u00eds tendr\u00e1 que ponderar la situaci\u00f3n, porque no es lo mismo trabajar con un pa\u00eds que con m\u00e1s de 70\u00bb, dijo.<\/span><\/p>\n<\/p>\n<p><span class=\"text1noticias\">Expres\u00f3 al ser entrevistadO en Tu Derecho a Saber, conducido por Namphi Rodr\u00edguez, El\u00edas Ru\u00edz Matuk, Jos\u00e9 Gregorio Cabrera, Adelaida Mart\u00ednez, Francis Javier y Edward Tavarez, que se transmite por Rumba 98.5 FM de 7 a 9 AM, que la tendencia actual para la Rep\u00fablica Dominicana es el aislamiento, y cada d\u00eda que pase eso afectar\u00e1 m\u00e1s \u00abporque la sentencia desnacionaliza a dominicanos\u00bb.<\/span><\/p>\n<\/p>\n<p><span class=\"text1noticias\">\u00abHay que destacar que aqu\u00ed lo que hay es un problema migratorio, no de nacionalidad. Con los que llegaron ayer no se est\u00e1 haciendo nada, a esos la sentencia no los afecta&#8230; a quien afecta esta sentencia es a personas que han sido dominicanos por tres generaciones\u00bb, destac\u00f3 el doctor Ceara Hatton.<\/span><\/p>\n<\/p>\n<p><span class=\"text1noticias\">Record\u00f3 que Rep\u00fablica Dominicana ha firmado como seis documentos, acuerdos y protocolos internacionales donde reconoce que la nacionalidad es un derecho humano.<\/span><\/p>\n<\/p>\n<p><span class=\"text1noticias\">\u00abAl emitir una sentencia que retroactivamente desde el 1929 revisa la nacionalidad y decide que un grupo de personas ya no ser\u00e1n dominicanos, es violar los derechos humanos\u00bb, es la posici\u00f3n del economista.<\/span><\/p>\n<\/p>\n<p><span class=\"text1noticias\">Desempleo y niveles de pobreza han crecido  y seguir\u00e1n increment\u00e1ndose<\/span><\/p>\n<\/p>\n<p><span class=\"text1noticias\">Al pasar revista al panorama de la econom\u00eda dominicana, el economista Ceara Hatton dijo lo que se percibe es una paralizaci\u00f3n, y que aunque crece un 3% seg\u00fan los n\u00fameros oficiales, esto no reduce la tasa de desempleo la cual dijo crecer\u00e1 en un 15.4% en 2013.<\/span><\/p>\n<\/p>\n<p><span class=\"text1noticias\">Record\u00f3 que el desempleo en el 2012 estaba en el 14.7% y con el crecimiento del 3% se coloca en el 15.4% lo que significa que los niveles de pobreza en el pa\u00eds tambi\u00e9n est\u00e1n aumentando.<\/span><\/p>\n<\/p>\n<p><span class=\"text1noticias\">Dijo que para la econom\u00eda dominicana reducir la tasa de desempleo debe crecer por lo menos un 5% y atribuy\u00f3 los niveles de pobreza a la forma en c\u00f3mo se ha crecido, bajo un modelo econ\u00f3mico que genera pocos empleos y a los bajos salarios en el pa\u00eds.<\/span><\/p>\n<p><span class=\"text1noticias\">Destac\u00f3 que la actividad exportadora se ha reducido, y puso como ejemplo que a excepci\u00f3n del oro, todos los dem\u00e1s renglones han tenido un crecimiento negativo.<\/span><\/p>\n<p><span class=\"text1noticias\">\u00abLas exportaciones que eran el 42% del PIB han bajado a m\u00e1s del 30%\u00bb, expres\u00f3 Ceara Hatton<\/span><\/p>\n<\/p>\n<p><span class=\"text1noticias\">Visitas sorpresas impactan m\u00e1s a nivel pol\u00edtico<\/span><\/p>\n<\/p>\n<p><span class=\"text1noticias\">Destac\u00f3, en cuanto a lo que tiene que ver con las visitas sorpresas que realiza el presidente Danilo Medina a las comunidades donde otorga financiamientos a peque\u00f1os productores, que las mismas de hecho no tiene un impacto econ\u00f3mico significativo,<\/span><\/p>\n<p><span class=\"text1noticias\">\u00abPienso que es positivo que el Presidente vaya a todas las comunidades del pa\u00eds y que tenga contacto con la gente, ahora, el impacto de todo esto es relativamente marginal en la econom\u00eda dominicana\u00bb, dijo, destacando que es poco el dinero que se mueve en estas visitas para generar alg\u00fan impacto.<\/span><\/p>\n<\/p>\n<p><span class=\"text1noticias\">Dijo que le luce que el presidente Danilo Medina tiene una visi\u00f3n diferente a la que ten\u00eda su antecesor, pero lo que ocurre es \u00abque es muy dif\u00edcil cambiar de direcci\u00f3n con los mismos bueyes\u00bb.<\/span><\/p>\n<\/p>\n<p><span class=\"text1noticias\">Principal problema de la econom\u00eda de RD es el deterioro y desorden institucional<\/span><\/p>\n<\/p>\n<p><span class=\"text1noticias\">Manifest\u00f3 que el principal problema que tiene la econom\u00eda dominicana es un \u00abproblema institucional\u00bb, del que dijo, si no resuelve, por m\u00e1s esfuerzos que se hagan en otras \u00e1reas no habr\u00e1 un impacto positivo.<\/span><\/p>\n<\/p>\n<p><span class=\"text1noticias\">Dijo que en este pa\u00eds no hay vocaci\u00f3n de investigar las irregularidades, y en donde lo que importa es la renta.<\/span><\/p>\n<p><span class=\"text1noticias\">\u00abPor ejemplo, el empresariado dominicano lo que est\u00e1 buscando es \u00b4renta\u00b4 , ese beneficio que se deriva de los arreglos institucionales, a ver a qui\u00e9n le doy dinero para conseguir una prebenda&#8230; eso lo que ha generado es una situaci\u00f3n que arrastra a los otros empresarios a hacer lo mismo por la competitividad\u00bb, dijo.<\/span><\/p>\n<\/p>\n<p><span class=\"text1noticias\">Destac\u00f3 que esos empresarios saben que la renta est\u00e1 vinculada a los estamentos estatales y sin  importar lo que hagan, no pasar\u00e1 nada porque las leyes no se cumplen por el deterioro y desorden institucional del pa\u00eds.<\/span><\/p>\n<\/p>\n<p><span class=\"text1noticias\">Manifest\u00f3 que el estado del derecho se ha deteriorado desde el 1996 hasta el 2012 considerablemente y que esto se destaca en todos los indicadores mundiales, destacando que lo que est\u00e1 ocurriendo es que \u00abtenemos un Estado que no respeta su institucionalidad\u00bb.(HG)<\/span>. <\/p>\n<\/p>\n<h6> 2013-11-27 18:48:21 <\/h6>\n<p><!--\n<link rel=\"stylesheet\" href=\"css\/bootstrap.min.css\">\n\n\n<ul class=\"pagination\">\n\t    \n\t\n\n<li >\n\t<a href='?page_no=14242'>Previous<\/a>\n\t<\/li>\n\n\n       \n    \n\n<li><a href='?page_no=1'>1<\/a><\/li>\n\n\n\n<li><a href='?page_no=2'>2<\/a><\/li>\n\n\n\n<li><a>...<\/a><\/li>\n\n\n\n<li><a href='?page_no=14241'>14241<\/a><\/li>\n\n\n\n<li><a href='?page_no=14242'>14242<\/a><\/li>\n\n\n\n<li class='active'><a>14243<\/a><\/li>\n\n\n\n<li><a href='?page_no=14244'>14244<\/a><\/li>\n\n\n\n<li><a href='?page_no=14245'>14245<\/a><\/li>\n\n\n\n<li><a>...<\/a><\/li>\n\n\n\n<li><a href='?page_no=30472'>30472<\/a><\/li>\n\n\n\n<li><a href='?page_no=30473'>30473<\/a><\/li>\n\n    \n\t\n\n<li >\n\t<a href='?page_no=14244'>Next<\/a>\n\t<\/li>\n\n\n    \n\n<li><a href='?page_no=30473'>Last &rsaquo;&rsaquo;<\/a><\/li>\n\n<\/ul>\n\n\n--><br \/>\n<\/body><\/p>\n","protected":false},"excerpt":{"rendered":"<p>Santo Domingo, RD, 27 de Noviembre.-El economista Miguel Ceara Hatton dijo este mi\u00e9rcoles que el impacto que tendr\u00e1 el no ingreso de la Rep\u00fablica Dominicana a CARICOM no ser\u00e1 significativo a nivel econ\u00f3mico, pero, sin embargo, se\u00f1al\u00f3 que en t\u00e9rminos de aislamiento el pa\u00eds se ver\u00e1 afectado. \u00abEn t\u00e9rminos econ\u00f3micos no es mucho el impacto, [&hellip;]<\/p>\n","protected":false},"author":3,"featured_media":0,"comment_status":"open","ping_status":"open","sticky":false,"template":"","format":"standard","meta":{"footnotes":""},"categories":[18],"tags":[],"class_list":["post-98713","post","type-post","status-publish","format-standard","hentry","category-economia"],"_links":{"self":[{"href":"https:\/\/diariodominicano.com\/index.php?rest_route=\/wp\/v2\/posts\/98713","targetHints":{"allow":["GET"]}}],"collection":[{"href":"https:\/\/diariodominicano.com\/index.php?rest_route=\/wp\/v2\/posts"}],"about":[{"href":"https:\/\/diariodominicano.com\/index.php?rest_route=\/wp\/v2\/types\/post"}],"author":[{"embeddable":true,"href":"https:\/\/diariodominicano.com\/index.php?rest_route=\/wp\/v2\/users\/3"}],"replies":[{"embeddable":true,"href":"https:\/\/diariodominicano.com\/index.php?rest_route=%2Fwp%2Fv2%2Fcomments&post=98713"}],"version-history":[{"count":0,"href":"https:\/\/diariodominicano.com\/index.php?rest_route=\/wp\/v2\/posts\/98713\/revisions"}],"wp:attachment":[{"href":"https:\/\/diariodominicano.com\/index.php?rest_route=%2Fwp%2Fv2%2Fmedia&parent=98713"}],"wp:term":[{"taxonomy":"category","embeddable":true,"href":"https:\/\/diariodominicano.com\/index.php?rest_route=%2Fwp%2Fv2%2Fcategories&post=98713"},{"taxonomy":"post_tag","embeddable":true,"href":"https:\/\/diariodominicano.com\/index.php?rest_route=%2Fwp%2Fv2%2Ftags&post=98713"}],"curies":[{"name":"wp","href":"https:\/\/api.w.org\/{rel}","templated":true}]}}