{"id":98711,"date":"2013-11-27T19:03:16","date_gmt":"2013-11-27T19:03:16","guid":{"rendered":"http:\/\/diariodominicano.ddns.net\/?p=98711"},"modified":"2013-11-27T19:03:16","modified_gmt":"2013-11-27T19:03:16","slug":"agricultura-toma-previsiones-para-garantizar-oferta-de-papa-en-navidad","status":"publish","type":"post","link":"https:\/\/diariodominicano.com\/?p=98711","title":{"rendered":"Agricultura toma previsiones para garantizar oferta de papa en Navidad&#13;"},"content":{"rendered":"<p><body><\/p>\n<p><span class=\"text1noticias\">Santo Domingo, RD, 27 de Noviembre.- El Ministerio de  Agricultura inform\u00f3 que tom\u00f3  las previsiones de lugar para garantizar una oferta normal de papa a la poblaci\u00f3n durante la gran demanda del producto que se registra en las festividades de fin de a\u00f1o.<\/span><\/p>\n<\/p>\n<p><span class=\"text1noticias\">Igualmente, asegur\u00f3 que la producci\u00f3n  nacional del bulbo  tiene garantizado su normal comercializaci\u00f3n, como se ha producido en todo el pa\u00eds en los \u00faltimos meses.<\/span><\/p>\n<p><span class=\"text1noticias\"> <\/span><\/p>\n<p><span class=\"text1noticias\">Tradicionalmente, el consumo de papa aumenta considerablemente durante el periodo de Navidad y A\u00f1o Nuevo.<\/span><\/p>\n<\/p>\n<p><span class=\"text1noticias\">La instituci\u00f3n del agro inform\u00f3 que en la actualidad en el  valle de Constanza y otras zonas del pa\u00eds existe la cantidad suficiente de tareas del cultivo en pie, lo que asegura una producci\u00f3n adecuada para diciembre y una estabilidad en los precios del alimento.<\/span><\/p>\n<\/p>\n<p><span class=\"text1noticias\">Durante esta semana, el precio intermedio de la papa a nivel minorista en los mercados de la capital se ha mantenido a 18 pesos la libra, lo que significa menos de un peso de aumento con relaci\u00f3n a la semana anterior, que era de 17 pesos con 33 centavos las 16 onzas.<\/span><\/p>\n<\/p>\n<p><span class=\"text1noticias\">Con esta variaci\u00f3n e precios de apenas un 3.85 por ciento, la papa se encuentra entre los productos de gran consumo diario por la poblaci\u00f3n que presentan ligeras alzasen su precios.<\/span><\/p>\n<\/p>\n<p><span class=\"text1noticias\">Sin embargo, los precios al detalle var\u00edan de acuerdo al lugar de comercializaci\u00f3n, ya que las guag\u00fcitas que circulan en los barrios y urbanizaciones de la capital ofertan la libra de papa hasta a 10 pesos, dependiendo de la calidad.<\/span><\/p>\n<\/p>\n<p><span class=\"text1noticias\">En el 2013, el pa\u00eds registr\u00f3 la siembra de 39 mil 719 tareas, distribuidas en los valles de Tireo Arriba,  al Medio y Abajo, La Sabina  y zonas aleda\u00f1as del Valle de Constanza. Este a\u00f1o, hasta el mes de octubre se  hab\u00edan sembrado 33 mil 828 tareas.<\/span><\/p>\n<\/p>\n<p><span class=\"text1noticias\">La poblaci\u00f3n dominicana consume entre 60 y 70 mil quintales de papa al mes, cultivo cuyo costo de producci\u00f3n ronda por los 34 mil 264 pesos por tarea.(HG)<\/span>.<\/p>\n<\/p>\n<h6> 2013-11-27 19:03:16 <\/h6>\n<p><!--\n<link rel=\"stylesheet\" href=\"css\/bootstrap.min.css\">\n\n\n<ul class=\"pagination\">\n\t    \n\t\n\n<li >\n\t<a href='?page_no=14240'>Previous<\/a>\n\t<\/li>\n\n\n       \n    \n\n<li><a href='?page_no=1'>1<\/a><\/li>\n\n\n\n<li><a href='?page_no=2'>2<\/a><\/li>\n\n\n\n<li><a>...<\/a><\/li>\n\n\n\n<li><a href='?page_no=14239'>14239<\/a><\/li>\n\n\n\n<li><a href='?page_no=14240'>14240<\/a><\/li>\n\n\n\n<li class='active'><a>14241<\/a><\/li>\n\n\n\n<li><a href='?page_no=14242'>14242<\/a><\/li>\n\n\n\n<li><a href='?page_no=14243'>14243<\/a><\/li>\n\n\n\n<li><a>...<\/a><\/li>\n\n\n\n<li><a href='?page_no=30472'>30472<\/a><\/li>\n\n\n\n<li><a href='?page_no=30473'>30473<\/a><\/li>\n\n    \n\t\n\n<li >\n\t<a href='?page_no=14242'>Next<\/a>\n\t<\/li>\n\n\n    \n\n<li><a href='?page_no=30473'>Last &rsaquo;&rsaquo;<\/a><\/li>\n\n<\/ul>\n\n\n--><br \/>\n<\/body><\/p>\n","protected":false},"excerpt":{"rendered":"<p>Santo Domingo, RD, 27 de Noviembre.- El Ministerio de Agricultura inform\u00f3 que tom\u00f3 las previsiones de lugar para garantizar una oferta normal de papa a la poblaci\u00f3n durante la gran demanda del producto que se registra en las festividades de fin de a\u00f1o. Igualmente, asegur\u00f3 que la producci\u00f3n nacional del bulbo tiene garantizado su normal [&hellip;]<\/p>\n","protected":false},"author":3,"featured_media":0,"comment_status":"open","ping_status":"open","sticky":false,"template":"","format":"standard","meta":{"footnotes":""},"categories":[18],"tags":[],"class_list":["post-98711","post","type-post","status-publish","format-standard","hentry","category-economia"],"_links":{"self":[{"href":"https:\/\/diariodominicano.com\/index.php?rest_route=\/wp\/v2\/posts\/98711","targetHints":{"allow":["GET"]}}],"collection":[{"href":"https:\/\/diariodominicano.com\/index.php?rest_route=\/wp\/v2\/posts"}],"about":[{"href":"https:\/\/diariodominicano.com\/index.php?rest_route=\/wp\/v2\/types\/post"}],"author":[{"embeddable":true,"href":"https:\/\/diariodominicano.com\/index.php?rest_route=\/wp\/v2\/users\/3"}],"replies":[{"embeddable":true,"href":"https:\/\/diariodominicano.com\/index.php?rest_route=%2Fwp%2Fv2%2Fcomments&post=98711"}],"version-history":[{"count":0,"href":"https:\/\/diariodominicano.com\/index.php?rest_route=\/wp\/v2\/posts\/98711\/revisions"}],"wp:attachment":[{"href":"https:\/\/diariodominicano.com\/index.php?rest_route=%2Fwp%2Fv2%2Fmedia&parent=98711"}],"wp:term":[{"taxonomy":"category","embeddable":true,"href":"https:\/\/diariodominicano.com\/index.php?rest_route=%2Fwp%2Fv2%2Fcategories&post=98711"},{"taxonomy":"post_tag","embeddable":true,"href":"https:\/\/diariodominicano.com\/index.php?rest_route=%2Fwp%2Fv2%2Ftags&post=98711"}],"curies":[{"name":"wp","href":"https:\/\/api.w.org\/{rel}","templated":true}]}}