{"id":98710,"date":"2013-11-27T19:09:03","date_gmt":"2013-11-27T19:09:03","guid":{"rendered":"http:\/\/diariodominicano.ddns.net\/?p=98710"},"modified":"2013-11-27T19:09:03","modified_gmt":"2013-11-27T19:09:03","slug":"el-mepyd-cita-aportes-y-responsabilidades-de-las-ongs","status":"publish","type":"post","link":"https:\/\/diariodominicano.com\/?p=98710","title":{"rendered":"El MEPyD cita aportes y responsabilidades de las ONGs"},"content":{"rendered":"<p><body><\/p>\n<p><img decoding=\"async\" src=\"img3\/monegro.jpg\" \/>  <\/p>\n<p><span class=\"text1noticias\">Santo Domingo, RD, 27 de Noviembre.-El viceministro de Planificaci\u00f3n del Ministerio de Econom\u00eda, Planificaci\u00f3n y Desarrollo (MEPyD) considera que las organizaciones no gubernamentales contribuyen a la buena gobernanza al verificar el cumplimiento de los planes y proyectos estatales y el uso adecuado de los recursos p\u00fablicos.<\/span><\/p>\n<p><span class=\"text1noticias\"> <\/span><\/p>\n<p><span class=\"text1noticias\">Juan Tom\u00e1s Monegro habl\u00f3 sobre el tema ante representantes de asociaciones sin fines de lucro reunidos en un seminario auspiciado por el Ministerio y Alianza ONGs en el hotel Barcel\u00f3, inform\u00f3 este mi\u00e9rcoles la Unidad de Comunicaciones del Ministerio.<\/span><\/p>\n<p><span class=\"text1noticias\"> <\/span><\/p>\n<p><span class=\"text1noticias\">El funcionario record\u00f3, inform\u00f3 este mi\u00e9rcoles la Unidad de Comunicaciones del Ministerio,  que la ley de planificaci\u00f3n ordena coordinar y propiciar la participaci\u00f3n p\u00fablico-privada en la formulaci\u00f3n de planes y proyectos de desarrollo territoriales cuya inversi\u00f3n haya sido priorizada de manera participativa.<\/span><\/p>\n<p><span class=\"text1noticias\"> <\/span><\/p>\n<p><span class=\"text1noticias\">Monegro dijo adem\u00e1s que para ese logro est\u00e1n los consejos de desarrollo municipales, provinciales y regionales integrados por gobernadores, alcaldes, congresistas, empresarios, educadores, profesionales, sector agropecuario, juntas de vecinos y ONGs.<\/span><\/p>\n<p><span class=\"text1noticias\"> <\/span><\/p>\n<p><span class=\"text1noticias\">\u00abUna de las funciones de estos consejos es precisamente dar seguimiento (veedur\u00eda) a la ejecuci\u00f3n de los planes y proyectos. De ah\u00ed que est\u00e1n consignados los mecanismos de participaci\u00f3n de la sociedad civil en los procesos de planificaci\u00f3n\u00bb, coment\u00f3.<\/span><\/p>\n<p><span class=\"text1noticias\"> <\/span><\/p>\n<p><span class=\"text1noticias\">Monegro destac\u00f3 que en la participaci\u00f3n en el monitoreo y la evaluaci\u00f3n de la Estrategia Nacional de Desarrollo y del Plan Plurianual la ley manda promover la participaci\u00f3n social en la formulaci\u00f3n, ejecuci\u00f3n, auditoria y evaluaci\u00f3n de las pol\u00edticas p\u00fablicas.<\/span><\/p>\n<p><span class=\"text1noticias\"> <\/span><\/p>\n<p><span class=\"text1noticias\">\u00abLa creaci\u00f3n de estos espacios y mecanismos institucionales facilitan la corresponsabilidad ciudadana, la equidad de g\u00e9nero, el acceso a la informaci\u00f3n, la transparencia, la rendici\u00f3n de cuentas, la veedur\u00eda social y la fluidez en las relaciones Estado-sociedad\u00bb, coment\u00f3. <\/span><\/p>\n<p><span class=\"text1noticias\"> <\/span><\/p>\n<p><span class=\"text1noticias\">En ese sentido consider\u00f3 que el Consejo Econ\u00f3mico y Social (CES) es el mecanismo por excelencia para la veedur\u00eda  social en el monitoreo y la evaluaci\u00f3n del accionar estatal.<\/span><\/p>\n<p><span class=\"text1noticias\"> <\/span><\/p>\n<p><span class=\"text1noticias\">Indic\u00f3 que, en l\u00ednea con lo establecido en la Estrategia Nacional de Desarrollo, propiciar la participaci\u00f3n de la sociedad civil en la cogesti\u00f3n de lo p\u00fablico es relevante porque aumenta la eficiencia, la entrega de servicios a menor costo, la eficacia, m\u00e1s cercan\u00eda y calidez al beneficiario y el aumento de la calidad, debido al desarrollo de la especializaci\u00f3n. <\/span><\/p>\n<p><span class=\"text1noticias\"> <\/span><\/p>\n<p><span class=\"text1noticias\">Empero, advirti\u00f3 que para eso se precisa contar con ONGs que para la prestaci\u00f3n de servicios a la comunidad cumplan con todos los requisitos de ley y las normativas en la materia, por cuanto los recursos que recibir\u00e1n para ello provienen del presupuesto p\u00fablico.  <\/span><\/p>\n<p><span class=\"text1noticias\"> <\/span><\/p>\n<p><span class=\"text1noticias\">El objetivo del seminario fue promover la participaci\u00f3n p\u00fablica y la concertaci\u00f3n mediante la puesta en com\u00fan de las perspectivas de funcionarios gubernamentales y actores de sociedad civil sobre los mecanismos de participaci\u00f3n en los sistemas de planificaci\u00f3n y en la pol\u00edtica social.<\/span><\/p>\n<p><span class=\"text1noticias\"> <\/span><\/p>\n<p><span class=\"text1noticias\">En el mismo tambi\u00e9n expusieron Giselle Scanlon, directora ejecutiva del Instituto de la Salud (Insalud); Alejandro Mercedes, asesor del Viceministerio de Presupuesto, Patrimonio y Contabilidad del Ministerio de Hacienda, y el director ejecutivo del Centro de Asociaciones sin Fines de Lucro del MEPyD, Hern\u00e1n Paredes, y Milton Tejada, consultor de Alianza ONG.<\/span><\/p>\n<p><span class=\"text1noticias\"> <\/span><\/p>\n<p><span class=\"text1noticias\">Paredes record\u00f3 que, entre otras l\u00ednea de acci\u00f3n, la Ley de Estrategia Nacional de Desarrollo plantea fortalecer los sistemas de supervisi\u00f3n p\u00fablica y privada para permitir el castigo de los delitos administrativos en el Estado y en las instituciones que reciben fondos p\u00fablicos. <\/span><\/p>\n<p><span class=\"text1noticias\"> <\/span><\/p>\n<p><span class=\"text1noticias\">Pero tambi\u00e9n es una l\u00ednea de acci\u00f3n modificar la modalidad de entrega de recursos p\u00fablicos a las ONG, transformando los actuales subsidios que ellas reciben en transferencias de recursos mediante convenios de gesti\u00f3n.<\/span><\/p>\n<p><span class=\"text1noticias\"> <\/span><\/p>\n<p><span class=\"text1noticias\">Dijo que esa es una responsabilidad exclusiva del Ministerio de Econom\u00eda, Planificaci\u00f3n y Desarrollo, que tiene que organizar, racionalizar y sistematizar las relaciones entre el Estado y las asociaciones sin fines de lucro. <\/span><\/p>\n<p><span class=\"text1noticias\"> <\/span><\/p>\n<p><span class=\"text1noticias\">En cuanto al Observatorio sobre la aplicaci\u00f3n de la ley en la materia, que se aprob\u00f3 hace m\u00e1s de 8 a\u00f1os, dijo que se observan debilidades importantes en la aplicaci\u00f3n de instrumentos fundamentales como la habilitaci\u00f3n o puesta al d\u00eda de las mismas.<\/span><\/p>\n<p><span class=\"text1noticias\"> <\/span><\/p>\n<p><span class=\"text1noticias\">Paredes dijo que por esa raz\u00f3n se hace necesario un monitoreo sistem\u00e1tico y permanente de la aplicaci\u00f3n de este marco jur\u00eddico. <\/span><\/p>\n<p><span class=\"text1noticias\"> <\/span><\/p>\n<p><span class=\"text1noticias\">Record\u00f3, por tanto, que el Observatorio de Aplicaci\u00f3n de la Ley 122-05  se convertir\u00e1 en una herramienta de control y evaluaci\u00f3n de la efectividad con que todas las instancias p\u00fablico-privadas aplican las ordenanzas legalmente establecidas, pero tambi\u00e9n contribuir\u00e1 a crear o a mejorar los mecanismos m\u00e1s adecuados para ejecutar la pol\u00edtica establecida.(HG)<\/span>. <\/p>\n<\/p>\n<h6> 2013-11-27 19:09:03 <\/h6>\n<p><!--\n<link rel=\"stylesheet\" href=\"css\/bootstrap.min.css\">\n\n\n<ul class=\"pagination\">\n\t    \n\t\n\n<li >\n\t<a href='?page_no=14239'>Previous<\/a>\n\t<\/li>\n\n\n       \n    \n\n<li><a href='?page_no=1'>1<\/a><\/li>\n\n\n\n<li><a href='?page_no=2'>2<\/a><\/li>\n\n\n\n<li><a>...<\/a><\/li>\n\n\n\n<li><a href='?page_no=14238'>14238<\/a><\/li>\n\n\n\n<li><a href='?page_no=14239'>14239<\/a><\/li>\n\n\n\n<li class='active'><a>14240<\/a><\/li>\n\n\n\n<li><a href='?page_no=14241'>14241<\/a><\/li>\n\n\n\n<li><a href='?page_no=14242'>14242<\/a><\/li>\n\n\n\n<li><a>...<\/a><\/li>\n\n\n\n<li><a href='?page_no=30472'>30472<\/a><\/li>\n\n\n\n<li><a href='?page_no=30473'>30473<\/a><\/li>\n\n    \n\t\n\n<li >\n\t<a href='?page_no=14241'>Next<\/a>\n\t<\/li>\n\n\n    \n\n<li><a href='?page_no=30473'>Last &rsaquo;&rsaquo;<\/a><\/li>\n\n<\/ul>\n\n\n--><br \/>\n<\/body><\/p>\n","protected":false},"excerpt":{"rendered":"<p>Santo Domingo, RD, 27 de Noviembre.-El viceministro de Planificaci\u00f3n del Ministerio de Econom\u00eda, Planificaci\u00f3n y Desarrollo (MEPyD) considera que las organizaciones no gubernamentales contribuyen a la buena gobernanza al verificar el cumplimiento de los planes y proyectos estatales y el uso adecuado de los recursos p\u00fablicos. Juan Tom\u00e1s Monegro habl\u00f3 sobre el tema ante representantes [&hellip;]<\/p>\n","protected":false},"author":3,"featured_media":0,"comment_status":"open","ping_status":"open","sticky":false,"template":"","format":"standard","meta":{"footnotes":""},"categories":[18],"tags":[],"class_list":["post-98710","post","type-post","status-publish","format-standard","hentry","category-economia"],"_links":{"self":[{"href":"https:\/\/diariodominicano.com\/index.php?rest_route=\/wp\/v2\/posts\/98710","targetHints":{"allow":["GET"]}}],"collection":[{"href":"https:\/\/diariodominicano.com\/index.php?rest_route=\/wp\/v2\/posts"}],"about":[{"href":"https:\/\/diariodominicano.com\/index.php?rest_route=\/wp\/v2\/types\/post"}],"author":[{"embeddable":true,"href":"https:\/\/diariodominicano.com\/index.php?rest_route=\/wp\/v2\/users\/3"}],"replies":[{"embeddable":true,"href":"https:\/\/diariodominicano.com\/index.php?rest_route=%2Fwp%2Fv2%2Fcomments&post=98710"}],"version-history":[{"count":0,"href":"https:\/\/diariodominicano.com\/index.php?rest_route=\/wp\/v2\/posts\/98710\/revisions"}],"wp:attachment":[{"href":"https:\/\/diariodominicano.com\/index.php?rest_route=%2Fwp%2Fv2%2Fmedia&parent=98710"}],"wp:term":[{"taxonomy":"category","embeddable":true,"href":"https:\/\/diariodominicano.com\/index.php?rest_route=%2Fwp%2Fv2%2Fcategories&post=98710"},{"taxonomy":"post_tag","embeddable":true,"href":"https:\/\/diariodominicano.com\/index.php?rest_route=%2Fwp%2Fv2%2Ftags&post=98710"}],"curies":[{"name":"wp","href":"https:\/\/api.w.org\/{rel}","templated":true}]}}