{"id":98708,"date":"2013-11-27T19:10:09","date_gmt":"2013-11-27T19:10:09","guid":{"rendered":"http:\/\/diariodominicano.ddns.net\/?p=98708"},"modified":"2013-11-27T19:10:09","modified_gmt":"2013-11-27T19:10:09","slug":"onec-apoya-sectores-piden-equidad-tributaria","status":"publish","type":"post","link":"https:\/\/diariodominicano.com\/?p=98708","title":{"rendered":"ONEC apoya sectores piden equidad tributaria&#13;"},"content":{"rendered":"<p><body><\/p>\n<p><img decoding=\"async\" src=\"img3\/onec.jpg\" \/>  <\/p>\n<p><span class=\"text1noticias\">Santo Domingo, RD, 27 de Noviembre.-La Organizaci\u00f3n Nacional de Empresas Comerciales (ONEC) defini\u00f3 como trascendente el hecho de que las principales entidades que representan a los sectores comercio, industria y sindical exijan  equidad tributaria, debido a la aplicaci\u00f3n de leyes y regulaciones que distorsionan el mercado local y promueven la desigualdad.<\/span><\/p>\n<p><span class=\"text1noticias\"> <\/span><\/p>\n<p><span class=\"text1noticias\">El presidente de la ONEC, Ernesto Mart\u00ednez dijo que la preocupaci\u00f3n de esos sectores debe ser atendida, ya que de no tomarse medidas que promuevan las mismas condiciones tributar\u00edas para el  comercio y las industrias locales se perder\u00e1n miles de  empleos, lo cual contradice la pol\u00edtica que el Gobierno en ese sentido ha prometido ejecutar.<\/span><\/p>\n<p><span class=\"text1noticias\"> <\/span><\/p>\n<p><span class=\"text1noticias\">El dirigente empresarial plante\u00f3 que,  tal como lo han expresado importantes entidades que representan al comercio y a la industria local en un comunicado publicado en diferentes medios escritos, la ONEC apela por el  principio constitucional de equidad e igualdad, de modo que se establezca un estado de derecho en el que exista equidad tributaria.<\/span><\/p>\n<p><span class=\"text1noticias\"> <\/span><\/p>\n<p><span class=\"text1noticias\">Record\u00f3 que ese reclamo es en virtud de que la exenci\u00f3n de impuestos otorgadas a trav\u00e9s del Decreto 402-05 a la importaci\u00f3n de mercanc\u00edas importadas mediante \u00abenv\u00edos expresos\u00bb menores de US$200, crea una competencia desleal que afecta al comercio y a la industria tradicional,  que si est\u00e1 obligado a transferir el ITBIS, los impuestos arancelarios y selectivos al consumo a los mismos productos que llegan por esa v\u00eda.<\/span><\/p>\n<p><span class=\"text1noticias\"> <\/span><\/p>\n<p><span class=\"text1noticias\">El presidente de la ONEC puntualiz\u00f3 que no est\u00e1n en contra de medidas que beneficien a los  consumidores, como se ha querido argumentar, sino a favor de medidas que promuevan la competencia leal, con la finalidad de preservar empleos, y por ende por la estabilidad econ\u00f3mica del pa\u00eds.(HG)<\/span>.<\/p>\n<\/p>\n<h6> 2013-11-27 19:10:09 <\/h6>\n<p><!--\n<link rel=\"stylesheet\" href=\"css\/bootstrap.min.css\">\n\n\n<ul class=\"pagination\">\n\t    \n\t\n\n<li >\n\t<a href='?page_no=14238'>Previous<\/a>\n\t<\/li>\n\n\n       \n    \n\n<li><a href='?page_no=1'>1<\/a><\/li>\n\n\n\n<li><a href='?page_no=2'>2<\/a><\/li>\n\n\n\n<li><a>...<\/a><\/li>\n\n\n\n<li><a href='?page_no=14237'>14237<\/a><\/li>\n\n\n\n<li><a href='?page_no=14238'>14238<\/a><\/li>\n\n\n\n<li class='active'><a>14239<\/a><\/li>\n\n\n\n<li><a href='?page_no=14240'>14240<\/a><\/li>\n\n\n\n<li><a href='?page_no=14241'>14241<\/a><\/li>\n\n\n\n<li><a>...<\/a><\/li>\n\n\n\n<li><a href='?page_no=30472'>30472<\/a><\/li>\n\n\n\n<li><a href='?page_no=30473'>30473<\/a><\/li>\n\n    \n\t\n\n<li >\n\t<a href='?page_no=14240'>Next<\/a>\n\t<\/li>\n\n\n    \n\n<li><a href='?page_no=30473'>Last &rsaquo;&rsaquo;<\/a><\/li>\n\n<\/ul>\n\n\n--><br \/>\n<\/body><\/p>\n","protected":false},"excerpt":{"rendered":"<p>Santo Domingo, RD, 27 de Noviembre.-La Organizaci\u00f3n Nacional de Empresas Comerciales (ONEC) defini\u00f3 como trascendente el hecho de que las principales entidades que representan a los sectores comercio, industria y sindical exijan equidad tributaria, debido a la aplicaci\u00f3n de leyes y regulaciones que distorsionan el mercado local y promueven la desigualdad. El presidente de la [&hellip;]<\/p>\n","protected":false},"author":3,"featured_media":0,"comment_status":"open","ping_status":"open","sticky":false,"template":"","format":"standard","meta":{"footnotes":""},"categories":[18],"tags":[],"class_list":["post-98708","post","type-post","status-publish","format-standard","hentry","category-economia"],"_links":{"self":[{"href":"https:\/\/diariodominicano.com\/index.php?rest_route=\/wp\/v2\/posts\/98708","targetHints":{"allow":["GET"]}}],"collection":[{"href":"https:\/\/diariodominicano.com\/index.php?rest_route=\/wp\/v2\/posts"}],"about":[{"href":"https:\/\/diariodominicano.com\/index.php?rest_route=\/wp\/v2\/types\/post"}],"author":[{"embeddable":true,"href":"https:\/\/diariodominicano.com\/index.php?rest_route=\/wp\/v2\/users\/3"}],"replies":[{"embeddable":true,"href":"https:\/\/diariodominicano.com\/index.php?rest_route=%2Fwp%2Fv2%2Fcomments&post=98708"}],"version-history":[{"count":0,"href":"https:\/\/diariodominicano.com\/index.php?rest_route=\/wp\/v2\/posts\/98708\/revisions"}],"wp:attachment":[{"href":"https:\/\/diariodominicano.com\/index.php?rest_route=%2Fwp%2Fv2%2Fmedia&parent=98708"}],"wp:term":[{"taxonomy":"category","embeddable":true,"href":"https:\/\/diariodominicano.com\/index.php?rest_route=%2Fwp%2Fv2%2Fcategories&post=98708"},{"taxonomy":"post_tag","embeddable":true,"href":"https:\/\/diariodominicano.com\/index.php?rest_route=%2Fwp%2Fv2%2Ftags&post=98708"}],"curies":[{"name":"wp","href":"https:\/\/api.w.org\/{rel}","templated":true}]}}