{"id":98702,"date":"2013-11-28T14:29:08","date_gmt":"2013-11-28T14:29:08","guid":{"rendered":"http:\/\/diariodominicano.ddns.net\/?p=98702"},"modified":"2013-11-28T14:29:08","modified_gmt":"2013-11-28T14:29:08","slug":"el-intercambio-bilateral-entre-la-republica-dominicana-y-estados-unidos-crecio-un-16-desde-el-dr-cafta","status":"publish","type":"post","link":"https:\/\/diariodominicano.com\/?p=98702","title":{"rendered":"El intercambio bilateral entre la Rep\u00fablica Dominicana y Estados Unidos creci\u00f3 un 16% desde el DR-Cafta"},"content":{"rendered":"<p><body><\/p>\n<p><img decoding=\"async\" src=\"img3\/dani 28.jpg\" \/>  <\/p>\n<p>El intercambio bilateral entre la Rep\u00fablica Dominicana y Estados Unidos creci\u00f3 un 16% desde el DR-Cafta<\/p>\n<p>Foote llama a accionar contra el avance del cambio clim\u00e1tico<\/p>\n<\/p>\n<p> Daniel Foote ante la C\u00e1mara Americana de Comercio.<\/p>\n<p>SANTO DOMINGO. El intercambio comercial entre Rep\u00fablica Dominicana y los Estados Unidos ha crecido un 16% desde que se comenz\u00f3 a implementar el tratado de libre comercio entre los dos pa\u00edses y Centroam\u00e9rica (DR-Cafta), en el a\u00f1o 2007.<\/p>\n<\/p>\n<p>La revelaci\u00f3n la hizo ayer Daniel Foote, ministro consejero y encargado de negocios de la Embajada de Estados Unidos en el pa\u00eds, durante su participaci\u00f3n como orador invitado en el almuerzo mensual de la C\u00e1mara Americana de Comercio.<\/p>\n<\/p>\n<p>Foote destac\u00f3 las excelentes relaciones que existen entre los dos pa\u00edses, recordando que Estados Unidos es el principal mercado para las exportaciones dominicanas y, adem\u00e1s, el principal emisor de inversi\u00f3n extranjera aqu\u00ed.<\/p>\n<\/p>\n<p>En tanto, se\u00f1al\u00f3 que en el pa\u00eds viven 200,000 estadounidenses, y que m\u00e1s de un mill\u00f3n llegan cada a\u00f1o como turistas. \u00abLos lazos que nos unen son muy s\u00f3lidos\u00bb, enfatiz\u00f3.<\/p>\n<\/p>\n<p>Un llamado a la acci\u00f3n<\/p>\n<\/p>\n<p>El discurso de Foote, titulado \u00abBuscando el crecimiento econ\u00f3mico con un futuro sostenible\u00bb, fue un llamado de acci\u00f3n contra el cambio clim\u00e1tico, un fen\u00f3meno global, que a su juicio, es un reto para el desarrollo sostenible.<\/p>\n<\/p>\n<p>Y, en el caso de Rep\u00fablica Dominicana, un reto para sobrevivencia y la econom\u00eda. Cit\u00f3 datos del Instituto Internacional de Recursos Renovables, que indican que el pa\u00eds est\u00e1 perdiendo playas a un ritmo tan acelerado que conllevar\u00edan p\u00e9rdidas entre US$52 millones y US$100 millones, en inversiones en el sector tur\u00edstico.<\/p>\n<\/p>\n<p>El funcionario consider\u00f3 que es momento para hacer cambios en los modelos econ\u00f3micos, a fin de reducir los da\u00f1os al medio ambiente. Y en esta l\u00ednea, estim\u00f3 que es Estados Unidos, con su gran econom\u00eda, la naci\u00f3n que debe encabezar los cambios.<\/p>\n<\/p>\n<p>Sin embargo, entiende que el reto que representa el calentamiento global es tal, que requiere participaci\u00f3n activa y de acciones concretas asumidas por todos los niveles del gobierno, la sociedad civil \u00aby, por ustedes, los representantes del sector privado\u00bb.<\/p>\n<\/p>\n<p>El almuerzo coincidi\u00f3 con la celebraci\u00f3n del D\u00eda de Acci\u00f3n de Gracias, y con el 90 aniversario de la C\u00e1mara, ocasi\u00f3n que fue aprovechada para reconocer al \u00fanico socio que ha permanecido desde el inicio: Santo Domingo Motors.<\/p>\n<\/p>\n<h6> 2013-11-28 14:29:08 <\/h6>\n<p><!--\n<link rel=\"stylesheet\" href=\"css\/bootstrap.min.css\">\n\n\n<ul class=\"pagination\">\n\t    \n\t\n\n<li >\n\t<a href='?page_no=14232'>Previous<\/a>\n\t<\/li>\n\n\n       \n    \n\n<li><a href='?page_no=1'>1<\/a><\/li>\n\n\n\n<li><a href='?page_no=2'>2<\/a><\/li>\n\n\n\n<li><a>...<\/a><\/li>\n\n\n\n<li><a href='?page_no=14231'>14231<\/a><\/li>\n\n\n\n<li><a href='?page_no=14232'>14232<\/a><\/li>\n\n\n\n<li class='active'><a>14233<\/a><\/li>\n\n\n\n<li><a href='?page_no=14234'>14234<\/a><\/li>\n\n\n\n<li><a href='?page_no=14235'>14235<\/a><\/li>\n\n\n\n<li><a>...<\/a><\/li>\n\n\n\n<li><a href='?page_no=30472'>30472<\/a><\/li>\n\n\n\n<li><a href='?page_no=30473'>30473<\/a><\/li>\n\n    \n\t\n\n<li >\n\t<a href='?page_no=14234'>Next<\/a>\n\t<\/li>\n\n\n    \n\n<li><a href='?page_no=30473'>Last &rsaquo;&rsaquo;<\/a><\/li>\n\n<\/ul>\n\n\n--><br \/>\n<\/body><\/p>\n","protected":false},"excerpt":{"rendered":"<p>El intercambio bilateral entre la Rep\u00fablica Dominicana y Estados Unidos creci\u00f3 un 16% desde el DR-Cafta Foote llama a accionar contra el avance del cambio clim\u00e1tico Daniel Foote ante la C\u00e1mara Americana de Comercio. SANTO DOMINGO. El intercambio comercial entre Rep\u00fablica Dominicana y los Estados Unidos ha crecido un 16% desde que se comenz\u00f3 a [&hellip;]<\/p>\n","protected":false},"author":3,"featured_media":0,"comment_status":"open","ping_status":"open","sticky":false,"template":"","format":"standard","meta":{"footnotes":""},"categories":[18],"tags":[],"class_list":["post-98702","post","type-post","status-publish","format-standard","hentry","category-economia"],"_links":{"self":[{"href":"https:\/\/diariodominicano.com\/index.php?rest_route=\/wp\/v2\/posts\/98702","targetHints":{"allow":["GET"]}}],"collection":[{"href":"https:\/\/diariodominicano.com\/index.php?rest_route=\/wp\/v2\/posts"}],"about":[{"href":"https:\/\/diariodominicano.com\/index.php?rest_route=\/wp\/v2\/types\/post"}],"author":[{"embeddable":true,"href":"https:\/\/diariodominicano.com\/index.php?rest_route=\/wp\/v2\/users\/3"}],"replies":[{"embeddable":true,"href":"https:\/\/diariodominicano.com\/index.php?rest_route=%2Fwp%2Fv2%2Fcomments&post=98702"}],"version-history":[{"count":0,"href":"https:\/\/diariodominicano.com\/index.php?rest_route=\/wp\/v2\/posts\/98702\/revisions"}],"wp:attachment":[{"href":"https:\/\/diariodominicano.com\/index.php?rest_route=%2Fwp%2Fv2%2Fmedia&parent=98702"}],"wp:term":[{"taxonomy":"category","embeddable":true,"href":"https:\/\/diariodominicano.com\/index.php?rest_route=%2Fwp%2Fv2%2Fcategories&post=98702"},{"taxonomy":"post_tag","embeddable":true,"href":"https:\/\/diariodominicano.com\/index.php?rest_route=%2Fwp%2Fv2%2Ftags&post=98702"}],"curies":[{"name":"wp","href":"https:\/\/api.w.org\/{rel}","templated":true}]}}