{"id":98701,"date":"2013-11-28T14:50:37","date_gmt":"2013-11-28T14:50:37","guid":{"rendered":"http:\/\/diariodominicano.ddns.net\/?p=98701"},"modified":"2013-11-28T14:50:37","modified_gmt":"2013-11-28T14:50:37","slug":"el-banco-central-recibe-la-certificacion-iso-9001","status":"publish","type":"post","link":"https:\/\/diariodominicano.com\/?p=98701","title":{"rendered":"El Banco Central recibe la Certificaci\u00f3n ISO 9001"},"content":{"rendered":"<p><body><\/p>\n<p>Santo Domingo RD 28 noviembre.- El Banco Central de Rep\u00fablica Dominicana recibi\u00f3 la Certificaci\u00f3n ISO 9001, mediante la cual se da constancia de que su labor es realizada con apego a las Normas Internacionales para la Gesti\u00f3n de Calidad.<\/p>\n<\/p>\n<p>La certificaci\u00f3n le fue entregada al gobernador del Banco Central, H\u00e9ctor Valdez Albizu, por Ariel Espejo, representante de la Asociaci\u00f3n Espa\u00f1ola de Normalizaci\u00f3n y Certificaci\u00f3n (AENOR), luego de concluir un proceso de evaluaci\u00f3n interna sobre sistema de gesti\u00f3n de calidad de los procesos en el Banco Central.<\/p>\n<\/p>\n<p>Al recibir el documento, el gobernador, Valdez Albizu, agradeci\u00f3 a la empresa Espa\u00f1ola AENOR por el trabajo de auditor\u00eda realizado en la instituci\u00f3n para la evaluaci\u00f3n de los sistemas vinculados a instrumentos de inversi\u00f3n emitidos por el Banco Central. \u00abCreo que con este reconocimiento cumplimos cabalmente con los objetivos propuestos en nuestro Plan Estrat\u00e9gico\u00bb, dijo el Gobernador.<\/p>\n<\/p>\n<h6> 2013-11-28 14:50:37 <\/h6>\n<p><!--\n<link rel=\"stylesheet\" href=\"css\/bootstrap.min.css\">\n\n\n<ul class=\"pagination\">\n\t    \n\t\n\n<li >\n\t<a href='?page_no=14231'>Previous<\/a>\n\t<\/li>\n\n\n       \n    \n\n<li><a href='?page_no=1'>1<\/a><\/li>\n\n\n\n<li><a href='?page_no=2'>2<\/a><\/li>\n\n\n\n<li><a>...<\/a><\/li>\n\n\n\n<li><a href='?page_no=14230'>14230<\/a><\/li>\n\n\n\n<li><a href='?page_no=14231'>14231<\/a><\/li>\n\n\n\n<li class='active'><a>14232<\/a><\/li>\n\n\n\n<li><a href='?page_no=14233'>14233<\/a><\/li>\n\n\n\n<li><a href='?page_no=14234'>14234<\/a><\/li>\n\n\n\n<li><a>...<\/a><\/li>\n\n\n\n<li><a href='?page_no=30472'>30472<\/a><\/li>\n\n\n\n<li><a href='?page_no=30473'>30473<\/a><\/li>\n\n    \n\t\n\n<li >\n\t<a href='?page_no=14233'>Next<\/a>\n\t<\/li>\n\n\n    \n\n<li><a href='?page_no=30473'>Last &rsaquo;&rsaquo;<\/a><\/li>\n\n<\/ul>\n\n\n--><br \/>\n<\/body><\/p>\n","protected":false},"excerpt":{"rendered":"<p>Santo Domingo RD 28 noviembre.- El Banco Central de Rep\u00fablica Dominicana recibi\u00f3 la Certificaci\u00f3n ISO 9001, mediante la cual se da constancia de que su labor es realizada con apego a las Normas Internacionales para la Gesti\u00f3n de Calidad. La certificaci\u00f3n le fue entregada al gobernador del Banco Central, H\u00e9ctor Valdez Albizu, por Ariel Espejo, [&hellip;]<\/p>\n","protected":false},"author":3,"featured_media":0,"comment_status":"open","ping_status":"open","sticky":false,"template":"","format":"standard","meta":{"footnotes":""},"categories":[18],"tags":[],"class_list":["post-98701","post","type-post","status-publish","format-standard","hentry","category-economia"],"_links":{"self":[{"href":"https:\/\/diariodominicano.com\/index.php?rest_route=\/wp\/v2\/posts\/98701","targetHints":{"allow":["GET"]}}],"collection":[{"href":"https:\/\/diariodominicano.com\/index.php?rest_route=\/wp\/v2\/posts"}],"about":[{"href":"https:\/\/diariodominicano.com\/index.php?rest_route=\/wp\/v2\/types\/post"}],"author":[{"embeddable":true,"href":"https:\/\/diariodominicano.com\/index.php?rest_route=\/wp\/v2\/users\/3"}],"replies":[{"embeddable":true,"href":"https:\/\/diariodominicano.com\/index.php?rest_route=%2Fwp%2Fv2%2Fcomments&post=98701"}],"version-history":[{"count":0,"href":"https:\/\/diariodominicano.com\/index.php?rest_route=\/wp\/v2\/posts\/98701\/revisions"}],"wp:attachment":[{"href":"https:\/\/diariodominicano.com\/index.php?rest_route=%2Fwp%2Fv2%2Fmedia&parent=98701"}],"wp:term":[{"taxonomy":"category","embeddable":true,"href":"https:\/\/diariodominicano.com\/index.php?rest_route=%2Fwp%2Fv2%2Fcategories&post=98701"},{"taxonomy":"post_tag","embeddable":true,"href":"https:\/\/diariodominicano.com\/index.php?rest_route=%2Fwp%2Fv2%2Ftags&post=98701"}],"curies":[{"name":"wp","href":"https:\/\/api.w.org\/{rel}","templated":true}]}}