{"id":98697,"date":"2013-11-28T20:19:53","date_gmt":"2013-11-28T20:19:53","guid":{"rendered":"http:\/\/diariodominicano.ddns.net\/?p=98697"},"modified":"2013-11-28T20:19:53","modified_gmt":"2013-11-28T20:19:53","slug":"economista-advierte-posible-devaluacion-por-aumento-circulante-en-navidad","status":"publish","type":"post","link":"https:\/\/diariodominicano.com\/?p=98697","title":{"rendered":"Economista advierte posible devaluaci\u00f3n por aumento circulante en Navidad"},"content":{"rendered":"<p><body><\/p>\n<p><img decoding=\"async\" src=\"img3\/selman.jpg\" \/>  <\/p>\n<p><span class=\"text1noticias\">Santo Domingo, RD, 28 de Noviembre.-Los cincuenta mil millones de pesos que el gobierno pondr\u00e1 a circular en la econom\u00eda al 31 de diciembre pr\u00f3ximo dinamizar\u00e1n el comercio pero tambi\u00e9n pueden derivar en una eventual devaluaci\u00f3n.<\/span><\/p>\n<\/p>\n<p><span class=\"text1noticias\">\tLa previsi\u00f3n fue hecha por el economista Ernesto Selman, del Centro Regional de Estrategias Econ\u00f3micas Sostenibles (Crees), en el programa Propuesta de la Noche por Digital 15, entrevistado por Manuel Jim\u00e9nez y Felipe Cipri\u00e1n.<\/span><\/p>\n<\/p>\n<p><span class=\"text1noticias\">\tDijo que ese volumen de recursos en manos del p\u00fablico tambi\u00e9n puede provocar una potencial inflaci\u00f3n que forzar\u00e1 luego al Banco Central a retirar mucho circulante en enero.<\/span><\/p>\n<\/p>\n<p><span class=\"text1noticias\">Selman explic\u00f3 que la implicaci\u00f3n de todo eso es que la deuda p\u00fablica en el Banco Central que en su opini\u00f3n tiende a incrementarse, aumentar\u00e1 m\u00e1s en enero, iniciando el a\u00f1o.<\/span><\/p>\n<\/p>\n<p><span class=\"text1noticias\">En otro orden, descart\u00f3 que las presiones del bloque de pa\u00edses que integran el Caricom contra la sentencia migratoria del Tribunal Constitucional conlleve una amenaza para la econom\u00eda dominicana.<\/span><\/p>\n<\/p>\n<p><span class=\"text1noticias\">Se fundament\u00f3 en que el intercambio de exportaciones e importaciones entre esas peque\u00f1as islas y la Rep\u00fablica Dominicana es relativamente bajo y desde aqu\u00ed ni siquiera hay vuelos directos hacia esas islas.<\/span><\/p>\n<\/p>\n<p><span class=\"text1noticias\">Empero no descart\u00f3 que esos pa\u00edses, actuando en bloque, presionen reformas que puedan perjudicar al pa\u00eds en el suministro de crudo venezolano en condiciones blandas a trav\u00e9s de Petrocaribe.<\/span><\/p>\n<\/p>\n<p><span class=\"text1noticias\">Por otra parte, reiter\u00f3 la proyecci\u00f3n del Centro de que la deuda p\u00fablica dominicana andar\u00eda por unos US$35,150 millones, calculada con la misma metodolog\u00eda con que al Banco Central la registra menor, el Manual de Deuda P\u00fablica del Fondo Monetario.<\/span><\/p>\n<\/p>\n<p><span class=\"text1noticias\">Selman explic\u00f3 que la diferencia es que el Banco Central no registr\u00f3 como deuda p\u00fablica los pasivos contingentes o garant\u00edas estatales de algunos pr\u00e9stamos.<\/span><\/p>\n<p><span class=\"text1noticias\">Cit\u00f3 el ejemplo de los RD$600 millones consignados en pago al consorcio de la carretera a Saman\u00e1 en el presupuesto del a\u00f1o pr\u00f3ximo, al no registrarse el flujo proyectado.<\/span><\/p>\n<\/p>\n<p><span class=\"text1noticias\">Dijo asimismo que mientras el Banco Central sostiene en su p\u00e1gina que la deuda intra gubernamental debe anularse por el recibo de bonos del Tesoro, el FMI lo condiciona a que haya producido una reducci\u00f3n de deuda.<\/span><\/p>\n<\/p>\n<p><span class=\"text1noticias\">\u00abSi fuese as\u00ed, la deuda del gobierno con el Banco de Reservas para capitalizar al Banco Central no existiera. Es deuda porque no redujo pasivos en el Banco Central, aunque el Banco Central los recibiera como activos\u00bb, explic\u00f3 Selman.<\/span><\/p>\n<\/p>\n<p><span class=\"text1noticias\">Por otro lado, ripost\u00f3 a quienes estiman que la deuda con relaci\u00f3n al PIB es manejable, que ese indicador es enga\u00f1oso, aun m\u00e1s en un pa\u00eds como el nuestro, con mucha informalidad y una producci\u00f3n de bienes y servicios que no necesariamente se traduce en recaudaciones para honrar deudas.(HG)<\/span>.<\/p>\n<\/p>\n<\/p>\n<\/p>\n<\/p>\n<\/p>\n<h6> 2013-11-28 20:19:53 <\/h6>\n<p><!--\n<link rel=\"stylesheet\" href=\"css\/bootstrap.min.css\">\n\n\n<ul class=\"pagination\">\n\t    \n\t\n\n<li >\n\t<a href='?page_no=14228'>Previous<\/a>\n\t<\/li>\n\n\n       \n    \n\n<li><a href='?page_no=1'>1<\/a><\/li>\n\n\n\n<li><a href='?page_no=2'>2<\/a><\/li>\n\n\n\n<li><a>...<\/a><\/li>\n\n\n\n<li><a href='?page_no=14227'>14227<\/a><\/li>\n\n\n\n<li><a href='?page_no=14228'>14228<\/a><\/li>\n\n\n\n<li class='active'><a>14229<\/a><\/li>\n\n\n\n<li><a href='?page_no=14230'>14230<\/a><\/li>\n\n\n\n<li><a href='?page_no=14231'>14231<\/a><\/li>\n\n\n\n<li><a>...<\/a><\/li>\n\n\n\n<li><a href='?page_no=30472'>30472<\/a><\/li>\n\n\n\n<li><a href='?page_no=30473'>30473<\/a><\/li>\n\n    \n\t\n\n<li >\n\t<a href='?page_no=14230'>Next<\/a>\n\t<\/li>\n\n\n    \n\n<li><a href='?page_no=30473'>Last &rsaquo;&rsaquo;<\/a><\/li>\n\n<\/ul>\n\n\n--><br \/>\n<\/body><\/p>\n","protected":false},"excerpt":{"rendered":"<p>Santo Domingo, RD, 28 de Noviembre.-Los cincuenta mil millones de pesos que el gobierno pondr\u00e1 a circular en la econom\u00eda al 31 de diciembre pr\u00f3ximo dinamizar\u00e1n el comercio pero tambi\u00e9n pueden derivar en una eventual devaluaci\u00f3n. La previsi\u00f3n fue hecha por el economista Ernesto Selman, del Centro Regional de Estrategias Econ\u00f3micas Sostenibles (Crees), en el [&hellip;]<\/p>\n","protected":false},"author":3,"featured_media":0,"comment_status":"open","ping_status":"open","sticky":false,"template":"","format":"standard","meta":{"footnotes":""},"categories":[18],"tags":[],"class_list":["post-98697","post","type-post","status-publish","format-standard","hentry","category-economia"],"_links":{"self":[{"href":"https:\/\/diariodominicano.com\/index.php?rest_route=\/wp\/v2\/posts\/98697","targetHints":{"allow":["GET"]}}],"collection":[{"href":"https:\/\/diariodominicano.com\/index.php?rest_route=\/wp\/v2\/posts"}],"about":[{"href":"https:\/\/diariodominicano.com\/index.php?rest_route=\/wp\/v2\/types\/post"}],"author":[{"embeddable":true,"href":"https:\/\/diariodominicano.com\/index.php?rest_route=\/wp\/v2\/users\/3"}],"replies":[{"embeddable":true,"href":"https:\/\/diariodominicano.com\/index.php?rest_route=%2Fwp%2Fv2%2Fcomments&post=98697"}],"version-history":[{"count":0,"href":"https:\/\/diariodominicano.com\/index.php?rest_route=\/wp\/v2\/posts\/98697\/revisions"}],"wp:attachment":[{"href":"https:\/\/diariodominicano.com\/index.php?rest_route=%2Fwp%2Fv2%2Fmedia&parent=98697"}],"wp:term":[{"taxonomy":"category","embeddable":true,"href":"https:\/\/diariodominicano.com\/index.php?rest_route=%2Fwp%2Fv2%2Fcategories&post=98697"},{"taxonomy":"post_tag","embeddable":true,"href":"https:\/\/diariodominicano.com\/index.php?rest_route=%2Fwp%2Fv2%2Ftags&post=98697"}],"curies":[{"name":"wp","href":"https:\/\/api.w.org\/{rel}","templated":true}]}}