{"id":98696,"date":"2013-11-28T20:35:48","date_gmt":"2013-11-28T20:35:48","guid":{"rendered":"http:\/\/diariodominicano.ddns.net\/?p=98696"},"modified":"2013-11-28T20:35:48","modified_gmt":"2013-11-28T20:35:48","slug":"ernesto-veloz-nuevo-boulevard-promovera-integracion-y-orden-en-el-turismo-del-este","status":"publish","type":"post","link":"https:\/\/diariodominicano.com\/?p=98696","title":{"rendered":"Ernesto Veloz: nuevo boulevard promover\u00e1 integraci\u00f3n y orden en el turismo del Este"},"content":{"rendered":"<p><body><\/p>\n<p><img decoding=\"async\" src=\"img3\/Veloz.jpg\" \/>  <\/p>\n<p><span class=\"text1noticias\">Punta Cana, La Altagracia, RD, 28 de Noviembre.-El presidente de la Asociaci\u00f3n de Hoteles y Proyectos Tur\u00edsticos del Este, Ernesto Veloz, afirm\u00f3 que la puesta en servicio del boulevard del Este, como parte del circuito vial que se habilita en la regi\u00f3n,   promover\u00e1 una mayor integraci\u00f3n de la oferta tur\u00edstica y crear\u00e1 mejores condiciones para el impostergable proceso de ordenamiento y organizaci\u00f3n de la zona.<\/span><\/p>\n<\/p>\n<p><span class=\"text1noticias\">De acuerdo a Veloz, \u00abel nuevo conjunto vial, desde el punto de vista econ\u00f3mico y tur\u00edstico, acerca a Punta Cana a Santo Domingo promoviendo una mayor integraci\u00f3n de este litoral con el resto de la regi\u00f3n, trayendo mayor movilidad y un incremento del gasto de los turistas y una mayor distribuci\u00f3n\u00bb.<\/span><\/p>\n<\/p>\n<p><span class=\"text1noticias\">\u00abEsta obra es resultado de la decisi\u00f3n del Presidente Danilo Medina de dar prioridad a la conclusi\u00f3n del moderno circuito vial que enlazar\u00e1 a Punta Cana con Santo Domingo y agilizar\u00e1 la comunicaci\u00f3n intrarregional desde San Pedro de Macor\u00eds hasta Miches, proyecto de gran impacto que motivar\u00e1 nuevas inversiones e impulsar\u00e1 el crecimiento del turismo\u00bb, manifest\u00f3  el dirigente tur\u00edstico.<\/span><\/p>\n<\/p>\n<p><span class=\"text1noticias\">Tras se\u00f1alar que la calidad de las redes viales estimula la circulaci\u00f3n interior de los turistas, indic\u00f3 que \u00absi s\u00f3lo el 30% de los visitantes que lleguen a Punta Cana el a\u00f1o pr\u00f3ximo se sale hacia Santo Domingo y nuevos puntos de la regi\u00f3n y del pa\u00eds, podremos estar motivando una derrama de unos 5 mil millones de pesos cantidad que crecer\u00eda r\u00e1pidamente en el curso de los pr\u00f3ximos a\u00f1os\u00bb.<\/span><\/p>\n<\/p>\n<p><span class=\"text1noticias\">\u00abEsto es muy significativo porque el a\u00f1o pasado el aeropuerto internacional de Punta Cana recibi\u00f3 2.4 millones de turistas, es decir el 61% de los extranjeros que visitaron el pa\u00eds. Este a\u00f1o las llegadas terminar\u00e1n en cerca de 2.6 millones\u00bb, apunt\u00f3 el principal dirigente del sector tur\u00edstico privado de Punta Cana. <\/span><\/p>\n<\/p>\n<p><span class=\"text1noticias\">Dijo que adem\u00e1s del significado de la gran inversi\u00f3n privada tur\u00edstica realizada en la regi\u00f3n Este, que supera los 8,000 millones de d\u00f3lares, la comunicaci\u00f3n vial puede generar un importante flujo econ\u00f3mico hacia peque\u00f1os productores independientes organizados y peque\u00f1os y medianos negocios, a los que el Gobierno podr\u00eda ayudar a conectarse con el mercado tur\u00edstico y captar una parte importante de ese nuevo movimiento econ\u00f3mico que proyectado.<\/span><\/p>\n<\/p>\n<p><span class=\"text1noticias\">Propuso crear un programa de asistencia  de bajo costo a trav\u00e9s de entes estatales y organizaciones privadas sin fines lucro para apoyar a los productores de la zona.<\/span><\/p>\n<\/p>\n<p><span class=\"text1noticias\">Al agradecer la construcci\u00f3n y puesta en servicio de la obra, manifest\u00f3 que el sector tur\u00edstico demostr\u00f3 su disposici\u00f3n para apoyar la obra vial, y que el proyecto se inici\u00f3 con un acuerdo mediante el cual las empresas hoteleras adelantaban el pago de impuestos para el fondo destinado a esa v\u00eda.(HG)<\/span>.<\/p>\n<\/p>\n<h6> 2013-11-28 20:35:48 <\/h6>\n<p><!--\n<link rel=\"stylesheet\" href=\"css\/bootstrap.min.css\">\n\n\n<ul class=\"pagination\">\n\t    \n\t\n\n<li >\n\t<a href='?page_no=14227'>Previous<\/a>\n\t<\/li>\n\n\n       \n    \n\n<li><a href='?page_no=1'>1<\/a><\/li>\n\n\n\n<li><a href='?page_no=2'>2<\/a><\/li>\n\n\n\n<li><a>...<\/a><\/li>\n\n\n\n<li><a href='?page_no=14226'>14226<\/a><\/li>\n\n\n\n<li><a href='?page_no=14227'>14227<\/a><\/li>\n\n\n\n<li class='active'><a>14228<\/a><\/li>\n\n\n\n<li><a href='?page_no=14229'>14229<\/a><\/li>\n\n\n\n<li><a href='?page_no=14230'>14230<\/a><\/li>\n\n\n\n<li><a>...<\/a><\/li>\n\n\n\n<li><a href='?page_no=30472'>30472<\/a><\/li>\n\n\n\n<li><a href='?page_no=30473'>30473<\/a><\/li>\n\n    \n\t\n\n<li >\n\t<a href='?page_no=14229'>Next<\/a>\n\t<\/li>\n\n\n    \n\n<li><a href='?page_no=30473'>Last &rsaquo;&rsaquo;<\/a><\/li>\n\n<\/ul>\n\n\n--><br \/>\n<\/body><\/p>\n","protected":false},"excerpt":{"rendered":"<p>Punta Cana, La Altagracia, RD, 28 de Noviembre.-El presidente de la Asociaci\u00f3n de Hoteles y Proyectos Tur\u00edsticos del Este, Ernesto Veloz, afirm\u00f3 que la puesta en servicio del boulevard del Este, como parte del circuito vial que se habilita en la regi\u00f3n, promover\u00e1 una mayor integraci\u00f3n de la oferta tur\u00edstica y crear\u00e1 mejores condiciones para [&hellip;]<\/p>\n","protected":false},"author":3,"featured_media":0,"comment_status":"open","ping_status":"open","sticky":false,"template":"","format":"standard","meta":{"footnotes":""},"categories":[18],"tags":[],"class_list":["post-98696","post","type-post","status-publish","format-standard","hentry","category-economia"],"_links":{"self":[{"href":"https:\/\/diariodominicano.com\/index.php?rest_route=\/wp\/v2\/posts\/98696","targetHints":{"allow":["GET"]}}],"collection":[{"href":"https:\/\/diariodominicano.com\/index.php?rest_route=\/wp\/v2\/posts"}],"about":[{"href":"https:\/\/diariodominicano.com\/index.php?rest_route=\/wp\/v2\/types\/post"}],"author":[{"embeddable":true,"href":"https:\/\/diariodominicano.com\/index.php?rest_route=\/wp\/v2\/users\/3"}],"replies":[{"embeddable":true,"href":"https:\/\/diariodominicano.com\/index.php?rest_route=%2Fwp%2Fv2%2Fcomments&post=98696"}],"version-history":[{"count":0,"href":"https:\/\/diariodominicano.com\/index.php?rest_route=\/wp\/v2\/posts\/98696\/revisions"}],"wp:attachment":[{"href":"https:\/\/diariodominicano.com\/index.php?rest_route=%2Fwp%2Fv2%2Fmedia&parent=98696"}],"wp:term":[{"taxonomy":"category","embeddable":true,"href":"https:\/\/diariodominicano.com\/index.php?rest_route=%2Fwp%2Fv2%2Fcategories&post=98696"},{"taxonomy":"post_tag","embeddable":true,"href":"https:\/\/diariodominicano.com\/index.php?rest_route=%2Fwp%2Fv2%2Ftags&post=98696"}],"curies":[{"name":"wp","href":"https:\/\/api.w.org\/{rel}","templated":true}]}}