{"id":98695,"date":"2013-11-28T21:42:03","date_gmt":"2013-11-28T21:42:03","guid":{"rendered":"http:\/\/diariodominicano.ddns.net\/?p=98695"},"modified":"2013-11-28T21:42:03","modified_gmt":"2013-11-28T21:42:03","slug":"la-uers-electrifica-comunidades-pantoa-y-patoita-yamasa","status":"publish","type":"post","link":"https:\/\/diariodominicano.com\/?p=98695","title":{"rendered":"La UERS electrifica comunidades Pantoa y Patoita,  Yamas\u00e1"},"content":{"rendered":"<p><body><\/p>\n<p><img decoding=\"async\" src=\"img3\/uers.jpg\" \/>  <\/p>\n<p><span class=\"text1noticias\">Monte Plata, RD, 28 de Noviembre.-Ejecutada con una inversi\u00f3n pr\u00f3xima a los cinco millones de pesos, la Unidad de Electrificaci\u00f3n Rural y Suburbana (UERS) inaugur\u00f3 las redes el\u00e9ctricas de las comunidades Pantoa y Pantoita en Yamas\u00e1, para beneficio y regocijo de cuatrocientos beneficiarios.<\/span><\/p>\n<\/p>\n<p><span class=\"text1noticias\">La construcci\u00f3n de la obra implic\u00f3 la instalaci\u00f3n de siete kil\u00f3metros de l\u00edneas de media y baja tensi\u00f3n, desplegadas por los diferentes caminos y calles de la comunidad, que a partir de la fecha estar\u00e1n iluminadas lo que contribuir\u00e1 a mejorar la seguridad de la poblaci\u00f3n.<\/span><\/p>\n<\/p>\n<p><span class=\"text1noticias\">La puesta en servicio de la obra que ayudar\u00e1 a salir del subdesarrollo a 79 familias de la demarcaci\u00f3n, implic\u00f3 la instalaci\u00f3n de 17 l\u00e1mparas distribuidas en 54 postes con seis transformadores para una potencia de 92.5 Kva.<\/span><\/p>\n<\/p>\n<p><span class=\"text1noticias\">La directora general de la UERS,  licenciada Thelma Eusebio de L\u00f3pez, dijo sentirse orgullosa de dirigir la instituci\u00f3n encargada de llevar la energ\u00eda el\u00e9ctrica a las comunidades humildes del pa\u00eds, y que arrecia su trabajo para que al finalizar el a\u00f1o, m\u00e1s dominicanos puedan festejar las navidades con la dignidad que ofrece disponer de tan preciado servicio.<\/span><\/p>\n<\/p>\n<p><span class=\"text1noticias\">Estima que para el gobierno que encabeza el licenciado Danilo Medina S\u00e1nchez, es significativo que el centro de sus pol\u00edticas p\u00fablicas va precisamente dirigido en mejora de la calidad de vida de los dominicanos y es precisamente lo que hace la UERS cuando llega a las comunidades.<\/span><\/p>\n<\/p>\n<p><span class=\"text1noticias\">\u00abQue al finalizar el a\u00f1o podamos decirle al pa\u00eds que treinta y siete mil dominicanos pasaron a ser usuarios del servicio energ\u00eda el\u00e9ctrica, gracias a la ardua tarea de electrificaci\u00f3n que desarrolla la UERS en todo el pa\u00eds, es un logro muy positivo para el gobierno y el pa\u00eds\u00bb,  resalt\u00f3 la funcionaria. <\/span><\/p>\n<\/p>\n<p><span class=\"text1noticias\">La ceremonia de inauguraci\u00f3n se llev\u00f3 a cabo en la calle principal frente a la iglesia y cont\u00f3 con la asistencia de una nutrida representaci\u00f3n de l\u00edderes comunitarios que enfatizaron el impacto que tendr\u00e1 en la econom\u00eda colectiva la llegada de la luz.<\/span><\/p>\n<\/p>\n<p><span class=\"text1noticias\">Indicaron que el pasado a\u00f1o, no se imaginaban que recibir\u00edan el 2014 bajo el ensue\u00f1o de una comunidad iluminada por lo que se sienten agradecidos de un gobierno que ciertamente trabaja para cambiar la vida de sus ciudadanos.(HG)<\/span>.<\/p>\n<h6> 2013-11-28 21:42:03 <\/h6>\n<p><!--\n<link rel=\"stylesheet\" href=\"css\/bootstrap.min.css\">\n\n\n<ul class=\"pagination\">\n\t    \n\t\n\n<li >\n\t<a href='?page_no=14226'>Previous<\/a>\n\t<\/li>\n\n\n       \n    \n\n<li><a href='?page_no=1'>1<\/a><\/li>\n\n\n\n<li><a href='?page_no=2'>2<\/a><\/li>\n\n\n\n<li><a>...<\/a><\/li>\n\n\n\n<li><a href='?page_no=14225'>14225<\/a><\/li>\n\n\n\n<li><a href='?page_no=14226'>14226<\/a><\/li>\n\n\n\n<li class='active'><a>14227<\/a><\/li>\n\n\n\n<li><a href='?page_no=14228'>14228<\/a><\/li>\n\n\n\n<li><a href='?page_no=14229'>14229<\/a><\/li>\n\n\n\n<li><a>...<\/a><\/li>\n\n\n\n<li><a href='?page_no=30472'>30472<\/a><\/li>\n\n\n\n<li><a href='?page_no=30473'>30473<\/a><\/li>\n\n    \n\t\n\n<li >\n\t<a href='?page_no=14228'>Next<\/a>\n\t<\/li>\n\n\n    \n\n<li><a href='?page_no=30473'>Last &rsaquo;&rsaquo;<\/a><\/li>\n\n<\/ul>\n\n\n--><br \/>\n<\/body><\/p>\n","protected":false},"excerpt":{"rendered":"<p>Monte Plata, RD, 28 de Noviembre.-Ejecutada con una inversi\u00f3n pr\u00f3xima a los cinco millones de pesos, la Unidad de Electrificaci\u00f3n Rural y Suburbana (UERS) inaugur\u00f3 las redes el\u00e9ctricas de las comunidades Pantoa y Pantoita en Yamas\u00e1, para beneficio y regocijo de cuatrocientos beneficiarios. La construcci\u00f3n de la obra implic\u00f3 la instalaci\u00f3n de siete kil\u00f3metros de [&hellip;]<\/p>\n","protected":false},"author":3,"featured_media":0,"comment_status":"open","ping_status":"open","sticky":false,"template":"","format":"standard","meta":{"footnotes":""},"categories":[18],"tags":[],"class_list":["post-98695","post","type-post","status-publish","format-standard","hentry","category-economia"],"_links":{"self":[{"href":"https:\/\/diariodominicano.com\/index.php?rest_route=\/wp\/v2\/posts\/98695","targetHints":{"allow":["GET"]}}],"collection":[{"href":"https:\/\/diariodominicano.com\/index.php?rest_route=\/wp\/v2\/posts"}],"about":[{"href":"https:\/\/diariodominicano.com\/index.php?rest_route=\/wp\/v2\/types\/post"}],"author":[{"embeddable":true,"href":"https:\/\/diariodominicano.com\/index.php?rest_route=\/wp\/v2\/users\/3"}],"replies":[{"embeddable":true,"href":"https:\/\/diariodominicano.com\/index.php?rest_route=%2Fwp%2Fv2%2Fcomments&post=98695"}],"version-history":[{"count":0,"href":"https:\/\/diariodominicano.com\/index.php?rest_route=\/wp\/v2\/posts\/98695\/revisions"}],"wp:attachment":[{"href":"https:\/\/diariodominicano.com\/index.php?rest_route=%2Fwp%2Fv2%2Fmedia&parent=98695"}],"wp:term":[{"taxonomy":"category","embeddable":true,"href":"https:\/\/diariodominicano.com\/index.php?rest_route=%2Fwp%2Fv2%2Fcategories&post=98695"},{"taxonomy":"post_tag","embeddable":true,"href":"https:\/\/diariodominicano.com\/index.php?rest_route=%2Fwp%2Fv2%2Ftags&post=98695"}],"curies":[{"name":"wp","href":"https:\/\/api.w.org\/{rel}","templated":true}]}}