{"id":98694,"date":"2013-11-29T12:51:41","date_gmt":"2013-11-29T12:51:41","guid":{"rendered":"http:\/\/diariodominicano.ddns.net\/?p=98694"},"modified":"2013-11-29T12:51:41","modified_gmt":"2013-11-29T12:51:41","slug":"miles-acuden-a-negocios-de-la-capital-en-viernes-negro-este-ano-repiten-las-rebajas-de-noviembre","status":"publish","type":"post","link":"https:\/\/diariodominicano.com\/?p=98694","title":{"rendered":"Miles acuden a negocios de la capital en Viernes Negro; este a\u00f1o repiten las rebajas de noviembre"},"content":{"rendered":"<p><body><\/p>\n<p><img decoding=\"async\" src=\"img3\/zona 29.jpeg\" \/>  <\/p>\n<p>Santo Domingo RD 29 noviembre.- El comercio dominicano amaneci\u00f3 hoy con \u00ablas pilas puestas\u00bb para celebrar por tercer a\u00f1o consecutivo el viernes negro, el tradicional d\u00eda de rebajas posterior a la fiesta de Acci\u00f3n de Gracias en Estados Unidos, y que los consumidores dominicanos tambi\u00e9n esperan para alcanzar significativos descuentos en sus compras.<\/p>\n<\/p>\n<p>La expectativa es evidente. Las tiendas no han desaprovechado la v\u00edspera y los d\u00edas previos al \u00abBlack Friday\u00bb para atraer la atenci\u00f3n de potenciales clientes, por medio de m\u00faltiples anuncios publicitarios en los medios de comunicaci\u00f3n.<\/p>\n<\/p>\n<p>Adem\u00e1s de las tiendas, las instituciones bancarias y otros tipos de negocios se han lanzado a la caza de la mayor cantidad posible de clientes.<\/p>\n<\/p>\n<p>Los consumidores tampoco se quedan atr\u00e1s. Y es que ya se empiezan a habituar a la espera de este d\u00eda por las rebajas para ahorrar en sus compras de electrodom\u00e9sticos, ropa y hasta juguetes.<\/p>\n<\/p>\n<p>Muchos hicieron espacio en sus agendas para su recorrido de hoy y as\u00ed aprovechar los descuentos. Otros ya han planificado sus compras por Internet, llenando desde hace d\u00edas sus carritos virtuales o descargando aplicaciones inform\u00e1ticas capaces de buscar las mejores ofertas de manera r\u00e1pida.<\/p>\n<\/p>\n<p>Desde el jueves<\/p>\n<p>La carrera para el \u00abblack friday\u00bb ha entusiasmado considerablemente a los comerciantes, de tal forma que  Plaza Lama decidi\u00f3 aplicar los descuentos desde ayer.<\/p>\n<\/p>\n<p>El flujo de compradores \u00e1vidos por ahorrar fue notable, especialemnte en los departamentos de electrodom\u00e9sticos, ropa y otros art\u00edculos del hogar.<\/p>\n<\/p>\n<p>(+)<\/p>\n<p>CUIDADO AL GASTAR<\/p>\n<\/p>\n<p>Planificaci\u00f3n<\/p>\n<p>Aunque se trata de un d\u00eda de grandes oportunidades para ahorrar, el especialista en finanzas personales, C\u00e9sar Perell\u00f3, aconseja a no gastar simplemente para aprovechar.<\/p>\n<\/p>\n<p>Lo ideal es asegurarse de que los art\u00edculos incluidos en el carrito sean realmente necesarios.<\/p>\n<\/p>\n<p>\u00abNo importa cu\u00e1n barato lo compres, si no lo necesitas, lo pagaste caro\u00bb, comenta.<\/p>\n<\/p>\n<p>Planificar la compra con antelaci\u00f3n ser\u00eda lo mejor.<\/p>\n<h6> 2013-11-29 12:51:41 <\/h6>\n<p><!--\n<link rel=\"stylesheet\" href=\"css\/bootstrap.min.css\">\n\n\n<ul class=\"pagination\">\n\t    \n\t\n\n<li >\n\t<a href='?page_no=14225'>Previous<\/a>\n\t<\/li>\n\n\n       \n    \n\n<li><a href='?page_no=1'>1<\/a><\/li>\n\n\n\n<li><a href='?page_no=2'>2<\/a><\/li>\n\n\n\n<li><a>...<\/a><\/li>\n\n\n\n<li><a href='?page_no=14224'>14224<\/a><\/li>\n\n\n\n<li><a href='?page_no=14225'>14225<\/a><\/li>\n\n\n\n<li class='active'><a>14226<\/a><\/li>\n\n\n\n<li><a href='?page_no=14227'>14227<\/a><\/li>\n\n\n\n<li><a href='?page_no=14228'>14228<\/a><\/li>\n\n\n\n<li><a>...<\/a><\/li>\n\n\n\n<li><a href='?page_no=30472'>30472<\/a><\/li>\n\n\n\n<li><a href='?page_no=30473'>30473<\/a><\/li>\n\n    \n\t\n\n<li >\n\t<a href='?page_no=14227'>Next<\/a>\n\t<\/li>\n\n\n    \n\n<li><a href='?page_no=30473'>Last &rsaquo;&rsaquo;<\/a><\/li>\n\n<\/ul>\n\n\n--><br \/>\n<\/body><\/p>\n","protected":false},"excerpt":{"rendered":"<p>Santo Domingo RD 29 noviembre.- El comercio dominicano amaneci\u00f3 hoy con \u00ablas pilas puestas\u00bb para celebrar por tercer a\u00f1o consecutivo el viernes negro, el tradicional d\u00eda de rebajas posterior a la fiesta de Acci\u00f3n de Gracias en Estados Unidos, y que los consumidores dominicanos tambi\u00e9n esperan para alcanzar significativos descuentos en sus compras. La expectativa [&hellip;]<\/p>\n","protected":false},"author":3,"featured_media":0,"comment_status":"open","ping_status":"open","sticky":false,"template":"","format":"standard","meta":{"footnotes":""},"categories":[18],"tags":[],"class_list":["post-98694","post","type-post","status-publish","format-standard","hentry","category-economia"],"_links":{"self":[{"href":"https:\/\/diariodominicano.com\/index.php?rest_route=\/wp\/v2\/posts\/98694","targetHints":{"allow":["GET"]}}],"collection":[{"href":"https:\/\/diariodominicano.com\/index.php?rest_route=\/wp\/v2\/posts"}],"about":[{"href":"https:\/\/diariodominicano.com\/index.php?rest_route=\/wp\/v2\/types\/post"}],"author":[{"embeddable":true,"href":"https:\/\/diariodominicano.com\/index.php?rest_route=\/wp\/v2\/users\/3"}],"replies":[{"embeddable":true,"href":"https:\/\/diariodominicano.com\/index.php?rest_route=%2Fwp%2Fv2%2Fcomments&post=98694"}],"version-history":[{"count":0,"href":"https:\/\/diariodominicano.com\/index.php?rest_route=\/wp\/v2\/posts\/98694\/revisions"}],"wp:attachment":[{"href":"https:\/\/diariodominicano.com\/index.php?rest_route=%2Fwp%2Fv2%2Fmedia&parent=98694"}],"wp:term":[{"taxonomy":"category","embeddable":true,"href":"https:\/\/diariodominicano.com\/index.php?rest_route=%2Fwp%2Fv2%2Fcategories&post=98694"},{"taxonomy":"post_tag","embeddable":true,"href":"https:\/\/diariodominicano.com\/index.php?rest_route=%2Fwp%2Fv2%2Ftags&post=98694"}],"curies":[{"name":"wp","href":"https:\/\/api.w.org\/{rel}","templated":true}]}}