{"id":98693,"date":"2013-11-29T13:50:39","date_gmt":"2013-11-29T13:50:39","guid":{"rendered":"http:\/\/diariodominicano.ddns.net\/?p=98693"},"modified":"2013-11-29T13:50:39","modified_gmt":"2013-11-29T13:50:39","slug":"pocicultores-exhortan-a-la-poblacion-a-continuar-consumo-de-la-carne-de-cerdo-criollo","status":"publish","type":"post","link":"https:\/\/diariodominicano.com\/?p=98693","title":{"rendered":"Pocicultores exhortan a la poblaci\u00f3n a continuar consumo de la carne de cerdo criollo"},"content":{"rendered":"<p><body><\/p>\n<p><img decoding=\"async\" src=\"img3\/puercos 29.jpg\" \/>  <\/p>\n<p>Santiago RD 29 noviembre.- La Asociaci\u00f3n de Porcicultores del Cibao (APORCI) inform\u00f3 que ya fue eliminado el brote diarreico surgido hace varias semanas en tres granjas del municipio Cayetano Germos\u00e9n de la provincia Espaillat.<\/p>\n<\/p>\n<p>La informaci\u00f3n la ofreci\u00f3 Jos\u00e9 L\u00f3pez, directivo de APORCI, quien manifest\u00f3 que el brote se produjo en granjas ocupadas por cerdas madres que se infectaron luego de parir.<\/p>\n<\/p>\n<p>\u00abEste brote ya fue controlado con la aplicaci\u00f3n de yodo y otras sustancias desinfectantes que usamos en estos casos\u00bb, expres\u00f3 L\u00f3pez, al ser consultado sobre el brote diarreico en la provincia Espaillat. Entretanto, la Direcci\u00f3n General de Ganader\u00eda comenz\u00f3 una investigaci\u00f3n para determinar las posibles causas del brote, para lo cual se tomaron muestras, y se estableci\u00f3 una cuarentena en el municipio Cayetano Germos\u00e9n.<\/p>\n<\/p>\n<p>Las muestras fueron enviadas al Laboratorio Veterinario Central (Lavecen) y al National Laboratory Service (NLS), ubicado en Ames, Iowa, EE.UU., por lo que se est\u00e1 a la espera del resultado definitivo del diagn\u00f3stico. Igualmente, Ganader\u00eda mantiene la prohibici\u00f3n a la importaci\u00f3n de cerdos vivos desde Estados Unidos, donde se registra la diarrea epid\u00e9mica porcina (PED, por sus siglas en ingl\u00e9s), una enfermedad causada por un coronavirus.<\/p>\n<\/p>\n<p>El organismo estatal, adem\u00e1s, aument\u00f3 las medidas de bioseguridad de las granjas de RD, y recomend\u00f3 a todos los porcicultores a aumentar la protecci\u00f3n y vigilancia en sus instalaciones.<\/p>\n<\/p>\n<p>La diarrea porcina detectada en Estados Unidos es una enfermedad causada por un coronavirus que provoca heces acuosas y v\u00f3mito en los cerdos. Dicha patolog\u00eda es propia de estos animales y no se transmite a los humanos.<\/p>\n<h6> 2013-11-29 13:50:39 <\/h6>\n<p><!--\n<link rel=\"stylesheet\" href=\"css\/bootstrap.min.css\">\n\n\n<ul class=\"pagination\">\n\t    \n\t\n\n<li >\n\t<a href='?page_no=14224'>Previous<\/a>\n\t<\/li>\n\n\n       \n    \n\n<li><a href='?page_no=1'>1<\/a><\/li>\n\n\n\n<li><a href='?page_no=2'>2<\/a><\/li>\n\n\n\n<li><a>...<\/a><\/li>\n\n\n\n<li><a href='?page_no=14223'>14223<\/a><\/li>\n\n\n\n<li><a href='?page_no=14224'>14224<\/a><\/li>\n\n\n\n<li class='active'><a>14225<\/a><\/li>\n\n\n\n<li><a href='?page_no=14226'>14226<\/a><\/li>\n\n\n\n<li><a href='?page_no=14227'>14227<\/a><\/li>\n\n\n\n<li><a>...<\/a><\/li>\n\n\n\n<li><a href='?page_no=30472'>30472<\/a><\/li>\n\n\n\n<li><a href='?page_no=30473'>30473<\/a><\/li>\n\n    \n\t\n\n<li >\n\t<a href='?page_no=14226'>Next<\/a>\n\t<\/li>\n\n\n    \n\n<li><a href='?page_no=30473'>Last &rsaquo;&rsaquo;<\/a><\/li>\n\n<\/ul>\n\n\n--><br \/>\n<\/body><\/p>\n","protected":false},"excerpt":{"rendered":"<p>Santiago RD 29 noviembre.- La Asociaci\u00f3n de Porcicultores del Cibao (APORCI) inform\u00f3 que ya fue eliminado el brote diarreico surgido hace varias semanas en tres granjas del municipio Cayetano Germos\u00e9n de la provincia Espaillat. La informaci\u00f3n la ofreci\u00f3 Jos\u00e9 L\u00f3pez, directivo de APORCI, quien manifest\u00f3 que el brote se produjo en granjas ocupadas por cerdas [&hellip;]<\/p>\n","protected":false},"author":3,"featured_media":0,"comment_status":"open","ping_status":"open","sticky":false,"template":"","format":"standard","meta":{"footnotes":""},"categories":[18],"tags":[],"class_list":["post-98693","post","type-post","status-publish","format-standard","hentry","category-economia"],"_links":{"self":[{"href":"https:\/\/diariodominicano.com\/index.php?rest_route=\/wp\/v2\/posts\/98693","targetHints":{"allow":["GET"]}}],"collection":[{"href":"https:\/\/diariodominicano.com\/index.php?rest_route=\/wp\/v2\/posts"}],"about":[{"href":"https:\/\/diariodominicano.com\/index.php?rest_route=\/wp\/v2\/types\/post"}],"author":[{"embeddable":true,"href":"https:\/\/diariodominicano.com\/index.php?rest_route=\/wp\/v2\/users\/3"}],"replies":[{"embeddable":true,"href":"https:\/\/diariodominicano.com\/index.php?rest_route=%2Fwp%2Fv2%2Fcomments&post=98693"}],"version-history":[{"count":0,"href":"https:\/\/diariodominicano.com\/index.php?rest_route=\/wp\/v2\/posts\/98693\/revisions"}],"wp:attachment":[{"href":"https:\/\/diariodominicano.com\/index.php?rest_route=%2Fwp%2Fv2%2Fmedia&parent=98693"}],"wp:term":[{"taxonomy":"category","embeddable":true,"href":"https:\/\/diariodominicano.com\/index.php?rest_route=%2Fwp%2Fv2%2Fcategories&post=98693"},{"taxonomy":"post_tag","embeddable":true,"href":"https:\/\/diariodominicano.com\/index.php?rest_route=%2Fwp%2Fv2%2Ftags&post=98693"}],"curies":[{"name":"wp","href":"https:\/\/api.w.org\/{rel}","templated":true}]}}