{"id":98692,"date":"2013-11-29T14:00:23","date_gmt":"2013-11-29T14:00:23","guid":{"rendered":"http:\/\/diariodominicano.ddns.net\/?p=98692"},"modified":"2013-11-29T14:00:23","modified_gmt":"2013-11-29T14:00:23","slug":"fabricantes-e-importadores-eligen-a-sus-directivos","status":"publish","type":"post","link":"https:\/\/diariodominicano.com\/?p=98692","title":{"rendered":"Fabricantes e importadores eligen a sus directivos"},"content":{"rendered":"<p><body><\/p>\n<p>Santo Domingo RD 29 noviembre.-La Asociaci\u00f3n de Fabricantes, Representantes e Importadores de Productos para la Protecci\u00f3n de Cultivos (AFIPA) escogi\u00f3 el consejo directivo que los representar\u00e1 durante el per\u00edodo 2013-2015.<\/p>\n<\/p>\n<p>El nuevo consejo lo integran Henry Monsanto, presidente; Luis Alberto \u00c1vila, vicepresidente; Juan R. Vargas, secretario; Ra\u00fal V\u00e1squez, tesorero, y Ricardo Irungaray, Julio Lee y Junio Su\u00e1rez, vocales. Monsanto, representa a Ferquido; \u00c1vila, a Fers\u00e1n; Vargas, a Bioagro; V\u00e1squez, a Syngenta; Irungaray, a Bayer; Lee, a Arysta, y Su\u00e1rez, a JCM.<\/p>\n<\/p>\n<p>El nuevo equipo fue seleccionado durante una asamblea ordinaria, donde adem\u00e1s fueron juramentados. El grupo se comprometi\u00f3 a continuar promoviendo la aplicaci\u00f3n del C\u00f3digo de Conducta de la FAO, que establece normas de comportamiento \u00e9tico.<\/p>\n<\/p>\n<h6> 2013-11-29 14:00:23 <\/h6>\n<p><!--\n<link rel=\"stylesheet\" href=\"css\/bootstrap.min.css\">\n\n\n<ul class=\"pagination\">\n\t    \n\t\n\n<li >\n\t<a href='?page_no=14223'>Previous<\/a>\n\t<\/li>\n\n\n       \n    \n\n<li><a href='?page_no=1'>1<\/a><\/li>\n\n\n\n<li><a href='?page_no=2'>2<\/a><\/li>\n\n\n\n<li><a>...<\/a><\/li>\n\n\n\n<li><a href='?page_no=14222'>14222<\/a><\/li>\n\n\n\n<li><a href='?page_no=14223'>14223<\/a><\/li>\n\n\n\n<li class='active'><a>14224<\/a><\/li>\n\n\n\n<li><a href='?page_no=14225'>14225<\/a><\/li>\n\n\n\n<li><a href='?page_no=14226'>14226<\/a><\/li>\n\n\n\n<li><a>...<\/a><\/li>\n\n\n\n<li><a href='?page_no=30472'>30472<\/a><\/li>\n\n\n\n<li><a href='?page_no=30473'>30473<\/a><\/li>\n\n    \n\t\n\n<li >\n\t<a href='?page_no=14225'>Next<\/a>\n\t<\/li>\n\n\n    \n\n<li><a href='?page_no=30473'>Last &rsaquo;&rsaquo;<\/a><\/li>\n\n<\/ul>\n\n\n--><br \/>\n<\/body><\/p>\n","protected":false},"excerpt":{"rendered":"<p>Santo Domingo RD 29 noviembre.-La Asociaci\u00f3n de Fabricantes, Representantes e Importadores de Productos para la Protecci\u00f3n de Cultivos (AFIPA) escogi\u00f3 el consejo directivo que los representar\u00e1 durante el per\u00edodo 2013-2015. El nuevo consejo lo integran Henry Monsanto, presidente; Luis Alberto \u00c1vila, vicepresidente; Juan R. Vargas, secretario; Ra\u00fal V\u00e1squez, tesorero, y Ricardo Irungaray, Julio Lee y [&hellip;]<\/p>\n","protected":false},"author":3,"featured_media":0,"comment_status":"open","ping_status":"open","sticky":false,"template":"","format":"standard","meta":{"footnotes":""},"categories":[18],"tags":[],"class_list":["post-98692","post","type-post","status-publish","format-standard","hentry","category-economia"],"_links":{"self":[{"href":"https:\/\/diariodominicano.com\/index.php?rest_route=\/wp\/v2\/posts\/98692","targetHints":{"allow":["GET"]}}],"collection":[{"href":"https:\/\/diariodominicano.com\/index.php?rest_route=\/wp\/v2\/posts"}],"about":[{"href":"https:\/\/diariodominicano.com\/index.php?rest_route=\/wp\/v2\/types\/post"}],"author":[{"embeddable":true,"href":"https:\/\/diariodominicano.com\/index.php?rest_route=\/wp\/v2\/users\/3"}],"replies":[{"embeddable":true,"href":"https:\/\/diariodominicano.com\/index.php?rest_route=%2Fwp%2Fv2%2Fcomments&post=98692"}],"version-history":[{"count":0,"href":"https:\/\/diariodominicano.com\/index.php?rest_route=\/wp\/v2\/posts\/98692\/revisions"}],"wp:attachment":[{"href":"https:\/\/diariodominicano.com\/index.php?rest_route=%2Fwp%2Fv2%2Fmedia&parent=98692"}],"wp:term":[{"taxonomy":"category","embeddable":true,"href":"https:\/\/diariodominicano.com\/index.php?rest_route=%2Fwp%2Fv2%2Fcategories&post=98692"},{"taxonomy":"post_tag","embeddable":true,"href":"https:\/\/diariodominicano.com\/index.php?rest_route=%2Fwp%2Fv2%2Ftags&post=98692"}],"curies":[{"name":"wp","href":"https:\/\/api.w.org\/{rel}","templated":true}]}}