{"id":98682,"date":"2013-11-30T17:36:09","date_gmt":"2013-11-30T17:36:09","guid":{"rendered":"http:\/\/diariodominicano.ddns.net\/?p=98682"},"modified":"2013-11-30T17:36:09","modified_gmt":"2013-11-30T17:36:09","slug":"roya-afecta-produccion-de-cafe-de-independencia","status":"publish","type":"post","link":"https:\/\/diariodominicano.com\/?p=98682","title":{"rendered":"Roya afecta producci\u00f3n de caf\u00e9 de Independencia"},"content":{"rendered":"<p><body><\/p>\n<p><img decoding=\"async\" src=\"img3\/royal.jpg\" \/>  <\/p>\n<p><span class=\"text1noticias\">JIMANI, Independencia, RD, 30 de Noviembre.-La Roya ha diezmado la producci\u00f3n de caf\u00e9  de esta provincia,  denunci\u00f3 ayer la Asociaci\u00f3n Agropecuaria \u00abLa Altagracia\u00bb, de la comunidad de Los Bolos.<\/span><\/p>\n<p><span class=\"text1noticias\"> <\/span><\/p>\n<p><span class=\"text1noticias\">        Santa Montero, de esa entidad dijo que es preocupante la situaci\u00f3n de los productores del grano arom\u00e1tico en esta zona fronteriza.<\/span><\/p>\n<p><span class=\"text1noticias\"> <\/span><\/p>\n<p><span class=\"text1noticias\">         Dijo que llevan tres a\u00f1os  sin tener una cosecha,  porque la roya le ha afectado  a los cafetales, mientras que los productores se sienten impotentes sin encontrar qu\u00e9 hacer.<\/span><\/p>\n<p><span class=\"text1noticias\"> <\/span><\/p>\n<p><span class=\"text1noticias\">         El N\u00facleo de Productores de Caf\u00e9 de Independencia exportaba v\u00eda Fedecares y con el apoyo financiero del Centro de Investigaci\u00f3n y Educaci\u00f3n Popular (CIEPO), contenedores de caf\u00e9. En los \u00faltimos a\u00f1os no ha podido exportar.<\/span><\/p>\n<p><span class=\"text1noticias\"> <\/span><\/p>\n<p><span class=\"text1noticias\">          \u00abLuego que la roya ha hecho aparici\u00f3n en los cafetales de la zona, todo ha sido una desgracia para los productores, que no tienen otra alternativa para seguir adelante con sus familias\u00bb, dijo Montero.<\/span><\/p>\n<p><span class=\"text1noticias\"> <\/span><\/p>\n<p><span class=\"text1noticias\">           Se recuerda que en abril pasado, el Presidente Danilo Medina anunci\u00f3 medidas urgentes para enfrentar  la Roya en los cafetales, declarando la devastadora enfermedad de alto inter\u00e9s nacional.<\/span><\/p>\n<p><span class=\"text1noticias\"> <\/span><\/p>\n<p><span class=\"text1noticias\">         En esa ocasi\u00f3n, el primer mandatario instruy\u00f3 a las instituciones del sector a adoptar las medidas necesarias para combatir su expansi\u00f3n a trav\u00e9s de un amplio programa nacional de manejo integrado de los cafetales, ofreciendo el dato de que 1,500 millones en p\u00e9rdidas en lo que iba de a\u00f1o.<\/span><\/p>\n<p><span class=\"text1noticias\"> <\/span><\/p>\n<p><span class=\"text1noticias\">Los productores de la zona de Los Bolos, El Maniel y El Bonete, quieren ver acciones y soluciones concretas a esa problem\u00e1tica, porque la producci\u00f3n de caf\u00e9 es su principal medio de vida y demandaron la puesta en marcha de medidas complementarias para alivianar la situaci\u00f3n de calamidad en la que han quedado.(HG)<\/span>.<\/p>\n<h6> 2013-11-30 17:36:09 <\/h6>\n<p><!--\n<link rel=\"stylesheet\" href=\"css\/bootstrap.min.css\">\n\n\n<ul class=\"pagination\">\n\t    \n\t\n\n<li >\n\t<a href='?page_no=14214'>Previous<\/a>\n\t<\/li>\n\n\n       \n    \n\n<li><a href='?page_no=1'>1<\/a><\/li>\n\n\n\n<li><a href='?page_no=2'>2<\/a><\/li>\n\n\n\n<li><a>...<\/a><\/li>\n\n\n\n<li><a href='?page_no=14213'>14213<\/a><\/li>\n\n\n\n<li><a href='?page_no=14214'>14214<\/a><\/li>\n\n\n\n<li class='active'><a>14215<\/a><\/li>\n\n\n\n<li><a href='?page_no=14216'>14216<\/a><\/li>\n\n\n\n<li><a href='?page_no=14217'>14217<\/a><\/li>\n\n\n\n<li><a>...<\/a><\/li>\n\n\n\n<li><a href='?page_no=30472'>30472<\/a><\/li>\n\n\n\n<li><a href='?page_no=30473'>30473<\/a><\/li>\n\n    \n\t\n\n<li >\n\t<a href='?page_no=14216'>Next<\/a>\n\t<\/li>\n\n\n    \n\n<li><a href='?page_no=30473'>Last &rsaquo;&rsaquo;<\/a><\/li>\n\n<\/ul>\n\n\n--><br \/>\n<\/body><\/p>\n","protected":false},"excerpt":{"rendered":"<p>JIMANI, Independencia, RD, 30 de Noviembre.-La Roya ha diezmado la producci\u00f3n de caf\u00e9 de esta provincia, denunci\u00f3 ayer la Asociaci\u00f3n Agropecuaria \u00abLa Altagracia\u00bb, de la comunidad de Los Bolos. Santa Montero, de esa entidad dijo que es preocupante la situaci\u00f3n de los productores del grano arom\u00e1tico en esta zona fronteriza. Dijo que llevan tres a\u00f1os [&hellip;]<\/p>\n","protected":false},"author":3,"featured_media":0,"comment_status":"open","ping_status":"open","sticky":false,"template":"","format":"standard","meta":{"footnotes":""},"categories":[18],"tags":[],"class_list":["post-98682","post","type-post","status-publish","format-standard","hentry","category-economia"],"_links":{"self":[{"href":"https:\/\/diariodominicano.com\/index.php?rest_route=\/wp\/v2\/posts\/98682","targetHints":{"allow":["GET"]}}],"collection":[{"href":"https:\/\/diariodominicano.com\/index.php?rest_route=\/wp\/v2\/posts"}],"about":[{"href":"https:\/\/diariodominicano.com\/index.php?rest_route=\/wp\/v2\/types\/post"}],"author":[{"embeddable":true,"href":"https:\/\/diariodominicano.com\/index.php?rest_route=\/wp\/v2\/users\/3"}],"replies":[{"embeddable":true,"href":"https:\/\/diariodominicano.com\/index.php?rest_route=%2Fwp%2Fv2%2Fcomments&post=98682"}],"version-history":[{"count":0,"href":"https:\/\/diariodominicano.com\/index.php?rest_route=\/wp\/v2\/posts\/98682\/revisions"}],"wp:attachment":[{"href":"https:\/\/diariodominicano.com\/index.php?rest_route=%2Fwp%2Fv2%2Fmedia&parent=98682"}],"wp:term":[{"taxonomy":"category","embeddable":true,"href":"https:\/\/diariodominicano.com\/index.php?rest_route=%2Fwp%2Fv2%2Fcategories&post=98682"},{"taxonomy":"post_tag","embeddable":true,"href":"https:\/\/diariodominicano.com\/index.php?rest_route=%2Fwp%2Fv2%2Ftags&post=98682"}],"curies":[{"name":"wp","href":"https:\/\/api.w.org\/{rel}","templated":true}]}}