{"id":98681,"date":"2013-11-30T18:23:46","date_gmt":"2013-11-30T18:23:46","guid":{"rendered":"http:\/\/diariodominicano.ddns.net\/?p=98681"},"modified":"2013-11-30T18:23:46","modified_gmt":"2013-11-30T18:23:46","slug":"confia-que-presidente-danilo-medina-ayudara-convertir-a-santiago-en-un-atractivo-destino-turistico","status":"publish","type":"post","link":"https:\/\/diariodominicano.com\/?p=98681","title":{"rendered":"Conf\u00eda que presidente Danilo Medina ayudar\u00e1 convertir a Santiago en un atractivo destino tur\u00edstico"},"content":{"rendered":"<p><body><\/p>\n<p><img decoding=\"async\" src=\"img3\/serulle.jpg\" \/>  <\/p>\n<p><span class=\"text1noticias\">Santiago, RD, 30 de Noviembre.- Con el objetivo de promover e impulsar con acciones r\u00e1pidas, un mercado tur\u00edstico consolidado, que se distinga por su calidad y diversidad, m\u00e1s de 200 entidades de la provincia de Santiago, y sus nueve municipios firmaron la declaratoria ciudadana Santiago Destino tur\u00edstico.<\/span><\/p>\n<p><span class=\"text1noticias\"> <\/span><\/p>\n<p><span class=\"text1noticias\">Al hablar a los presentes el ministro de turismo Francisco Javier Garc\u00eda manifest\u00f3 que a partir de la fecha iniciar\u00e1n una serie de actividades en coordinaci\u00f3n con el cl\u00faster tur\u00edstico de Santiago para lograr las metas de este importante proyecto, destac\u00f3 adem\u00e1s que esta provincia tiene todas las potencialidades para desarrollarse como un destino tur\u00edstico.<\/span><\/p>\n<p><span class=\"text1noticias\"> <\/span><\/p>\n<p><span class=\"text1noticias\">De su lado el alcalde de esta ciudad de Santiago Doctor Gilberto Serulle precis\u00f3 que adem\u00e1s de seguir trabajando en pro del embellecimiento de este municipio, la declaratoria ciudadana dio su aval al cl\u00faster Santiago destino tur\u00edstico como una iniciativa estrat\u00e9gica ejecutada para dinamizar, generar y fortalecer el mercado tur\u00edstico de Santiago y la regi\u00f3n<\/span><\/p>\n<p><span class=\"text1noticias\"> <\/span><\/p>\n<p><span class=\"text1noticias\">Asimismo este proyecto tiene como objetivo multiplicar las visitas tur\u00edsticas y de nacionales que fomenten la econom\u00eda local, crear empleos dignos, animen el fortalecimiento de peque\u00f1as empresas, traigan inversiones y oferten nuevas oportunidades.<\/span><\/p>\n<p><span class=\"text1noticias\"> <\/span><\/p>\n<p><span class=\"text1noticias\">El documento de declaraci\u00f3n ciudadana e institucional, Santiago<\/span><\/p>\n<p><span class=\"text1noticias\">destino tur\u00edstico fue firmado por Francisco Javier Garc\u00eda ministro de turismo,<\/span><\/p>\n<p><span class=\"text1noticias\">Doctor Gilberto Serulle Ramia alcalde del municipio de Santiago, Ram\u00f3n Paulino<\/span><\/p>\n<p><span class=\"text1noticias\">presidente cl\u00faster tur\u00edstico y expo turismo, Andr\u00e9s Van Der Horst \u00c1lvarez Director<\/span><\/p>\n<p><span class=\"text1noticias\">General del Consejo Nacional de Competitividad, entre otras personalidades.<\/span><\/p>\n<p><span class=\"text1noticias\"> <\/span><\/p>\n<p><span class=\"text1noticias\">El evento fue realizado en el Boulevard del Gran Teatro del Cibao, donde adem\u00e1s procedieron a encender las luces del \u00e1rbol de la navidad de Santiago.(HG)<\/span>.<\/p>\n<\/p>\n<h6> 2013-11-30 18:23:46 <\/h6>\n<p><!--\n<link rel=\"stylesheet\" href=\"css\/bootstrap.min.css\">\n\n\n<ul class=\"pagination\">\n\t    \n\t\n\n<li >\n\t<a href='?page_no=14213'>Previous<\/a>\n\t<\/li>\n\n\n       \n    \n\n<li><a href='?page_no=1'>1<\/a><\/li>\n\n\n\n<li><a href='?page_no=2'>2<\/a><\/li>\n\n\n\n<li><a>...<\/a><\/li>\n\n\n\n<li><a href='?page_no=14212'>14212<\/a><\/li>\n\n\n\n<li><a href='?page_no=14213'>14213<\/a><\/li>\n\n\n\n<li class='active'><a>14214<\/a><\/li>\n\n\n\n<li><a href='?page_no=14215'>14215<\/a><\/li>\n\n\n\n<li><a href='?page_no=14216'>14216<\/a><\/li>\n\n\n\n<li><a>...<\/a><\/li>\n\n\n\n<li><a href='?page_no=30472'>30472<\/a><\/li>\n\n\n\n<li><a href='?page_no=30473'>30473<\/a><\/li>\n\n    \n\t\n\n<li >\n\t<a href='?page_no=14215'>Next<\/a>\n\t<\/li>\n\n\n    \n\n<li><a href='?page_no=30473'>Last &rsaquo;&rsaquo;<\/a><\/li>\n\n<\/ul>\n\n\n--><br \/>\n<\/body><\/p>\n","protected":false},"excerpt":{"rendered":"<p>Santiago, RD, 30 de Noviembre.- Con el objetivo de promover e impulsar con acciones r\u00e1pidas, un mercado tur\u00edstico consolidado, que se distinga por su calidad y diversidad, m\u00e1s de 200 entidades de la provincia de Santiago, y sus nueve municipios firmaron la declaratoria ciudadana Santiago Destino tur\u00edstico. Al hablar a los presentes el ministro de [&hellip;]<\/p>\n","protected":false},"author":3,"featured_media":0,"comment_status":"open","ping_status":"open","sticky":false,"template":"","format":"standard","meta":{"footnotes":""},"categories":[18],"tags":[],"class_list":["post-98681","post","type-post","status-publish","format-standard","hentry","category-economia"],"_links":{"self":[{"href":"https:\/\/diariodominicano.com\/index.php?rest_route=\/wp\/v2\/posts\/98681","targetHints":{"allow":["GET"]}}],"collection":[{"href":"https:\/\/diariodominicano.com\/index.php?rest_route=\/wp\/v2\/posts"}],"about":[{"href":"https:\/\/diariodominicano.com\/index.php?rest_route=\/wp\/v2\/types\/post"}],"author":[{"embeddable":true,"href":"https:\/\/diariodominicano.com\/index.php?rest_route=\/wp\/v2\/users\/3"}],"replies":[{"embeddable":true,"href":"https:\/\/diariodominicano.com\/index.php?rest_route=%2Fwp%2Fv2%2Fcomments&post=98681"}],"version-history":[{"count":0,"href":"https:\/\/diariodominicano.com\/index.php?rest_route=\/wp\/v2\/posts\/98681\/revisions"}],"wp:attachment":[{"href":"https:\/\/diariodominicano.com\/index.php?rest_route=%2Fwp%2Fv2%2Fmedia&parent=98681"}],"wp:term":[{"taxonomy":"category","embeddable":true,"href":"https:\/\/diariodominicano.com\/index.php?rest_route=%2Fwp%2Fv2%2Fcategories&post=98681"},{"taxonomy":"post_tag","embeddable":true,"href":"https:\/\/diariodominicano.com\/index.php?rest_route=%2Fwp%2Fv2%2Ftags&post=98681"}],"curies":[{"name":"wp","href":"https:\/\/api.w.org\/{rel}","templated":true}]}}