{"id":98680,"date":"2013-11-30T19:08:48","date_gmt":"2013-11-30T19:08:48","guid":{"rendered":"http:\/\/diariodominicano.ddns.net\/?p=98680"},"modified":"2013-11-30T19:08:48","modified_gmt":"2013-11-30T19:08:48","slug":"en-su-xvii-congreso-cntd-propone-al-gobierno-pacto-por-el-empleo","status":"publish","type":"post","link":"https:\/\/diariodominicano.com\/?p=98680","title":{"rendered":"En su XVII congreso CNTD propone al gobierno Pacto por el Empleo"},"content":{"rendered":"<p><body><\/p>\n<p><img decoding=\"async\" src=\"img3\/jacobo.jpg\" \/>  <\/p>\n<p><span class=\"text1noticias\">Santo Domingo, RD, 30 de Noviembre.-La Confederaci\u00f3n Nacional de Trabajadores Dominicanos (CNTD), propuso al gobierno incluir en sus estrategias la firma de un pacto por el empleo decente con las centrales sindicales, empresarios y grupos representativos de la sociedad civil, a los fines mejorar las condiciones de vida de los trabajadores.<\/span><\/p>\n<\/p>\n<p><span class=\"text1noticias\">Resalt\u00f3 que son cada vez m\u00e1s los dominicanos que ingresan a las filas de los desempleados, al sector informal y dijo que ning\u00fan pa\u00eds del mundo se ha desarrollado  cuando su fuerza laboral pasa de manera veloz hacia la informalidad, que seg\u00fan los \u00faltimos datos estad\u00edsticas subi\u00f3 a un 57%.<\/span><\/p>\n<\/p>\n<p><span class=\"text1noticias\">Sostuvo que la realidad ha demostrado que la pobreza solo se combate cuando se integra al ser humano en edad productiva al trabajo, se le pagan salarios decentes y se le garantizan sus derechos laborales y humanos.<\/span><\/p>\n<\/p>\n<p><span class=\"text1noticias\">El congreso se realiz\u00f3 en el Palacio de los Deportes, Profesor Virgilio Travieso Soto y cont\u00f3 con representaciones de todo el pa\u00eds, en momentos en que se hacen aprestos para reformar  el C\u00f3digo Laboral y la Ley 87-01 sobre seguridad social. <\/span><\/p>\n<\/p>\n<p><span class=\"text1noticias\">Durante su discurso, el presidente de la CNTD,  Jacobo Ramos dijo que en cuanto a la iniciativa de reformar el C\u00f3digo, esa instituci\u00f3n mantendr\u00e1 su oposici\u00f3n a que se supriman derechos adquiridos por los trabajadores, entre los cuales cit\u00f3 la cesant\u00eda, como ha propuesto el sector patronal, ya que es una de las reivindicaciones m\u00e1s relevantes del los trabajadores.<\/span><\/p>\n<\/p>\n<p><span class=\"text1noticias\">Asimismo, indic\u00f3 que propondr\u00e1 modificar lo concerniente a la cantidad de trabajadores necesarios para la firma del pacto colectivo de condiciones de trabajo, conquista que a su entender, se hace cada vez m\u00e1s imposible, porque la legislaci\u00f3n laboral plantea que para su firma se necesita la mitad  m\u00e1s uno de los empleados de la empresa, que por lo general el empleador frustra a trav\u00e9s de maniobras.<\/span><\/p>\n<\/p>\n<p><span class=\"text1noticias\">El l\u00edder sindical habl\u00f3 en esos t\u00e9rminos al pronunciar el discurso central del XVII Congreso Minerva Magdaleno, con el t\u00edtulo \u00abLa Auto reforma Sindical: Un Desaf\u00edo\u00bb, en el marco de su 42 aniversario.<\/span><\/p>\n<\/p>\n<p><span class=\"text1noticias\">Durante la actividad, que cont\u00f3 con la presencia de la ministra de Trabajo, doctora Maritza Hern\u00e1ndez, el ex vicepresidente de la Rep\u00fablica, Dr. Rafael Alburquerque, adem\u00e1s de l\u00edderes sindicales y una amplia representaci\u00f3n internacional, encabezada por Alexis Brandish,  embajador de Cuba en el pa\u00eds.<\/span><\/p>\n<\/p>\n<p><span class=\"text1noticias\">El XVII congreso tambi\u00e9n apoy\u00f3 que la direcci\u00f3n de la CNTD contin\u00fae  su lucha por la libertad sindical, derecho del trabajador a sindicalizarse consignado en la Constituci\u00f3n de la Rep\u00fablica y los convenios 87 y 98 de la Organizaci\u00f3n Internacional del Trabajo (OIT).<\/span><\/p>\n<\/p>\n<p><span class=\"text1noticias\">\u00abPlantemos, del mismo modo, modificar la cobertura y composici\u00f3n del Comit\u00e9 Nacional de Salarios para que sus decisiones no se limiten al salario m\u00ednimo y que los sueldos sean incrementados tomando en cuenta el \u00edndice de precios al consumidor, porque en la actualidad los aumentos a los sueldos se los traga la inflaci\u00f3n\u00bb, manifest\u00f3 Ramos.<\/span><\/p>\n<\/p>\n<p><span class=\"text1noticias\">En lo concerniente a la seguridad social, la central sindical explic\u00f3 que es partidaria de  que esa legislaci\u00f3n sea sometida a una reforma integral y no articulada, cuyos cambios sean solo del inter\u00e9s de del sector financiero, quien a su juicio, ha sido el gran beneficiario de dicha ley.<\/span><\/p>\n<\/p>\n<p><span class=\"text1noticias\">Al mismo tiempo, se\u00f1al\u00f3 que tambi\u00e9n sugerir\u00e1 cambios en el proceder y la manera de manejarse de las administradoras de riesgos de salud, as\u00ed como sobre los porcentajes que ganan las administradoras de fondos de pensiones y sobre el uso de esos recursos.<\/span><\/p>\n<\/p>\n<p><span class=\"text1noticias\">En el congreso se aprobaron varias resoluciones sobre la realidad econ\u00f3mica, social y laboral;  se acord\u00f3, como l\u00ednea estrat\u00e9gica la auto reforma sindical, una iniciativa de las centrales Sindical Internacional y de Las Am\u00e9ricas, a las que est\u00e1 afiliada la CNTD y que propugna cambios estructurales en la organizaci\u00f3n sindical.<\/span><\/p>\n<\/p>\n<p><span class=\"text1noticias\">Se explic\u00f3 que el objetivo es promover una nueva cultura sindical que sea m\u00e1s vinculante con la sociedad, mediante una pr\u00e1ctica gremial totalmente diferente a la que se ha estado desarrollando en los \u00faltimos veinte a\u00f1os el pa\u00eds. <\/span><\/p>\n<\/p>\n<p><span class=\"text1noticias\">En el evento participaron unos 1,500 delegados, afiliados en sindicatos, federaciones, y asociaciones. Se aprobaron planes reivindicativos y program\u00e1ticos y se escogieron  las nuevas directivas de la entidad.<\/span><\/p>\n<\/p>\n<p><span class=\"text1noticias\">Tuvo como tema \u00abLa Auto-reforma Sindical: Un desaf\u00edo\u00bb, y estuvo dedicado a la memoria de la fallecida dirigente de las enfermeras Minerva Magdaleno, definida como una luchadora tenaz. <\/span><\/p>\n<\/p>\n<p><span class=\"text1noticias\">El congreso se realiza cada tres a\u00f1os y el mismo tiene como objetivo fundamental reafirmar el compromiso de lucha a favor de los trabajadores, visualizar una sociedad m\u00e1s justa, con un modelo de desarrollo menos excluyente y que el estado de derecho que existe en el pa\u00eds se garantice  a trav\u00e9s de la libertad sindical y renovar las autoridades del gremio.<\/span><\/p>\n<\/p>\n<p><span class=\"text1noticias\">La CNTD fue fundada el 14 de noviembre del a\u00f1o 1971, cuenta con 42 a\u00f1os de participaci\u00f3n relevante en la defensa de los intereses de los trabajadores, ha promovido la unidad de acci\u00f3n  con las dem\u00e1s centrales sindicales,  promotora  del di\u00e1logo y la concertaci\u00f3n con diferentes sectores de la sociedad.(HG)<\/span>.      <\/p>\n<\/p>\n<h6> 2013-11-30 19:08:48 <\/h6>\n<p><!--\n<link rel=\"stylesheet\" href=\"css\/bootstrap.min.css\">\n\n\n<ul class=\"pagination\">\n\t    \n\t\n\n<li >\n\t<a href='?page_no=14212'>Previous<\/a>\n\t<\/li>\n\n\n       \n    \n\n<li><a href='?page_no=1'>1<\/a><\/li>\n\n\n\n<li><a href='?page_no=2'>2<\/a><\/li>\n\n\n\n<li><a>...<\/a><\/li>\n\n\n\n<li><a href='?page_no=14211'>14211<\/a><\/li>\n\n\n\n<li><a href='?page_no=14212'>14212<\/a><\/li>\n\n\n\n<li class='active'><a>14213<\/a><\/li>\n\n\n\n<li><a href='?page_no=14214'>14214<\/a><\/li>\n\n\n\n<li><a href='?page_no=14215'>14215<\/a><\/li>\n\n\n\n<li><a>...<\/a><\/li>\n\n\n\n<li><a href='?page_no=30472'>30472<\/a><\/li>\n\n\n\n<li><a href='?page_no=30473'>30473<\/a><\/li>\n\n    \n\t\n\n<li >\n\t<a href='?page_no=14214'>Next<\/a>\n\t<\/li>\n\n\n    \n\n<li><a href='?page_no=30473'>Last &rsaquo;&rsaquo;<\/a><\/li>\n\n<\/ul>\n\n\n--><br \/>\n<\/body><\/p>\n","protected":false},"excerpt":{"rendered":"<p>Santo Domingo, RD, 30 de Noviembre.-La Confederaci\u00f3n Nacional de Trabajadores Dominicanos (CNTD), propuso al gobierno incluir en sus estrategias la firma de un pacto por el empleo decente con las centrales sindicales, empresarios y grupos representativos de la sociedad civil, a los fines mejorar las condiciones de vida de los trabajadores. Resalt\u00f3 que son cada [&hellip;]<\/p>\n","protected":false},"author":3,"featured_media":0,"comment_status":"open","ping_status":"open","sticky":false,"template":"","format":"standard","meta":{"footnotes":""},"categories":[18],"tags":[],"class_list":["post-98680","post","type-post","status-publish","format-standard","hentry","category-economia"],"_links":{"self":[{"href":"https:\/\/diariodominicano.com\/index.php?rest_route=\/wp\/v2\/posts\/98680","targetHints":{"allow":["GET"]}}],"collection":[{"href":"https:\/\/diariodominicano.com\/index.php?rest_route=\/wp\/v2\/posts"}],"about":[{"href":"https:\/\/diariodominicano.com\/index.php?rest_route=\/wp\/v2\/types\/post"}],"author":[{"embeddable":true,"href":"https:\/\/diariodominicano.com\/index.php?rest_route=\/wp\/v2\/users\/3"}],"replies":[{"embeddable":true,"href":"https:\/\/diariodominicano.com\/index.php?rest_route=%2Fwp%2Fv2%2Fcomments&post=98680"}],"version-history":[{"count":0,"href":"https:\/\/diariodominicano.com\/index.php?rest_route=\/wp\/v2\/posts\/98680\/revisions"}],"wp:attachment":[{"href":"https:\/\/diariodominicano.com\/index.php?rest_route=%2Fwp%2Fv2%2Fmedia&parent=98680"}],"wp:term":[{"taxonomy":"category","embeddable":true,"href":"https:\/\/diariodominicano.com\/index.php?rest_route=%2Fwp%2Fv2%2Fcategories&post=98680"},{"taxonomy":"post_tag","embeddable":true,"href":"https:\/\/diariodominicano.com\/index.php?rest_route=%2Fwp%2Fv2%2Ftags&post=98680"}],"curies":[{"name":"wp","href":"https:\/\/api.w.org\/{rel}","templated":true}]}}