{"id":98679,"date":"2013-12-01T03:10:06","date_gmt":"2013-12-01T03:10:06","guid":{"rendered":"http:\/\/diariodominicano.ddns.net\/?p=98679"},"modified":"2013-12-01T03:10:06","modified_gmt":"2013-12-01T03:10:06","slug":"productores-piden-ayuda-oficial-para-incrementar-exportacion-de-aceites-esenciales","status":"publish","type":"post","link":"https:\/\/diariodominicano.com\/?p=98679","title":{"rendered":"Productores piden ayuda oficial para incrementar exportaci\u00f3n de aceites esenciales"},"content":{"rendered":"<p><body><\/p>\n<p><img decoding=\"async\" src=\"img3\/temo3011.jpg\" \/><br \/><img decoding=\"async\" src=\"img3\/temo00023011.jpg\" \/>  <\/p>\n<\/p>\n<p><span class=\"text1noticias\">MOCA, 30 de Noviembre.-  El Ministro de Econom\u00eda, Planificaci\u00f3n y Desarrollo, Tem\u00edstocles Mont\u00e1s, garantiz\u00f3 este s\u00e1bado que el gobierno dar\u00e1 su respaldo a los productores  nacionales de aceites esenciales, producto de gran demanda en la industria farmac\u00e9utica y de perfume.<\/span><\/p>\n<\/p>\n<p><span class=\"text1noticias\">Mont\u00e1s ofreci\u00f3 la garant\u00eda durante un encuentro con la directiva de la Cooperativa de Productos Org\u00e1nicos Dominicanos, en esta ciudad, donde se le inform\u00f3 que de esta actividad dependen 1,200 familias en todo el pa\u00eds.<\/span><\/p>\n<\/p>\n<p><span class=\"text1noticias\"> Previo a las promesas de Mont\u00e1s, la directiva de la Cooperativa le solicit\u00f3 al gobierno dominicano un pr\u00e9stamo por 150 millones de d\u00f3lares, pagables a un m\u00ednimo de 20 a\u00f1os, a un 5 por ciento de inter\u00e9s.  <\/span><\/p>\n<p><span class=\"text1noticias\">Pedro Compr\u00e9s, presidente de la Cooperativa, inform\u00f3 que tienen en todo el territorio dominicano m\u00e1s de 4 mil tareas de una planta que produce un aceite que actualmente tiene mucha demanda en la industria farmac\u00e9utica y de perfumes. <\/span><\/p>\n<\/p>\n<p><span class=\"text1noticias\">Se\u00f1al\u00f3 que si logran el respaldo del Gobierno podr\u00e1n exportar 67 millones de d\u00f3lares al a\u00f1o en aceites ese esenciales.<\/span><\/p>\n<\/p>\n<p><span class=\"text1noticias\">Mont\u00e1s dijo que en todo el mundo la industria del perfume es primordial, \u00aby desde que usted   va a un pa\u00eds lo primero que ve es una tienda de estos productos\u00bb.<\/span><\/p>\n<\/p>\n<p><span class=\"text1noticias\">Explic\u00f3 que Hait\u00ed compra plantas que producen aceites esenciales y lo vende como productos de fabricaci\u00f3n haitianos.<\/span><\/p>\n<\/p>\n<p><span class=\"text1noticias\">El ministro asegur\u00f3 que gestionar\u00e1 la ayuda porque a estos productores porque la producci\u00f3n crea riqueza, con lo cual crece la econom\u00eda, genera divisas y se combate la pobreza.<\/span><\/p>\n<\/p>\n<p><span class=\"text1noticias\">Afirm\u00f3 que esta es una industria muy prometedora para Rep\u00fablica Dominicana, por lo que gestionar\u00e1 la cooperaci\u00f3n internacional para los productores de aceites esenciales locales.<\/span><\/p>\n<\/p>\n<\/p>\n<\/p>\n<h6> 2013-12-01 03:10:06 <\/h6>\n<p><!--\n<link rel=\"stylesheet\" href=\"css\/bootstrap.min.css\">\n\n\n<ul class=\"pagination\">\n\t    \n\t\n\n<li >\n\t<a href='?page_no=14211'>Previous<\/a>\n\t<\/li>\n\n\n       \n    \n\n<li><a href='?page_no=1'>1<\/a><\/li>\n\n\n\n<li><a href='?page_no=2'>2<\/a><\/li>\n\n\n\n<li><a>...<\/a><\/li>\n\n\n\n<li><a href='?page_no=14210'>14210<\/a><\/li>\n\n\n\n<li><a href='?page_no=14211'>14211<\/a><\/li>\n\n\n\n<li class='active'><a>14212<\/a><\/li>\n\n\n\n<li><a href='?page_no=14213'>14213<\/a><\/li>\n\n\n\n<li><a href='?page_no=14214'>14214<\/a><\/li>\n\n\n\n<li><a>...<\/a><\/li>\n\n\n\n<li><a href='?page_no=30472'>30472<\/a><\/li>\n\n\n\n<li><a href='?page_no=30473'>30473<\/a><\/li>\n\n    \n\t\n\n<li >\n\t<a href='?page_no=14213'>Next<\/a>\n\t<\/li>\n\n\n    \n\n<li><a href='?page_no=30473'>Last &rsaquo;&rsaquo;<\/a><\/li>\n\n<\/ul>\n\n\n--><br \/>\n<\/body><\/p>\n","protected":false},"excerpt":{"rendered":"<p>MOCA, 30 de Noviembre.- El Ministro de Econom\u00eda, Planificaci\u00f3n y Desarrollo, Tem\u00edstocles Mont\u00e1s, garantiz\u00f3 este s\u00e1bado que el gobierno dar\u00e1 su respaldo a los productores nacionales de aceites esenciales, producto de gran demanda en la industria farmac\u00e9utica y de perfume. Mont\u00e1s ofreci\u00f3 la garant\u00eda durante un encuentro con la directiva de la Cooperativa de Productos [&hellip;]<\/p>\n","protected":false},"author":3,"featured_media":0,"comment_status":"open","ping_status":"open","sticky":false,"template":"","format":"standard","meta":{"footnotes":""},"categories":[18],"tags":[],"class_list":["post-98679","post","type-post","status-publish","format-standard","hentry","category-economia"],"_links":{"self":[{"href":"https:\/\/diariodominicano.com\/index.php?rest_route=\/wp\/v2\/posts\/98679","targetHints":{"allow":["GET"]}}],"collection":[{"href":"https:\/\/diariodominicano.com\/index.php?rest_route=\/wp\/v2\/posts"}],"about":[{"href":"https:\/\/diariodominicano.com\/index.php?rest_route=\/wp\/v2\/types\/post"}],"author":[{"embeddable":true,"href":"https:\/\/diariodominicano.com\/index.php?rest_route=\/wp\/v2\/users\/3"}],"replies":[{"embeddable":true,"href":"https:\/\/diariodominicano.com\/index.php?rest_route=%2Fwp%2Fv2%2Fcomments&post=98679"}],"version-history":[{"count":0,"href":"https:\/\/diariodominicano.com\/index.php?rest_route=\/wp\/v2\/posts\/98679\/revisions"}],"wp:attachment":[{"href":"https:\/\/diariodominicano.com\/index.php?rest_route=%2Fwp%2Fv2%2Fmedia&parent=98679"}],"wp:term":[{"taxonomy":"category","embeddable":true,"href":"https:\/\/diariodominicano.com\/index.php?rest_route=%2Fwp%2Fv2%2Fcategories&post=98679"},{"taxonomy":"post_tag","embeddable":true,"href":"https:\/\/diariodominicano.com\/index.php?rest_route=%2Fwp%2Fv2%2Ftags&post=98679"}],"curies":[{"name":"wp","href":"https:\/\/api.w.org\/{rel}","templated":true}]}}