{"id":98678,"date":"2013-12-01T12:55:20","date_gmt":"2013-12-01T12:55:20","guid":{"rendered":"http:\/\/diariodominicano.ddns.net\/?p=98678"},"modified":"2013-12-01T12:55:20","modified_gmt":"2013-12-01T12:55:20","slug":"cuba-ratifica-apoyo-a-lucha-de-trabajadores-dominicanos","status":"publish","type":"post","link":"https:\/\/diariodominicano.com\/?p=98678","title":{"rendered":"&#13;Cuba ratifica apoyo a lucha de trabajadores dominicanos"},"content":{"rendered":"<p><body><\/p>\n<p><span class=\"text1noticias\">Santo Domingo, RD,1 de Diciembre (PL) Cuba reiter\u00f3 aqu\u00ed su apoyo a favor de las causas justas del movimiento sindical de Rep\u00fablica Dominicana, principalmente la defensa de los derechos de los obreros.<\/span><\/p>\n<\/p>\n<p><span class=\"text1noticias\">Al intervenir en el XVII Congreso Ordinario de la Confederaci\u00f3n Nacional de Trabajadores Dominicanos, el embajador cubano, Alexis Bandrich, dese\u00f3 que las propuestas del encuentro ayuden al desarrollo de la organizaci\u00f3n, de 42 a\u00f1os de vida.<\/span><\/p>\n<\/p>\n<p><span class=\"text1noticias\">En el Palacio de los Deportes del Centro Ol\u00edmpico, sede del evento, el diplom\u00e1tico ley\u00f3 un saludo solidario y fraternal de la Central de Trabajadores de Cuba (CTC) a prop\u00f3sito de esta reuni\u00f3n con centenares de delegados.<\/span><\/p>\n<\/p>\n<p><span class=\"text1noticias\">Bandrich agradeci\u00f3 el respaldo dominicano a la lucha por poner fin al bloqueo econ\u00f3mico, comercial y financiero impuesto por Estados Unidos a su pa\u00eds hace m\u00e1s de medio siglo.<\/span><\/p>\n<\/p>\n<p><span class=\"text1noticias\">Asimismo, reconoci\u00f3 la solidaridad con la causa de los cinco cubanos antiterroristas condenados en Estados Unidos tras su detenci\u00f3n el 12 de septiembre de 1998 cuando daban seguimiento a las acciones de grupos criminales anticubanos asentados en Florida.<\/span><\/p>\n<\/p>\n<p><span class=\"text1noticias\">Todav\u00eda est\u00e1n encarcelados Gerardo Hern\u00e1ndez, Ram\u00f3n Laba\u00f1ino, Fernando Gonz\u00e1lez y Antonio Guerrero, mientras que Ren\u00e9 Gonz\u00e1lez regres\u00f3 definitivamente a Cuba en abril pasado tras cumplir su sentencia.<\/span><\/p>\n<\/p>\n<p><span class=\"text1noticias\">Ante la ministra dominicana de Trabajo, Maritza Hern\u00e1ndez, el exvicepresidente Rafael Albuquerque e invitados de Panam\u00e1 y Brasil, el embajador cubano se refiri\u00f3 adem\u00e1s a la actualizaci\u00f3n del modelo econ\u00f3mico y social en esa isla caribe\u00f1a. Coment\u00f3 sobre los preparativos del XX Congreso de la CTC en febrero de 2014 y los debates a nivel de base acerca del anteproyecto del nuevo C\u00f3digo de Trabajo.(HG)<\/span>.<\/p>\n<h6> 2013-12-01 12:55:20 <\/h6>\n<p><!--\n<link rel=\"stylesheet\" href=\"css\/bootstrap.min.css\">\n\n\n<ul class=\"pagination\">\n\t    \n\t\n\n<li >\n\t<a href='?page_no=14210'>Previous<\/a>\n\t<\/li>\n\n\n       \n    \n\n<li><a href='?page_no=1'>1<\/a><\/li>\n\n\n\n<li><a href='?page_no=2'>2<\/a><\/li>\n\n\n\n<li><a>...<\/a><\/li>\n\n\n\n<li><a href='?page_no=14209'>14209<\/a><\/li>\n\n\n\n<li><a href='?page_no=14210'>14210<\/a><\/li>\n\n\n\n<li class='active'><a>14211<\/a><\/li>\n\n\n\n<li><a href='?page_no=14212'>14212<\/a><\/li>\n\n\n\n<li><a href='?page_no=14213'>14213<\/a><\/li>\n\n\n\n<li><a>...<\/a><\/li>\n\n\n\n<li><a href='?page_no=30472'>30472<\/a><\/li>\n\n\n\n<li><a href='?page_no=30473'>30473<\/a><\/li>\n\n    \n\t\n\n<li >\n\t<a href='?page_no=14212'>Next<\/a>\n\t<\/li>\n\n\n    \n\n<li><a href='?page_no=30473'>Last &rsaquo;&rsaquo;<\/a><\/li>\n\n<\/ul>\n\n\n--><br \/>\n<\/body><\/p>\n","protected":false},"excerpt":{"rendered":"<p>Santo Domingo, RD,1 de Diciembre (PL) Cuba reiter\u00f3 aqu\u00ed su apoyo a favor de las causas justas del movimiento sindical de Rep\u00fablica Dominicana, principalmente la defensa de los derechos de los obreros. Al intervenir en el XVII Congreso Ordinario de la Confederaci\u00f3n Nacional de Trabajadores Dominicanos, el embajador cubano, Alexis Bandrich, dese\u00f3 que las propuestas [&hellip;]<\/p>\n","protected":false},"author":3,"featured_media":0,"comment_status":"open","ping_status":"open","sticky":false,"template":"","format":"standard","meta":{"footnotes":""},"categories":[18],"tags":[],"class_list":["post-98678","post","type-post","status-publish","format-standard","hentry","category-economia"],"_links":{"self":[{"href":"https:\/\/diariodominicano.com\/index.php?rest_route=\/wp\/v2\/posts\/98678","targetHints":{"allow":["GET"]}}],"collection":[{"href":"https:\/\/diariodominicano.com\/index.php?rest_route=\/wp\/v2\/posts"}],"about":[{"href":"https:\/\/diariodominicano.com\/index.php?rest_route=\/wp\/v2\/types\/post"}],"author":[{"embeddable":true,"href":"https:\/\/diariodominicano.com\/index.php?rest_route=\/wp\/v2\/users\/3"}],"replies":[{"embeddable":true,"href":"https:\/\/diariodominicano.com\/index.php?rest_route=%2Fwp%2Fv2%2Fcomments&post=98678"}],"version-history":[{"count":0,"href":"https:\/\/diariodominicano.com\/index.php?rest_route=\/wp\/v2\/posts\/98678\/revisions"}],"wp:attachment":[{"href":"https:\/\/diariodominicano.com\/index.php?rest_route=%2Fwp%2Fv2%2Fmedia&parent=98678"}],"wp:term":[{"taxonomy":"category","embeddable":true,"href":"https:\/\/diariodominicano.com\/index.php?rest_route=%2Fwp%2Fv2%2Fcategories&post=98678"},{"taxonomy":"post_tag","embeddable":true,"href":"https:\/\/diariodominicano.com\/index.php?rest_route=%2Fwp%2Fv2%2Ftags&post=98678"}],"curies":[{"name":"wp","href":"https:\/\/api.w.org\/{rel}","templated":true}]}}